{"id":77050,"date":"2022-09-08T22:20:22","date_gmt":"2022-09-08T22:20:22","guid":{"rendered":"https:\/\/www.cordoba.gob.ar\/?p=33191"},"modified":"2022-09-08T22:20:22","modified_gmt":"2022-09-08T22:20:22","slug":"colectividades-en-tu-barrio-por-primera-vez-expondran-su-cultura-y-tradiciones-en-distintos-barrios-de-la-ciudad","status":"publish","type":"post","link":"http:\/\/cordobadirecto.com\/index.php\/2022\/09\/08\/colectividades-en-tu-barrio-por-primera-vez-expondran-su-cultura-y-tradiciones-en-distintos-barrios-de-la-ciudad\/","title":{"rendered":"\u201cColectividades en tu Barrio\u201d: por primera vez expondr\u00e1n su cultura y tradiciones en distintos barrios de la ciudad"},"content":{"rendered":"<div><img src=\"http:\/\/cordobadirecto.com\/wp-content\/uploads\/2022\/09\/colectividades-en-tu-barrio-por-primera-vez-expondran-su-cultura-y-tradiciones-en-distintos-barrios-de-la-ciudad-1.jpg\" class=\"ff-og-image-inserted\"><\/div>\n<p><strong>\u2022 Se trata de una serie de celebraciones, abiertas a todo p\u00fablico y gratuitas, que se llevar\u00e1n a cabo en diferentes barrios de la ciudad, durante algunos fines de semana de setiembre y octubre.<\/strong><br \/><strong>\u2022 Proponen desde shows de m\u00fasica y baile hasta platos t\u00edpicos para dar a conocer las tradiciones de las distintas colectividades que conviven en nuestra ciudad<\/strong><br \/><strong>\u2022 La primera jornada se llevar\u00e1 a cabo el s\u00e1bado 10 a partir de las 12 y hasta las 18 horas en la sede de la Colectividad Hel\u00e9nica de C\u00f3rdoba ubicada en barrio Alberdi.<\/strong><\/p>\n<hr>\n<p>La Municipalidad de C\u00f3rdoba, junto a la Direcci\u00f3n de Acompa\u00f1amiento y Apoyo al Inmigrante, dependiente de la Secretar\u00eda de Planeamiento, Modernizaci\u00f3n y Relaciones Internacionales, y a las colectividades y agrupaciones de inmigrantes de C\u00f3rdoba, invita a la ciudadan\u00eda a participar de la primera fiesta de \u201cColectividades en tu Barrio\u201d.<\/p>\n<p>Esta fiesta, instaurada por la actual gesti\u00f3n del intendente Llaryora, busca reconocer el car\u00e1cter multicultural y la importancia del conjunto cultural de la ciudad, donde las diferentes colectividades tienen una gran incidencia.<\/p>\n<p>Alejandra Torres, Secretaria de Planeamiento, Modernizaci\u00f3n y Relaciones Internacionales de la Municipalidad de C\u00f3rdoba afirma: \u201c<em>Desde el inicio de la gesti\u00f3n hemos escuchado a los migrantes, este municipio ha sabido entender y captar las necesidades y este programa de celebraciones que bautizamos \u00b4Colectividades en tu barrio\u2019, surge como respuesta para visibilizar la interculturalidad que tanto nos enriquece, y que nos caracteriza como ciudad<\/em>\u201d.<\/p>\n<p>En el marco de estos festejos, por primera vez en la ciudad, se llevar\u00e1n a cabo diferentes celebraciones en distintos barrios de la ciudad, durante algunos fines de semana de septiembre y octubre.<\/p>\n<p>De este modo, cada colectividad podr\u00e1 mostrar su arte, su historia, su gastronom\u00eda y otros rasgos de identidad, como tambi\u00e9n dar a conocer el lugar d\u00f3nde se encuentra su sede o lugar de encuentro.<\/p>\n<p>Se ofrecer\u00e1n shows y platos t\u00edpicos de las colectividades protagonistas, con porciones de comidas que van desde los 300 pesos, los que podr\u00e1n ser consumidos en el lugar o llevar.<\/p>\n<p>La primera jornada de fiesta ser\u00e1 este s\u00e1bado 10 en Alberdi. Desde las 12 y hasta las 18 horas la ciudadan\u00eda cordobesa, visitantes y turistas podr\u00e1n acercarse a la Sede de la Colectividad Hel\u00e9nica de C\u00f3rdoba, sobre calle Santa Rosa al 1100.<\/p>\n<p>En este caso, las agrupaciones anfitrionas ser\u00e1n la Colectividad Hel\u00e9nica de C\u00f3rdoba, la Asociaci\u00f3n Familia Siciliana, el Centro Vasco de C\u00f3rdoba y la Comunidad Lituana.<\/p>\n<p>Todos ellos ofrecer\u00e1n platos t\u00edpicos como paella vasca; pizzas, arangini de Sicilia; y picadas griegas. Tambi\u00e9n habr\u00e1 platos dulces tradicionales.<\/p>\n<p>Habr\u00e1 bailes t\u00edpicos griegos, sicilianos y lituanos y desde el Pa\u00eds Vasco se ofrecer\u00e1 un streaming con diferentes espect\u00e1culos.<\/p>\n<p>Toda la jornada estar\u00e1 animada y musicalizada con diferentes shows como Tsamiko (Chamico), Pentozalli De Kos de Grecia, Reginella Campagnola, Teresina Embriaguna, Tarantela De La Pandereta, Pulcinella de Sicilia.<\/p>\n<p>Tambi\u00e9n \u0160velnumas, Nenuleisk Akiu, Paskutini Sekmadeni de Liuania y un espect\u00e1culo de folklore argentino.<\/p>\n<p><strong>C\u00f3mo surge \u201cCelebraciones de Colectividades en tu barrio\u201d<\/strong><\/p>\n<p>Desde la Municipalidad, a trav\u00e9s de la Direcci\u00f3n de Acompa\u00f1amiento y Apoyo al Inmigrante, se vienen realizando diferentes acciones para apoyar las colectividades y agrupaciones que atraviesan diversas dificultades para sostener sus sedes y espacios.<\/p>\n<p>La pandemia hizo estragos en las colectividades. Muchas tuvieron que cerrar sus puertas y suspender durante casi dos a\u00f1os las distintas actividades que se desarrollaban hist\u00f3ricamente y que ten\u00edan como objetivo la difusi\u00f3n de la cultura, gastronom\u00eda y tradiciones.<\/p>\n<p>A\u00fan, cuando comenzaron las aperturas de los espacios cerrados, las personas mayores no se animaban a volver a concurrir a estas sedes.<\/p>\n<p>Nicol\u00e1s Kontos, director de Acompa\u00f1amiento y Apoyo al Inmigrante expres\u00f3: \u201c La idea de \u201cColectividades en tu Barrio\u201d tiene la impronta de mostrar en la calle, de compartir con los vecinos, en una mesa, frente a un escenario, todas esas tradiciones que forjaron la identidad barrial y que hoy se constituyen como la continuidad del legado, que aquellos inmigrantes que llegaron a la ciudad de C\u00f3rdoba y sembraron para la posteridad, para las generaciones que hoy viven y crecen en nuestra ciudad, en nuestros barrios\u201d.<\/p>\n<p>Y a\u00f1adi\u00f3 \u201cColectividades en tu barrio busca que los vecinos vivan las distintas culturas que ti\u00f1en nuestra C\u00f3rdoba, y disfruten de propuestas diferentes, ah\u00ed, en su lugar\u201d.<\/p>\n<p><strong>Cronograma de pr\u00f3ximas celebraciones barriales:<\/strong><\/p>\n<p>Domingo 18 de septiembre, de 12 a 18 horas<br \/>\u2013 Lugar: Catedral Greco-Melkita San Jorge, Corrientes al 200.<br \/>\u2013 Participan: Sociedad \u00c1rabe Musulmana, Sociedad Sirio Libanesa, Catedral Greco Melkita San Jorge, Fundaci\u00f3n Ateneo Cultural Sirio Liban\u00e9s, Arzobispado Siriano Ortodoxo de Antioqu\u00eda (Arq. De Argentina) \u2013 Comisi\u00f3n Parroquial de San Jorge.<\/p>\n<p>S\u00e1bado 1 de octubre, de 12 a 18 horas<br \/>\u2013 Lugar: Eufrasio Loza al 900<br \/>\u2013 Participan: Colectividad Armenia de C\u00f3rdoba, Asociaci\u00f3n Polaca de C\u00f3rdoba, Asociaci\u00f3n Nueva Polonia.<\/p>\n<p>Domingo 23 de octubre, de 12 a 18 horas<br \/>\u2013 Lugar: Plaza Alberdi (frente a Casa de Espa\u00f1a)<br \/>\u2013 Participan: Casa de Espa\u00f1a, Casa de Galicia, Centro Murciano, Centro Valenciano, Centro Andaluz.<\/p>\n","protected":false},"excerpt":{"rendered":"<p>\u2022 Se trata de una serie de celebraciones, abiertas a todo p\u00fablico y gratuitas, que se llevar\u00e1n a cabo en diferentes barrios de la ciudad, durante algunos fines de semana de setiembre y octubre.\u2022 Proponen desde shows de m\u00fasica y baile hasta platos t\u00edpicos para dar a conocer las tradiciones de las distintas colectividades que [&hellip;]<\/p>\n","protected":false},"author":1,"featured_media":77051,"comment_status":"closed","ping_status":"closed","sticky":false,"template":"","format":"standard","meta":[],"categories":[44],"tags":[],"_links":{"self":[{"href":"http:\/\/cordobadirecto.com\/index.php\/wp-json\/wp\/v2\/posts\/77050"}],"collection":[{"href":"http:\/\/cordobadirecto.com\/index.php\/wp-json\/wp\/v2\/posts"}],"about":[{"href":"http:\/\/cordobadirecto.com\/index.php\/wp-json\/wp\/v2\/types\/post"}],"author":[{"embeddable":true,"href":"http:\/\/cordobadirecto.com\/index.php\/wp-json\/wp\/v2\/users\/1"}],"replies":[{"embeddable":true,"href":"http:\/\/cordobadirecto.com\/index.php\/wp-json\/wp\/v2\/comments?post=77050"}],"version-history":[{"count":0,"href":"http:\/\/cordobadirecto.com\/index.php\/wp-json\/wp\/v2\/posts\/77050\/revisions"}],"wp:featuredmedia":[{"embeddable":true,"href":"http:\/\/cordobadirecto.com\/index.php\/wp-json\/wp\/v2\/media\/77051"}],"wp:attachment":[{"href":"http:\/\/cordobadirecto.com\/index.php\/wp-json\/wp\/v2\/media?parent=77050"}],"wp:term":[{"taxonomy":"category","embeddable":true,"href":"http:\/\/cordobadirecto.com\/index.php\/wp-json\/wp\/v2\/categories?post=77050"},{"taxonomy":"post_tag","embeddable":true,"href":"http:\/\/cordobadirecto.com\/index.php\/wp-json\/wp\/v2\/tags?post=77050"}],"curies":[{"name":"wp","href":"https:\/\/api.w.org\/{rel}","templated":true}]}}