{"id":77083,"date":"2022-09-08T17:51:04","date_gmt":"2022-09-08T17:51:04","guid":{"rendered":"https:\/\/www.bbc.com\/mundo\/noticias-internacional-37674954"},"modified":"2022-09-08T17:51:04","modified_gmt":"2022-09-08T17:51:04","slug":"muere-isabel-ii-la-monarca-que-no-estaba-destinada-a-reinar-y-termino-haciendolo-por-7-decadas","status":"publish","type":"post","link":"http:\/\/cordobadirecto.com\/index.php\/2022\/09\/08\/muere-isabel-ii-la-monarca-que-no-estaba-destinada-a-reinar-y-termino-haciendolo-por-7-decadas\/","title":{"rendered":"Muere Isabel II, la monarca que no estaba destinada a reinar y termin\u00f3 haci\u00e9ndolo por 7 d\u00e9cadas"},"content":{"rendered":"<div dir=\"ltr\" class=\"e1j2237y6 bbc-q4ibpr ebmt73l0\">\n<div class=\"bbc-1atl7vu euvj3t14\">\n<ul role=\"list\" class=\"bbc-k0l9bd euvj3t12\">\n<li role=\"listitem\" class=\"bbc-1a3w4ok euvj3t11\">Redacci\u00f3n <\/li>\n<li role=\"listitem\" class=\"bbc-1p92jtu euvj3t10\">BBC Mundo<\/li>\n<\/ul>\n<\/div>\n<\/div>\n<p><time datetime=\"2022-09-08\" class=\"bbc-1dafq0j e1mklfmt0\">8 horas<\/time><\/p>\n<div dir=\"ltr\" class=\"bbc-1ka88fa ebmt73l0\">\n<figure class=\"bbc-1qdcvv9 e1aczekt0\">\n<div dir=\"ltr\" class=\"bbc-172p16q ebmt73l0\">\n<div dir=\"ltr\" class=\"bbc-189y18v ebmt73l0\" readability=\"6.5\">\n<div data-e2e=\"image-placeholder\" class=\"bbc-997y1y eihqrxw0\" readability=\"8\"><picture class=\"bbc-yfiktt e1mo64ex1\"><source srcset=\"https:\/\/ichef.bbci.co.uk\/news\/240\/cpsprodpb\/B94A\/production\/_126643474_queenelizabeth-chrislevine-index-nc.jpg.webp 240w, https:\/\/ichef.bbci.co.uk\/news\/320\/cpsprodpb\/B94A\/production\/_126643474_queenelizabeth-chrislevine-index-nc.jpg.webp 320w, https:\/\/ichef.bbci.co.uk\/news\/480\/cpsprodpb\/B94A\/production\/_126643474_queenelizabeth-chrislevine-index-nc.jpg.webp 480w, https:\/\/ichef.bbci.co.uk\/news\/624\/cpsprodpb\/B94A\/production\/_126643474_queenelizabeth-chrislevine-index-nc.jpg.webp 624w, https:\/\/ichef.bbci.co.uk\/news\/800\/cpsprodpb\/B94A\/production\/_126643474_queenelizabeth-chrislevine-index-nc.jpg.webp 800w\" type=\"image\/webp\" sizes=\"(min-width: 1008px) 645px, 100vw\"><source srcset=\"https:\/\/ichef.bbci.co.uk\/news\/240\/cpsprodpb\/B94A\/production\/_126643474_queenelizabeth-chrislevine-index-nc.jpg 240w, https:\/\/ichef.bbci.co.uk\/news\/320\/cpsprodpb\/B94A\/production\/_126643474_queenelizabeth-chrislevine-index-nc.jpg 320w, https:\/\/ichef.bbci.co.uk\/news\/480\/cpsprodpb\/B94A\/production\/_126643474_queenelizabeth-chrislevine-index-nc.jpg 480w, https:\/\/ichef.bbci.co.uk\/news\/624\/cpsprodpb\/B94A\/production\/_126643474_queenelizabeth-chrislevine-index-nc.jpg 624w, https:\/\/ichef.bbci.co.uk\/news\/800\/cpsprodpb\/B94A\/production\/_126643474_queenelizabeth-chrislevine-index-nc.jpg 800w\" type=\"image\/jpeg\" sizes=\"(min-width: 1008px) 645px, 100vw\"><img loading=\"lazy\" src=\"http:\/\/cordobadirecto.com\/wp-content\/uploads\/2022\/09\/muere-isabel-ii-la-monarca-que-no-estaba-destinada-a-reinar-y-termino-haciendolo-por-7-decadas.jpg\" alt=\"Equanimity \/ Queen Elizabeth II by Chris Levine (artist), Rob Munday (holographer) \u00a9 Jersey Heritage Trust 2004\" width=\"976\" height=\"549\" class=\"e3vrtyk0 bbc-rb7xa0 e1mo64ex0\"><\/picture>\n<p role=\"text\" class=\"bbc-1s1cxbv ewbcsnk0\"><span class=\"bbc-1gnhmg2 ed7bp6y0\">Fuente de la imagen, <\/span><span lang=\"en-GB\">Chris Levine\/ Jersey Heritage Trust <\/span><\/p>\n<\/div>\n<\/div>\n<\/div>\n<\/figure>\n<\/div>\n<div dir=\"ltr\" class=\"bbc-19j92fr ebmt73l0\" readability=\"8\">\n<p dir=\"ltr\" class=\"bbc-hhl7in e17g058b0\"><b>Las siete d<\/b><b>\u00e9cadas del <\/b><b>reinado de <\/b><b>Is<\/b><b>abel II estuv<\/b><b>ieron<\/b><b> marcad<\/b><b>as<\/b><b> por su fuerte sentido del deber y su determinaci\u00f3n <\/b><b>por<\/b><b> dedicar su vida al trono y a su pueblo.<\/b><\/p>\n<\/div>\n<div dir=\"ltr\" class=\"bbc-19j92fr ebmt73l0\" readability=\"11\">\n<p dir=\"ltr\" class=\"bbc-hhl7in e17g058b0\">Para muchos brit\u00e1nicos, la monarca fue el \u00fanico punto constante en un mundo que cambiaba r\u00e1pidamente a medida que la influencia de Reino Unido declinaba, la sociedad se transformaba y el papel de la monarqu\u00eda se pon\u00eda en entredicho.<\/p>\n<\/div>\n<div dir=\"ltr\" class=\"bbc-19j92fr ebmt73l0\" readability=\"8\">\n<p dir=\"ltr\" class=\"bbc-hhl7in e17g058b0\">Su \u00e9xito en el mantenimiento de la monarqu\u00eda en tiempos tan turbulentos fue a\u00fan m\u00e1s notable si se piensa que en el momento de su nacimiento el trono no era su destino.<\/p>\n<\/div>\n<div dir=\"ltr\" class=\"bbc-19j92fr ebmt73l0\" readability=\"12\">\n<p dir=\"ltr\" class=\"bbc-hhl7in e17g058b0\">Elizabeth Alexandra Mary Windsor naci\u00f3 el 21 de abril de 1926, pero como hija mayor de Alberto, el duque de York, y Elizabeth Bowes-Lyon, <b>no estaba en l\u00ednea <\/b><b>directa <\/b><b>para <\/b><b>convertirse en reina<\/b><b>.<\/b><\/p>\n<\/div>\n<div dir=\"ltr\" class=\"bbc-19j92fr ebmt73l0\" readability=\"9\">\n<p dir=\"ltr\" class=\"bbc-hhl7in e17g058b0\">Su padre era el segundo hijo del rey Jorge V. El heredero era el primog\u00e9nito David. En esos a\u00f1os, su sobrina Isabel so\u00f1aba con ser &#8220;una mujer de campo con muchos caballos y perros&#8221;.<\/p>\n<\/div>\n<div dir=\"ltr\" class=\"bbc-19j92fr ebmt73l0\" readability=\"7\">\n<p dir=\"ltr\" class=\"bbc-hhl7in e17g058b0\">Pero una historia de amor lo cambi\u00f3 todo.<\/p>\n<\/div>\n<p><h2 id=\"Heredera-inesperada-\" tabindex=\"-1\" class=\"bbc-1f03ibc eglt09e0\">Heredera inesperada <\/h2>\n<\/p>\n<div dir=\"ltr\" class=\"bbc-1ka88fa ebmt73l0\">\n<figure class=\"bbc-1qdcvv9 e1aczekt0\">\n<div dir=\"ltr\" class=\"bbc-172p16q ebmt73l0\">\n<div dir=\"ltr\" class=\"bbc-189y18v ebmt73l0\" readability=\"6.5\">\n<div data-e2e=\"image-placeholder\" class=\"bbc-997y1y eihqrxw0\" readability=\"8\"><noscript><picture class=\"bbc-yfiktt e1mo64ex1\"><source srcset=\"http:\/\/cordobadirecto.com\/wp-content\/uploads\/2022\/09\/muere-isabel-ii-la-monarca-que-no-estaba-destinada-a-reinar-y-termino-haciendolo-por-7-decadas.webp 240w, http:\/\/cordobadirecto.com\/wp-content\/uploads\/2022\/09\/muere-isabel-ii-la-monarca-que-no-estaba-destinada-a-reinar-y-termino-haciendolo-por-7-decadas-1.webp 320w, http:\/\/cordobadirecto.com\/wp-content\/uploads\/2022\/09\/muere-isabel-ii-la-monarca-que-no-estaba-destinada-a-reinar-y-termino-haciendolo-por-7-decadas-2.webp 480w, http:\/\/cordobadirecto.com\/wp-content\/uploads\/2022\/09\/muere-isabel-ii-la-monarca-que-no-estaba-destinada-a-reinar-y-termino-haciendolo-por-7-decadas-3.webp 624w, http:\/\/cordobadirecto.com\/wp-content\/uploads\/2022\/09\/muere-isabel-ii-la-monarca-que-no-estaba-destinada-a-reinar-y-termino-haciendolo-por-7-decadas-4.webp 800w\" type=\"image\/webp\" sizes=\"(min-width: 1008px) 645px, 100vw\"><source srcset=\"https:\/\/ichef.bbci.co.uk\/news\/240\/cpsprodpb\/2BB0\/production\/_91948111_gettyimages-487310391.jpg 240w, https:\/\/ichef.bbci.co.uk\/news\/320\/cpsprodpb\/2BB0\/production\/_91948111_gettyimages-487310391.jpg 320w, https:\/\/ichef.bbci.co.uk\/news\/480\/cpsprodpb\/2BB0\/production\/_91948111_gettyimages-487310391.jpg 480w, https:\/\/ichef.bbci.co.uk\/news\/624\/cpsprodpb\/2BB0\/production\/_91948111_gettyimages-487310391.jpg 624w, https:\/\/ichef.bbci.co.uk\/news\/800\/cpsprodpb\/2BB0\/production\/_91948111_gettyimages-487310391.jpg 800w\" type=\"image\/jpeg\" sizes=\"(min-width: 1008px) 645px, 100vw\"><img loading=\"lazy\" src=\"http:\/\/cordobadirecto.com\/wp-content\/uploads\/2022\/09\/muere-isabel-ii-la-monarca-que-no-estaba-destinada-a-reinar-y-termino-haciendolo-por-7-decadas-1.jpg\" alt=\"Reina Isabel II\" width=\"976\" height=\"549\" class=\"e3vrtyk0 bbc-rb7xa0 e1mo64ex0\"><\/picture><\/noscript><\/p>\n<p role=\"text\" class=\"bbc-1s1cxbv ewbcsnk0\"><span class=\"bbc-1gnhmg2 ed7bp6y0\">Fuente de la imagen, <\/span><span lang=\"en-GB\">Getty Images<\/span><\/p>\n<\/div>\n<\/div>\n<\/div>\n<\/figure>\n<\/div>\n<div dir=\"ltr\" class=\"bbc-19j92fr ebmt73l0\" readability=\"7\">\n<p dir=\"ltr\" class=\"bbc-hhl7in e17g058b0\">Cuando Jorge V muri\u00f3 en 1936 David lleg\u00f3 a trono como Eduardo VIII. <\/p>\n<\/div>\n<div dir=\"ltr\" class=\"bbc-19j92fr ebmt73l0\" readability=\"14\">\n<p dir=\"ltr\" class=\"bbc-hhl7in e17g058b0\">Sin embargo, la mujer que este eligi\u00f3 como esposa, la estadounidense <b>Wallis Simpson<\/b>, quien era divorciada, fue considerada inaceptable para la monarqu\u00eda por motivos pol\u00edticos y religiosos, lo que provoc\u00f3 una seria crisis en palacio. <\/p>\n<\/div>\n<div dir=\"ltr\" class=\"bbc-19j92fr ebmt73l0\" readability=\"11\">\n<p dir=\"ltr\" class=\"bbc-hhl7in e17g058b0\">A finales de ese a\u00f1o, <b>Eduardo VIII <\/b><b>decidi<\/b><b>\u00f3 <\/b><b>abdic<\/b><b>ar a favor del padre<\/b><b> de Isabel<\/b>, un hombre t\u00edmido y nada atra\u00eddo por la vida p\u00fablica, quien a rega\u00f1adientes se convirti\u00f3 en Jorge VI.<\/p>\n<\/div>\n<div dir=\"ltr\" class=\"bbc-1ka88fa ebmt73l0\">\n<figure class=\"bbc-1qdcvv9 e1aczekt0\">\n<div dir=\"ltr\" class=\"bbc-172p16q ebmt73l0\">\n<div dir=\"ltr\" class=\"bbc-189y18v ebmt73l0\">\n<div data-e2e=\"image-placeholder\" class=\"bbc-997y1y eihqrxw0\"><noscript><picture class=\"bbc-yfiktt e1mo64ex1\"><source srcset=\"http:\/\/cordobadirecto.com\/wp-content\/uploads\/2022\/09\/muere-isabel-ii-la-monarca-que-no-estaba-destinada-a-reinar-y-termino-haciendolo-por-7-decadas-5.webp 240w, http:\/\/cordobadirecto.com\/wp-content\/uploads\/2022\/09\/muere-isabel-ii-la-monarca-que-no-estaba-destinada-a-reinar-y-termino-haciendolo-por-7-decadas-6.webp 320w, http:\/\/cordobadirecto.com\/wp-content\/uploads\/2022\/09\/muere-isabel-ii-la-monarca-que-no-estaba-destinada-a-reinar-y-termino-haciendolo-por-7-decadas-7.webp 480w, http:\/\/cordobadirecto.com\/wp-content\/uploads\/2022\/09\/muere-isabel-ii-la-monarca-que-no-estaba-destinada-a-reinar-y-termino-haciendolo-por-7-decadas-8.webp 624w, http:\/\/cordobadirecto.com\/wp-content\/uploads\/2022\/09\/muere-isabel-ii-la-monarca-que-no-estaba-destinada-a-reinar-y-termino-haciendolo-por-7-decadas-9.webp 800w\" type=\"image\/webp\" sizes=\"(min-width: 1008px) 645px, 100vw\"><source srcset=\"https:\/\/ichef.bbci.co.uk\/news\/240\/cpsprodpb\/2BA8\/production\/_99767111_000110802-1.jpg 240w, https:\/\/ichef.bbci.co.uk\/news\/320\/cpsprodpb\/2BA8\/production\/_99767111_000110802-1.jpg 320w, https:\/\/ichef.bbci.co.uk\/news\/480\/cpsprodpb\/2BA8\/production\/_99767111_000110802-1.jpg 480w, https:\/\/ichef.bbci.co.uk\/news\/624\/cpsprodpb\/2BA8\/production\/_99767111_000110802-1.jpg 624w, https:\/\/ichef.bbci.co.uk\/news\/800\/cpsprodpb\/2BA8\/production\/_99767111_000110802-1.jpg 800w\" type=\"image\/jpeg\" sizes=\"(min-width: 1008px) 645px, 100vw\"><img loading=\"lazy\" src=\"http:\/\/cordobadirecto.com\/wp-content\/uploads\/2022\/09\/muere-isabel-ii-la-monarca-que-no-estaba-destinada-a-reinar-y-termino-haciendolo-por-7-decadas-2.jpg\" alt=\"Jorge VI con sus hijas, las princesas Isabel y Margarita, y la Reina Madre.\" width=\"976\" height=\"549\" class=\"e3vrtyk0 bbc-rb7xa0 e1mo64ex0\"><\/picture><\/noscript><\/p>\n<p role=\"text\" class=\"bbc-1s1cxbv ewbcsnk0\"><span class=\"bbc-1gnhmg2 ed7bp6y0\">Fuente de la imagen, <\/span><span lang=\"en-GB\">PA<\/span><\/p>\n<\/div>\n<\/div>\n<div dir=\"ltr\" class=\"bbc-3edg7g ebmt73l0\" readability=\"8\"><figcaption dir=\"ltr\" class=\"bbc-rhuvwm e6i104o0\" readability=\"6\"><span class=\"bbc-1gnhmg2 ed7bp6y0\">Pie de foto, <\/span><\/p>\n<p>Isabel entr\u00f3 en la l\u00ednea de sucesi\u00f3n cuando la abdicaci\u00f3n de su t\u00edo, Eduardo VIII, puso la corona en la cabeza de su padre, Jorge VI.<\/p>\n<\/figcaption><\/div>\n<\/div>\n<\/figure>\n<\/div>\n<div dir=\"ltr\" class=\"bbc-19j92fr ebmt73l0\" readability=\"11\">\n<p dir=\"ltr\" class=\"bbc-hhl7in e17g058b0\">En un clima de tensi\u00f3n creciente en Europa, el nuevo rey y su esposa se dispusieron a restaurar la fe en la monarqu\u00eda. Su ejemplo no se perdi\u00f3 en su hija mayor, quien como heredera inesperada comenz\u00f3 a prepararse para un d\u00eda ce\u00f1irse la corona brit\u00e1nica.<\/p>\n<\/div>\n<div dir=\"ltr\" class=\"bbc-19j92fr ebmt73l0\" readability=\"11\">\n<p dir=\"ltr\" class=\"bbc-hhl7in e17g058b0\">Tanto ella como su hermana, Margarita, nacida en 1930, fueron educadas en casa y crecieron en un ambiente familiar amoroso. <\/p>\n<\/div>\n<div dir=\"ltr\" class=\"bbc-19j92fr ebmt73l0\" readability=\"8\">\n<p dir=\"ltr\" class=\"bbc-hhl7in e17g058b0\">Isabel ten\u00eda una relaci\u00f3n muy cercana con su padre y desde muy peque\u00f1a mostr\u00f3 un gran sentido de la responsabilidad.<\/p>\n<\/div>\n<div dir=\"ltr\" class=\"bbc-19j92fr ebmt73l0\" readability=\"9\">\n<p dir=\"ltr\" class=\"bbc-hhl7in e17g058b0\">Ya antes de convertirse en primer ministro, <b>Winston Churchill <\/b>dijo sobre ella que pose\u00eda &#8220;un aire de autoridad asombroso en una ni\u00f1a&#8221;.<\/p>\n<\/div>\n<div dir=\"ltr\" class=\"bbc-19j92fr ebmt73l0\" readability=\"11\">\n<p dir=\"ltr\" class=\"bbc-hhl7in e17g058b0\">Pese a no ir a una escuela formal, Isabel se hizo experta en idiomas y estudi\u00f3 detalladamente historia constitucional. Para que conviviera con ni\u00f1as de su edad, el palacio cre\u00f3 un grupo especial de scouts: la Primera Compa\u00f1\u00eda de Buckingham.<\/p>\n<\/div>\n<div dir=\"ltr\" class=\"bbc-19j92fr ebmt73l0\" readability=\"8\">\n<p dir=\"ltr\" class=\"bbc-hhl7in e17g058b0\">Esos a\u00f1os de aprendizaje estuvieron marcados por un evento que involucr\u00f3 a toda la naci\u00f3n: la <b>Segunda Guerra Mundial.<\/b><\/p>\n<\/div>\n<div dir=\"ltr\" class=\"bbc-19j92fr ebmt73l0\" readability=\"13\">\n<p dir=\"ltr\" class=\"bbc-hhl7in e17g058b0\">De esta \u00e9poca se recuerdan particularmente sus mensajes de esperanza a los ni\u00f1os brit\u00e1nicos y su escapada de Buckingham Palace, al t\u00e9rmino del conflicto, para celebrar con la multitud en las calles londinenses. Tambi\u00e9n su enrolamiento en el Servicio Territorial Auxiliar, donde aprendi\u00f3 a conducir y reparar camiones.<\/p>\n<\/div>\n<p><h2 id=\"El-encuentro-con-el-pr\u00edncipe-Felipe\" tabindex=\"-1\" class=\"bbc-1f03ibc eglt09e0\">El encuentro con el pr\u00edncipe Felipe<\/h2>\n<\/p>\n<div dir=\"ltr\" class=\"bbc-19j92fr ebmt73l0\" readability=\"9\">\n<p dir=\"ltr\" class=\"bbc-hhl7in e17g058b0\">En 1939, la princesa de 13 a\u00f1os asisti\u00f3 junto a los reyes a una visita a la Escuela de la Royal Navy en Dartmouth. <\/p>\n<\/div>\n<div dir=\"ltr\" class=\"bbc-1ka88fa ebmt73l0\">\n<figure class=\"bbc-1qdcvv9 e1aczekt0\">\n<div dir=\"ltr\" class=\"bbc-172p16q ebmt73l0\">\n<div dir=\"ltr\" class=\"bbc-189y18v ebmt73l0\" readability=\"6.5\">\n<div data-e2e=\"image-placeholder\" class=\"bbc-997y1y eihqrxw0\" readability=\"8\"><noscript><picture class=\"bbc-yfiktt e1mo64ex1\"><source srcset=\"http:\/\/cordobadirecto.com\/wp-content\/uploads\/2022\/09\/muere-isabel-ii-la-monarca-que-no-estaba-destinada-a-reinar-y-termino-haciendolo-por-7-decadas-10.webp 240w, http:\/\/cordobadirecto.com\/wp-content\/uploads\/2022\/09\/muere-isabel-ii-la-monarca-que-no-estaba-destinada-a-reinar-y-termino-haciendolo-por-7-decadas-11.webp 320w, http:\/\/cordobadirecto.com\/wp-content\/uploads\/2022\/09\/muere-isabel-ii-la-monarca-que-no-estaba-destinada-a-reinar-y-termino-haciendolo-por-7-decadas-12.webp 480w, http:\/\/cordobadirecto.com\/wp-content\/uploads\/2022\/09\/muere-isabel-ii-la-monarca-que-no-estaba-destinada-a-reinar-y-termino-haciendolo-por-7-decadas-13.webp 624w, http:\/\/cordobadirecto.com\/wp-content\/uploads\/2022\/09\/muere-isabel-ii-la-monarca-que-no-estaba-destinada-a-reinar-y-termino-haciendolo-por-7-decadas-14.webp 800w\" type=\"image\/webp\" sizes=\"(min-width: 1008px) 645px, 100vw\"><source srcset=\"https:\/\/ichef.bbci.co.uk\/news\/240\/cpsprodpb\/105BE\/production\/_113060076_23390a27-59d5-4f58-8d14-f07de4a26ebf.jpg 240w, https:\/\/ichef.bbci.co.uk\/news\/320\/cpsprodpb\/105BE\/production\/_113060076_23390a27-59d5-4f58-8d14-f07de4a26ebf.jpg 320w, https:\/\/ichef.bbci.co.uk\/news\/480\/cpsprodpb\/105BE\/production\/_113060076_23390a27-59d5-4f58-8d14-f07de4a26ebf.jpg 480w, https:\/\/ichef.bbci.co.uk\/news\/624\/cpsprodpb\/105BE\/production\/_113060076_23390a27-59d5-4f58-8d14-f07de4a26ebf.jpg 624w, https:\/\/ichef.bbci.co.uk\/news\/800\/cpsprodpb\/105BE\/production\/_113060076_23390a27-59d5-4f58-8d14-f07de4a26ebf.jpg 800w\" type=\"image\/jpeg\" sizes=\"(min-width: 1008px) 645px, 100vw\"><img loading=\"lazy\" src=\"http:\/\/cordobadirecto.com\/wp-content\/uploads\/2022\/09\/muere-isabel-ii-la-monarca-que-no-estaba-destinada-a-reinar-y-termino-haciendolo-por-7-decadas-3.jpg\" alt=\"Isabel II y el Duque de Edimburgo\" width=\"976\" height=\"549\" class=\"e3vrtyk0 bbc-rb7xa0 e1mo64ex0\"><\/picture><\/noscript><\/p>\n<p role=\"text\" class=\"bbc-1s1cxbv ewbcsnk0\"><span class=\"bbc-1gnhmg2 ed7bp6y0\">Fuente de la imagen, <\/span><span lang=\"en-GB\">Getty Images<\/span><\/p>\n<\/div>\n<\/div>\n<div dir=\"ltr\" class=\"bbc-3edg7g ebmt73l0\" readability=\"6\"><figcaption dir=\"ltr\" class=\"bbc-rhuvwm e6i104o0\" readability=\"2\"><span class=\"bbc-1gnhmg2 ed7bp6y0\">Pie de foto, <\/span><\/p>\n<p>Isabel y Felipe se casaron en 1947.<\/p>\n<\/figcaption><\/div>\n<\/div>\n<\/figure>\n<\/div>\n<div dir=\"ltr\" class=\"bbc-19j92fr ebmt73l0\" readability=\"10\">\n<p dir=\"ltr\" class=\"bbc-hhl7in e17g058b0\">Ella y su hermana fueron acompa\u00f1adas en el recorrido por uno de los cadetes, su primo tercero, el pr\u00edncipe Felipe de Grecia.<\/p>\n<\/div>\n<div dir=\"ltr\" class=\"bbc-19j92fr ebmt73l0\" readability=\"11\">\n<p dir=\"ltr\" class=\"bbc-hhl7in e17g058b0\">No era la primera vez que se ve\u00edan, pero fue la primera vez que se interes\u00f3 en \u00e9l. Su romance inici\u00f3 unos a\u00f1os despu\u00e9s, con un intercambio regular de cartas e invitaciones a compartir con la familia real cuando estaba de permiso en la Marina. <\/p>\n<\/div>\n<div dir=\"ltr\" class=\"bbc-19j92fr ebmt73l0\" readability=\"9\">\n<p dir=\"ltr\" class=\"bbc-hhl7in e17g058b0\">Cuando Isabel puso en su tocador una foto de Felipe vestido en su uniforme naval, todos supieron que la relaci\u00f3n iba en serio.<\/p>\n<\/div>\n<div dir=\"ltr\" class=\"bbc-19j92fr ebmt73l0\" readability=\"8\">\n<p dir=\"ltr\" class=\"bbc-hhl7in e17g058b0\">Pero tuvieron que enfrentar una serie de obst\u00e1culos. El rey se mostraba reacio y el pr\u00edncipe griego tuvo que vencer la oposici\u00f3n de algunos cortesanos que no aceptaban su linaje extranjero.<\/p>\n<\/div>\n<div dir=\"ltr\" class=\"bbc-19j92fr ebmt73l0\" readability=\"9\">\n<p dir=\"ltr\" class=\"bbc-hhl7in e17g058b0\">Finalmente, los deseos de la pareja prevalecieron y <b>contrajeron matrimonio el 20 de noviembre de 1947 en la Abad\u00eda de Westminster.<\/b><\/p>\n<\/div>\n<div dir=\"ltr\" class=\"bbc-19j92fr ebmt73l0\" readability=\"14\">\n<p dir=\"ltr\" class=\"bbc-hhl7in e17g058b0\">El duque de Edimburgo, t\u00edtulo otorgado a Felipe desde ese momento, continu\u00f3 con su carrera naval y fue destinado a Malta, lo que signific\u00f3 que, al menos durante un tiempo, la pareja pudo disfrutar de una vida relativamente normal.<\/p>\n<\/div>\n<div dir=\"ltr\" class=\"bbc-19j92fr ebmt73l0\" readability=\"12\">\n<p dir=\"ltr\" class=\"bbc-hhl7in e17g058b0\">Su primer hijo, el pr\u00edncipe Carlos, naci\u00f3 en 1948, y dos a\u00f1os despu\u00e9s lleg\u00f3 la princesa Ana. Andr\u00e9s y Eduardo nacieron en 1960 y 1964, respectivamente.<\/p>\n<\/div>\n<div class=\"bbc-sffzb7 e1hrqbfn0\">\n<p><h2 id=\"La-muerte-de-su-padre\" tabindex=\"-1\" class=\"bbc-1f03ibc eglt09e0\">La muerte de su padre<\/h2>\n<\/p>\n<\/div>\n<div dir=\"ltr\" class=\"bbc-19j92fr ebmt73l0\" readability=\"11\">\n<p dir=\"ltr\" class=\"bbc-hhl7in e17g058b0\">En enero de 1952, Isabel, con 25 a\u00f1os, y Felipe ocuparon el lugar del rey y la reina en una gira por \u00c1frica. <\/p>\n<\/div>\n<div dir=\"ltr\" class=\"bbc-19j92fr ebmt73l0\" readability=\"10\">\n<p dir=\"ltr\" class=\"bbc-hhl7in e17g058b0\">A esas alturas, Jorge VI padec\u00eda c\u00e1ncer de pulm\u00f3n en fase terminal, provocado por toda una vida de fumar en exceso.<\/p>\n<\/div>\n<div dir=\"ltr\" class=\"bbc-19j92fr ebmt73l0\" readability=\"10\">\n<p dir=\"ltr\" class=\"bbc-hhl7in e17g058b0\">El monarca, desobedeciendo los consejos m\u00e9dicos, fue al aeropuerto a despedirlos. Fue la \u00faltima vez se vieron.<\/p>\n<\/div>\n<div dir=\"ltr\" class=\"bbc-19j92fr ebmt73l0\" readability=\"9\">\n<p dir=\"ltr\" class=\"bbc-hhl7in e17g058b0\">La pareja estaba en Kenia cuando lleg\u00f3 la noticia de la muerte del rey e Isabel regres\u00f3 inmediatamente a Londres, ya como la nueva reina.<\/p>\n<\/div>\n<div dir=\"ltr\" class=\"bbc-19j92fr ebmt73l0\" readability=\"9\">\n<p dir=\"ltr\" class=\"bbc-hhl7in e17g058b0\">&#8220;No tuve un per\u00edodo de aprendizaje. Mi padre muri\u00f3 demasiado joven y todo se produjo muy repentinamente&#8221;, recordar\u00eda tiempo despu\u00e9s.<\/p>\n<\/div>\n<div dir=\"ltr\" class=\"e18mih2h1 bbc-9m7iam ebmt73l0\">\n<figure class=\"bbc-1qdcvv9 e1aczekt0\">\n<div dir=\"ltr\" class=\"bbc-vx18wi ebmt73l0\">\n<div dir=\"ltr\" class=\"bbc-rprdln ebmt73l0\" readability=\"6.5\">\n<div data-e2e=\"image-placeholder\" class=\"bbc-997y1y eihqrxw0\" readability=\"8\"><noscript><picture class=\"bbc-yfiktt e1mo64ex1\"><source srcset=\"http:\/\/cordobadirecto.com\/wp-content\/uploads\/2022\/09\/muere-isabel-ii-la-monarca-que-no-estaba-destinada-a-reinar-y-termino-haciendolo-por-7-decadas-15.webp 240w, http:\/\/cordobadirecto.com\/wp-content\/uploads\/2022\/09\/muere-isabel-ii-la-monarca-que-no-estaba-destinada-a-reinar-y-termino-haciendolo-por-7-decadas-16.webp 320w, http:\/\/cordobadirecto.com\/wp-content\/uploads\/2022\/09\/muere-isabel-ii-la-monarca-que-no-estaba-destinada-a-reinar-y-termino-haciendolo-por-7-decadas-17.webp 480w, http:\/\/cordobadirecto.com\/wp-content\/uploads\/2022\/09\/muere-isabel-ii-la-monarca-que-no-estaba-destinada-a-reinar-y-termino-haciendolo-por-7-decadas-18.webp 624w, http:\/\/cordobadirecto.com\/wp-content\/uploads\/2022\/09\/muere-isabel-ii-la-monarca-que-no-estaba-destinada-a-reinar-y-termino-haciendolo-por-7-decadas-19.webp 800w\" type=\"image\/webp\" sizes=\"(min-width: 1008px) 645px, 100vw\"><source srcset=\"https:\/\/ichef.bbci.co.uk\/news\/240\/cpsprodpb\/79D0\/production\/_91948113_coronacin.jpg 240w, https:\/\/ichef.bbci.co.uk\/news\/320\/cpsprodpb\/79D0\/production\/_91948113_coronacin.jpg 320w, https:\/\/ichef.bbci.co.uk\/news\/480\/cpsprodpb\/79D0\/production\/_91948113_coronacin.jpg 480w, https:\/\/ichef.bbci.co.uk\/news\/624\/cpsprodpb\/79D0\/production\/_91948113_coronacin.jpg 624w, https:\/\/ichef.bbci.co.uk\/news\/800\/cpsprodpb\/79D0\/production\/_91948113_coronacin.jpg 800w\" type=\"image\/jpeg\" sizes=\"(min-width: 1008px) 645px, 100vw\"><img loading=\"lazy\" src=\"http:\/\/cordobadirecto.com\/wp-content\/uploads\/2022\/09\/muere-isabel-ii-la-monarca-que-no-estaba-destinada-a-reinar-y-termino-haciendolo-por-7-decadas-4.jpg\" alt=\"Coronaci\u00f3n de Isabel II.\" width=\"1941\" height=\"2500\" class=\"e3vrtyk0 bbc-rb7xa0 e1mo64ex0\"><\/picture><\/noscript><\/p>\n<p role=\"text\" class=\"bbc-1s1cxbv ewbcsnk0\"><span class=\"bbc-1gnhmg2 ed7bp6y0\">Fuente de la imagen, <\/span><span lang=\"en-GB\">Getty Images<\/span><\/p>\n<\/div>\n<\/div>\n<div dir=\"ltr\" class=\"bbc-3edg7g ebmt73l0\" readability=\"6\"><figcaption dir=\"ltr\" class=\"bbc-rhuvwm e6i104o0\" readability=\"2\"><span class=\"bbc-1gnhmg2 ed7bp6y0\">Pie de foto, <\/span><\/p>\n<p>Isabel II fue coronada a los 26 a\u00f1os.<\/p>\n<\/figcaption><\/div>\n<\/div>\n<\/figure>\n<\/div>\n<p><h2 id=\"Una-nueva-era\" tabindex=\"-1\" class=\"bbc-1f03ibc eglt09e0\">Una nueva era<\/h2>\n<\/p>\n<div dir=\"ltr\" class=\"bbc-19j92fr ebmt73l0\" readability=\"8\">\n<p dir=\"ltr\" class=\"bbc-hhl7in e17g058b0\">Su coronaci\u00f3n en junio de 1953 fue televisada y millones de personas la vieron. La reina ten\u00eda en ese momento 27 a\u00f1os. <\/p>\n<\/div>\n<div dir=\"ltr\" class=\"bbc-19j92fr ebmt73l0\" readability=\"11\">\n<p dir=\"ltr\" class=\"bbc-hhl7in e17g058b0\">Reino Unido a\u00fan sufr\u00eda la austeridad de la posguerra y los analistas vieron la coronaci\u00f3n como el amanecer de una nueva era isabelina, recordando a Isabel I, quien rein\u00f3 por 45 a\u00f1os hasta comienzos del siglo 17.<\/p>\n<\/div>\n<div dir=\"ltr\" class=\"bbc-19j92fr ebmt73l0\" readability=\"13\">\n<p dir=\"ltr\" class=\"bbc-hhl7in e17g058b0\">La Segunda Guerra Mundial sirvi\u00f3 para acelerar <b>el fin del Imperio Brit\u00e1nico,<\/b> y para cuando la nueva reina emprendi\u00f3 su primera gira como monarca en noviembre de 1953, muchas de sus antiguas posesiones, incluida la India, se hab\u00edan independizado.<\/p>\n<\/div>\n<div dir=\"ltr\" class=\"bbc-1ka88fa ebmt73l0\">\n<figure class=\"bbc-1qdcvv9 e1aczekt0\">\n<div dir=\"ltr\" class=\"bbc-172p16q ebmt73l0\">\n<div dir=\"ltr\" class=\"bbc-189y18v ebmt73l0\" readability=\"6.5\">\n<div data-e2e=\"image-placeholder\" class=\"bbc-997y1y eihqrxw0\" readability=\"8\"><noscript><picture class=\"bbc-yfiktt e1mo64ex1\"><source srcset=\"http:\/\/cordobadirecto.com\/wp-content\/uploads\/2022\/09\/muere-isabel-ii-la-monarca-que-no-estaba-destinada-a-reinar-y-termino-haciendolo-por-7-decadas-20.webp 240w, http:\/\/cordobadirecto.com\/wp-content\/uploads\/2022\/09\/muere-isabel-ii-la-monarca-que-no-estaba-destinada-a-reinar-y-termino-haciendolo-por-7-decadas-21.webp 320w, http:\/\/cordobadirecto.com\/wp-content\/uploads\/2022\/09\/muere-isabel-ii-la-monarca-que-no-estaba-destinada-a-reinar-y-termino-haciendolo-por-7-decadas-22.webp 480w, http:\/\/cordobadirecto.com\/wp-content\/uploads\/2022\/09\/muere-isabel-ii-la-monarca-que-no-estaba-destinada-a-reinar-y-termino-haciendolo-por-7-decadas-23.webp 624w, http:\/\/cordobadirecto.com\/wp-content\/uploads\/2022\/09\/muere-isabel-ii-la-monarca-que-no-estaba-destinada-a-reinar-y-termino-haciendolo-por-7-decadas-24.webp 800w\" type=\"image\/webp\" sizes=\"(min-width: 1008px) 645px, 100vw\"><source srcset=\"https:\/\/ichef.bbci.co.uk\/news\/240\/cpsprodpb\/12CCE\/production\/_113060077_905bff2b-aab1-4998-bdda-7aa124d04df0.jpg 240w, https:\/\/ichef.bbci.co.uk\/news\/320\/cpsprodpb\/12CCE\/production\/_113060077_905bff2b-aab1-4998-bdda-7aa124d04df0.jpg 320w, https:\/\/ichef.bbci.co.uk\/news\/480\/cpsprodpb\/12CCE\/production\/_113060077_905bff2b-aab1-4998-bdda-7aa124d04df0.jpg 480w, https:\/\/ichef.bbci.co.uk\/news\/624\/cpsprodpb\/12CCE\/production\/_113060077_905bff2b-aab1-4998-bdda-7aa124d04df0.jpg 624w, https:\/\/ichef.bbci.co.uk\/news\/800\/cpsprodpb\/12CCE\/production\/_113060077_905bff2b-aab1-4998-bdda-7aa124d04df0.jpg 800w\" type=\"image\/jpeg\" sizes=\"(min-width: 1008px) 645px, 100vw\"><img loading=\"lazy\" src=\"http:\/\/cordobadirecto.com\/wp-content\/uploads\/2022\/09\/muere-isabel-ii-la-monarca-que-no-estaba-destinada-a-reinar-y-termino-haciendolo-por-7-decadas-5.jpg\" alt=\"Isabel II y el Duque de Edimburgo\" width=\"976\" height=\"549\" class=\"e3vrtyk0 bbc-rb7xa0 e1mo64ex0\"><\/picture><\/noscript><\/p>\n<p role=\"text\" class=\"bbc-1s1cxbv ewbcsnk0\"><span class=\"bbc-1gnhmg2 ed7bp6y0\">Fuente de la imagen, <\/span><span lang=\"en-GB\">Getty Images<\/span><\/p>\n<\/div>\n<\/div>\n<div dir=\"ltr\" class=\"bbc-3edg7g ebmt73l0\" readability=\"6\"><figcaption dir=\"ltr\" class=\"bbc-rhuvwm e6i104o0\" readability=\"2\"><span class=\"bbc-1gnhmg2 ed7bp6y0\">Pie de foto, <\/span><\/p>\n<p>El pr\u00edncipe alent\u00f3 a la reina a &#8220;modernizar la monarqu\u00eda&#8221;.<\/p>\n<\/figcaption><\/div>\n<\/div>\n<\/figure>\n<\/div>\n<div dir=\"ltr\" class=\"bbc-19j92fr ebmt73l0\" readability=\"10\">\n<p dir=\"ltr\" class=\"bbc-hhl7in e17g058b0\">A lo largo de los a\u00f1os 50, las antiguas colonias y dominios se unieron en la nueva Mancomunidad brit\u00e1nica, que mantuvieron lazos de distintos grados con la Corona brit\u00e1nica. <\/p>\n<\/div>\n<div dir=\"ltr\" class=\"bbc-19j92fr ebmt73l0\" readability=\"11\">\n<p dir=\"ltr\" class=\"bbc-hhl7in e17g058b0\">Convencida de la importancia de su papel como la mejor embajadora de su pa\u00eds, Isabel II viaj\u00f3 durante d\u00e9cadas por el mundo, visitando a gobiernos extranjeros o haciendo de anfitriona de jefes de Estado.<\/p>\n<\/div>\n<div dir=\"ltr\" class=\"bbc-19j92fr ebmt73l0\" readability=\"12\">\n<p dir=\"ltr\" class=\"bbc-hhl7in e17g058b0\">Como monarca constitucional,<b> siempre <\/b><b>se tom\u00f3 con seriedad <\/b><b>su derecho a consultar, aconsejar y advertir<\/b>, pero nunca trat\u00f3 de sobrepasarse. Sab\u00eda que era jefa de Estado, pero no de gobierno.<\/p>\n<\/div>\n<div dir=\"ltr\" class=\"bbc-19j92fr ebmt73l0\" readability=\"11\">\n<p dir=\"ltr\" class=\"bbc-hhl7in e17g058b0\">Varios primeros ministros le reconocieron un gran manejo de informaci\u00f3n, al punto que Harold Wilson (dos veces primer ministro) dijo \u2014al retirarse de la pol\u00edtica\u2014 que el mejor consejo que le pod\u00eda dejar a su sucesor era que &#8220;preparase bien su tarea&#8221; antes de la audiencia regular que mantienen los gobernantes con la reina.<\/p>\n<\/div>\n<div dir=\"ltr\" class=\"bbc-19j92fr ebmt73l0\" readability=\"10\">\n<p dir=\"ltr\" class=\"bbc-hhl7in e17g058b0\"><b>Winston Churchill, <\/b>quien sirvi\u00f3 bajo cuatro monarcas,<b> se mostr\u00f3 impresionado por su conocimiento e ingenio<\/b>.<\/p>\n<\/div>\n<p><h2 id=\"De-la-monarqu\u00eda-a-la-familia-real\" tabindex=\"-1\" class=\"bbc-1f03ibc eglt09e0\">De la monarqu\u00eda a la familia real<\/h2>\n<\/p>\n<div dir=\"ltr\" class=\"bbc-19j92fr ebmt73l0\" readability=\"11\">\n<p dir=\"ltr\" class=\"bbc-hhl7in e17g058b0\">A partir de los a\u00f1os 60, y alentada por su esposo, la reina comenz\u00f3 a introducir cambios para adaptarse a los nuevos tiempos en que la sociedad brit\u00e1nica y su actitud hacia la monarqu\u00eda hab\u00edan cambiado.<\/p>\n<\/div>\n<div dir=\"ltr\" class=\"bbc-19j92fr ebmt73l0\" readability=\"8\">\n<p dir=\"ltr\" class=\"bbc-hhl7in e17g058b0\">En ese contexto, poco a poco el t\u00e9rmino la monarqu\u00eda fue reemplazado por el de la familia real.<\/p>\n<\/div>\n<div dir=\"ltr\" class=\"bbc-1ka88fa ebmt73l0\">\n<figure class=\"bbc-1qdcvv9 e1aczekt0\">\n<div dir=\"ltr\" class=\"bbc-172p16q ebmt73l0\">\n<div dir=\"ltr\" class=\"bbc-189y18v ebmt73l0\" readability=\"6.5\">\n<div data-e2e=\"image-placeholder\" class=\"bbc-997y1y eihqrxw0\" readability=\"8\"><noscript><picture class=\"bbc-yfiktt e1mo64ex1\"><source srcset=\"http:\/\/cordobadirecto.com\/wp-content\/uploads\/2022\/09\/muere-isabel-ii-la-monarca-que-no-estaba-destinada-a-reinar-y-termino-haciendolo-por-7-decadas-25.webp 240w, http:\/\/cordobadirecto.com\/wp-content\/uploads\/2022\/09\/muere-isabel-ii-la-monarca-que-no-estaba-destinada-a-reinar-y-termino-haciendolo-por-7-decadas-26.webp 320w, http:\/\/cordobadirecto.com\/wp-content\/uploads\/2022\/09\/muere-isabel-ii-la-monarca-que-no-estaba-destinada-a-reinar-y-termino-haciendolo-por-7-decadas-27.webp 480w, http:\/\/cordobadirecto.com\/wp-content\/uploads\/2022\/09\/muere-isabel-ii-la-monarca-que-no-estaba-destinada-a-reinar-y-termino-haciendolo-por-7-decadas-28.webp 624w, http:\/\/cordobadirecto.com\/wp-content\/uploads\/2022\/09\/muere-isabel-ii-la-monarca-que-no-estaba-destinada-a-reinar-y-termino-haciendolo-por-7-decadas-29.webp 800w\" type=\"image\/webp\" sizes=\"(min-width: 1008px) 645px, 100vw\"><source srcset=\"https:\/\/ichef.bbci.co.uk\/news\/240\/cpsprodpb\/153DE\/production\/_113060078_542476e1-e772-414a-8456-a10079457b13.jpg 240w, https:\/\/ichef.bbci.co.uk\/news\/320\/cpsprodpb\/153DE\/production\/_113060078_542476e1-e772-414a-8456-a10079457b13.jpg 320w, https:\/\/ichef.bbci.co.uk\/news\/480\/cpsprodpb\/153DE\/production\/_113060078_542476e1-e772-414a-8456-a10079457b13.jpg 480w, https:\/\/ichef.bbci.co.uk\/news\/624\/cpsprodpb\/153DE\/production\/_113060078_542476e1-e772-414a-8456-a10079457b13.jpg 624w, https:\/\/ichef.bbci.co.uk\/news\/800\/cpsprodpb\/153DE\/production\/_113060078_542476e1-e772-414a-8456-a10079457b13.jpg 800w\" type=\"image\/jpeg\" sizes=\"(min-width: 1008px) 645px, 100vw\"><img loading=\"lazy\" src=\"http:\/\/cordobadirecto.com\/wp-content\/uploads\/2022\/09\/muere-isabel-ii-la-monarca-que-no-estaba-destinada-a-reinar-y-termino-haciendolo-por-7-decadas-6.jpg\" alt=\"La reina y Carlos, el heredero en su adolescencia.\" width=\"976\" height=\"549\" class=\"e3vrtyk0 bbc-rb7xa0 e1mo64ex0\"><\/picture><\/noscript><\/p>\n<p role=\"text\" class=\"bbc-1s1cxbv ewbcsnk0\"><span class=\"bbc-1gnhmg2 ed7bp6y0\">Fuente de la imagen, <\/span><span lang=\"en-GB\">Getty Images<\/span><\/p>\n<\/div>\n<\/div>\n<div dir=\"ltr\" class=\"bbc-3edg7g ebmt73l0\" readability=\"6.5\"><figcaption dir=\"ltr\" class=\"bbc-rhuvwm e6i104o0\" readability=\"3\"><span class=\"bbc-1gnhmg2 ed7bp6y0\">Pie de foto, <\/span><\/p>\n<p>La reina y Carlos, el heredero en su adolescencia.<\/p>\n<\/figcaption><\/div>\n<\/div>\n<\/figure>\n<\/div>\n<div dir=\"ltr\" class=\"bbc-19j92fr ebmt73l0\" readability=\"9\">\n<p dir=\"ltr\" class=\"bbc-hhl7in e17g058b0\">A finales de esa d\u00e9cada, Buckingham decidi\u00f3 que era necesario mostrar la vida del palacio de una manera menos formal y m\u00e1s cercana.<\/p>\n<\/div>\n<div dir=\"ltr\" class=\"bbc-19j92fr ebmt73l0\" readability=\"11\">\n<p dir=\"ltr\" class=\"bbc-hhl7in e17g058b0\">El resultado fue un documental de la BBC en que la familia aparec\u00eda realizando <b>actividades normales que nunca antes se hab\u00edan <\/b><b>exhibido<\/b><b> en p\u00fablico<\/b>: una barbacoa, la decoraci\u00f3n del \u00e1rbol de Navidad, padres e hijos dando un paseo.<\/p>\n<\/div>\n<div dir=\"ltr\" class=\"bbc-19j92fr ebmt73l0\" readability=\"9\">\n<p dir=\"ltr\" class=\"bbc-hhl7in e17g058b0\">Algunos cr\u00edticos dijeron que las im\u00e1genes destruyeron la m\u00edstica de la realeza, pero sin duda el film contribuy\u00f3 a aumentar el apoyo a la monarqu\u00eda. <\/p>\n<\/div>\n<div dir=\"ltr\" class=\"bbc-19j92fr ebmt73l0\" readability=\"8\">\n<p dir=\"ltr\" class=\"bbc-hhl7in e17g058b0\">En 1977, el Jubileo de plata fue celebrado con entusiasmo en las calles. <\/p>\n<\/div>\n<div dir=\"ltr\" class=\"bbc-19j92fr ebmt73l0\" readability=\"7\">\n<p dir=\"ltr\" class=\"bbc-hhl7in e17g058b0\">El afecto por la monarqu\u00eda parec\u00eda seguro y gran parte de eso se deb\u00eda a la propia reina.<\/p>\n<\/div>\n<div dir=\"ltr\" class=\"bbc-19j92fr ebmt73l0\" readability=\"10\">\n<p dir=\"ltr\" class=\"bbc-hhl7in e17g058b0\">A\u00f1o tras a\u00f1o, Isabel II sigui\u00f3 cumpliendo con sus deberes, viajando y promoviendo los intereses brit\u00e1nicos. <\/p>\n<\/div>\n<div dir=\"ltr\" class=\"bbc-19j92fr ebmt73l0\" readability=\"11\">\n<p dir=\"ltr\" class=\"bbc-hhl7in e17g058b0\">Uno de los hitos de su diplomacia se produjo en 1991, tras la guerra del Golfo, cuando viaj\u00f3 a Estados Unidos y se convirti\u00f3 en la primera monarca brit\u00e1nica en abordar una sesi\u00f3n en el Congreso estadounidense.<\/p>\n<\/div>\n<p><h2 id=\"Esc\u00e1ndalos-y-desastres\" tabindex=\"-1\" class=\"bbc-1f03ibc eglt09e0\">Esc\u00e1ndalos y desastres<\/h2>\n<\/p>\n<div dir=\"ltr\" class=\"bbc-19j92fr ebmt73l0\">\n<p dir=\"ltr\" class=\"bbc-hhl7in e17g058b0\">Pero luego lleg\u00f3 1992.<\/p>\n<\/div>\n<div dir=\"ltr\" class=\"bbc-19j92fr ebmt73l0\" readability=\"8\">\n<p dir=\"ltr\" class=\"bbc-hhl7in e17g058b0\">Ese a\u00f1o, una serie de esc\u00e1ndalos y desastres comenzaron a afectar a la familia real.<\/p>\n<\/div>\n<div dir=\"ltr\" class=\"bbc-19j92fr ebmt73l0\" readability=\"11\">\n<p dir=\"ltr\" class=\"bbc-hhl7in e17g058b0\">Los matrimonios de tres de sus hijos, Andr\u00e9s, Ana y Carlos terminaron en separaciones y en noviembre un gran incendio afect\u00f3 al castillo de Windsor, la residencia favorita de la reina. <\/p>\n<\/div>\n<div dir=\"ltr\" class=\"bbc-19j92fr ebmt73l0\" readability=\"8\">\n<p dir=\"ltr\" class=\"bbc-hhl7in e17g058b0\">Parec\u00eda el s\u00edmbolo de una casa real en problemas. Poco ayud\u00f3 la disputa p\u00fablica sobre qui\u00e9n deber\u00eda pagar las reparaciones: el contribuyente o la reina.<\/p>\n<\/div>\n<div dir=\"ltr\" class=\"bbc-19j92fr ebmt73l0\" readability=\"7\">\n<p dir=\"ltr\" class=\"bbc-hhl7in e17g058b0\">Isabel II describi\u00f3 1992 como su <i class=\"bbc-h1y5j7 eih42320\">annus horribilis<\/i>. <\/p>\n<\/div>\n<div dir=\"ltr\" class=\"bbc-19j92fr ebmt73l0\" readability=\"9\">\n<p dir=\"ltr\" class=\"bbc-hhl7in e17g058b0\">Lo que sigu\u00f3 fue igual de complejo, especialmente por la <b>constante cobertura de los tabloides de <\/b><b>los roces de la finalizada relaci\u00f3n entre Carlos y Diana. <\/b><\/p>\n<\/div>\n<div dir=\"ltr\" class=\"bbc-19j92fr ebmt73l0\" readability=\"9\">\n<p dir=\"ltr\" class=\"bbc-hhl7in e17g058b0\">En un discurso pronunciado en ese tiempo, Isabel II insinu\u00f3 la necesidad de tener una monarqu\u00eda m\u00e1s abierta a cambio de medios de comunicaci\u00f3n menos hostiles.<\/p>\n<\/div>\n<div dir=\"ltr\" class=\"bbc-19j92fr ebmt73l0\" readability=\"18\">\n<p dir=\"ltr\" class=\"bbc-hhl7in e17g058b0\">&#8220;<b>Ninguna instituci\u00f3n, ciudad, monarqu\u00eda, lo que sea, deber\u00eda esperar estar libre del escrutinio de aquellos que le dan su lealtad y apoyo<\/b>, sin mencionar a los que no lo hacen&#8221;, afirm\u00f3, &#8220;pero todos somos parte del mismo tejido social y ese escrutinio puede ser igual de efectivo si se hace con una medida de gentileza, buen humor y comprensi\u00f3n&#8221;.<\/p>\n<\/div>\n<div dir=\"ltr\" class=\"bbc-19j92fr ebmt73l0\" readability=\"10\">\n<p dir=\"ltr\" class=\"bbc-hhl7in e17g058b0\">Luego, el Palacio de Buckingham se abri\u00f3 a los visitantes como forma de recaudar dinero para pagar las reparaciones en Windsor y se anunci\u00f3 que la reina y el pr\u00edncipe de Gales pagar\u00edan impuestos sobre los ingresos por inversiones.<\/p>\n<\/div>\n<p><h2 id=\"La-muerte-de-Diana\" tabindex=\"-1\" class=\"bbc-1f03ibc eglt09e0\">La muerte de Diana<\/h2>\n<\/p>\n<div dir=\"ltr\" class=\"bbc-19j92fr ebmt73l0\" readability=\"9\">\n<p dir=\"ltr\" class=\"bbc-hhl7in e17g058b0\">Sin duda, uno de los mayores golpes al reinado de Isabel II se produjo con la muerte de la princesa Diana en un accidente automovil\u00edstico en Par\u00eds en 1997.<\/p>\n<\/div>\n<div dir=\"ltr\" class=\"bbc-1ka88fa ebmt73l0\">\n<figure class=\"bbc-1qdcvv9 e1aczekt0\">\n<div dir=\"ltr\" class=\"bbc-172p16q ebmt73l0\">\n<div dir=\"ltr\" class=\"bbc-189y18v ebmt73l0\" readability=\"6.5\">\n<div data-e2e=\"image-placeholder\" class=\"bbc-997y1y eihqrxw0\" readability=\"8\"><noscript><picture class=\"bbc-yfiktt e1mo64ex1\"><source srcset=\"http:\/\/cordobadirecto.com\/wp-content\/uploads\/2022\/09\/muere-isabel-ii-la-monarca-que-no-estaba-destinada-a-reinar-y-termino-haciendolo-por-7-decadas-30.webp 240w, http:\/\/cordobadirecto.com\/wp-content\/uploads\/2022\/09\/muere-isabel-ii-la-monarca-que-no-estaba-destinada-a-reinar-y-termino-haciendolo-por-7-decadas-31.webp 320w, http:\/\/cordobadirecto.com\/wp-content\/uploads\/2022\/09\/muere-isabel-ii-la-monarca-que-no-estaba-destinada-a-reinar-y-termino-haciendolo-por-7-decadas-32.webp 480w, http:\/\/cordobadirecto.com\/wp-content\/uploads\/2022\/09\/muere-isabel-ii-la-monarca-que-no-estaba-destinada-a-reinar-y-termino-haciendolo-por-7-decadas-33.webp 624w, http:\/\/cordobadirecto.com\/wp-content\/uploads\/2022\/09\/muere-isabel-ii-la-monarca-que-no-estaba-destinada-a-reinar-y-termino-haciendolo-por-7-decadas-34.webp 800w\" type=\"image\/webp\" sizes=\"(min-width: 1008px) 645px, 100vw\"><source srcset=\"https:\/\/ichef.bbci.co.uk\/news\/240\/cpsprodpb\/DEAE\/production\/_113060075_126ff028-ad75-4145-b278-cd1dc30b90db.jpg 240w, https:\/\/ichef.bbci.co.uk\/news\/320\/cpsprodpb\/DEAE\/production\/_113060075_126ff028-ad75-4145-b278-cd1dc30b90db.jpg 320w, https:\/\/ichef.bbci.co.uk\/news\/480\/cpsprodpb\/DEAE\/production\/_113060075_126ff028-ad75-4145-b278-cd1dc30b90db.jpg 480w, https:\/\/ichef.bbci.co.uk\/news\/624\/cpsprodpb\/DEAE\/production\/_113060075_126ff028-ad75-4145-b278-cd1dc30b90db.jpg 624w, https:\/\/ichef.bbci.co.uk\/news\/800\/cpsprodpb\/DEAE\/production\/_113060075_126ff028-ad75-4145-b278-cd1dc30b90db.jpg 800w\" type=\"image\/jpeg\" sizes=\"(min-width: 1008px) 645px, 100vw\"><img loading=\"lazy\" src=\"http:\/\/cordobadirecto.com\/wp-content\/uploads\/2022\/09\/muere-isabel-ii-la-monarca-que-no-estaba-destinada-a-reinar-y-termino-haciendolo-por-7-decadas-7.jpg\" alt=\"La reina y el pr\u00edncipe Felipe frente a las flores depositadas en Buckingham tras la muerte de Lady Di.\" width=\"976\" height=\"549\" class=\"e3vrtyk0 bbc-rb7xa0 e1mo64ex0\"><\/picture><\/noscript><\/p>\n<p role=\"text\" class=\"bbc-1s1cxbv ewbcsnk0\"><span class=\"bbc-1gnhmg2 ed7bp6y0\">Fuente de la imagen, <\/span><span lang=\"en-GB\">Getty Images<\/span><\/p>\n<\/div>\n<\/div>\n<div dir=\"ltr\" class=\"bbc-3edg7g ebmt73l0\" readability=\"6.5\"><figcaption dir=\"ltr\" class=\"bbc-rhuvwm e6i104o0\" readability=\"3\"><span class=\"bbc-1gnhmg2 ed7bp6y0\">Pie de foto, <\/span><\/p>\n<p>La reina y el pr\u00edncipe Felipe frente a las flores depositadas en Buckingham tras la muerte de Lady Di.<\/p>\n<\/figcaption><\/div>\n<\/div>\n<\/figure>\n<\/div>\n<div dir=\"ltr\" class=\"bbc-19j92fr ebmt73l0\" readability=\"8\">\n<p dir=\"ltr\" class=\"bbc-hhl7in e17g058b0\">El inesperado fervor mostrado por los brit\u00e1nicos caus\u00f3 en la prensa una ola de cr\u00edticas a la monarqu\u00eda.<\/p>\n<\/div>\n<div dir=\"ltr\" class=\"bbc-19j92fr ebmt73l0\" readability=\"12\">\n<p dir=\"ltr\" class=\"bbc-hhl7in e17g058b0\">Mientras el p\u00fablico se agolpaba en los palacios de Londres dejando flores en homenaje a Lady Di, <b>la reina parec\u00eda reacia a darle la misma solemnidad que a otros grandes momentos de la historia naciona<\/b><b>l<\/b>, y sent\u00eda que como abuela necesitaba apoyar a sus nietos William y Harry en la intimidad del c\u00edrculo familiar.<\/p>\n<\/div>\n<div dir=\"ltr\" class=\"bbc-19j92fr ebmt73l0\" readability=\"13\">\n<p dir=\"ltr\" class=\"bbc-hhl7in e17g058b0\">Tras ser cuestionada desde algunos sectores, y en uno de los actos m\u00e1s claros de renovaci\u00f3n de la familia real, afirm\u00f3 en un discurso por televisi\u00f3n estar dispuesta a escuchar, rindi\u00f3 el homenaje a Diana que muchos de sus s\u00fabditos cre\u00edan adeudado y prometi\u00f3 que la monarqu\u00eda se pondr\u00eda m\u00e1s en consonancia con los tiempos.<\/p>\n<\/div>\n<p><h2 id=\"P\u00e9rdidas-y-celebraciones\" tabindex=\"-1\" class=\"bbc-1f03ibc eglt09e0\">P\u00e9rdidas y celebraciones<\/h2>\n<\/p>\n<div dir=\"ltr\" class=\"bbc-19j92fr ebmt73l0\" readability=\"13\">\n<p dir=\"ltr\" class=\"bbc-hhl7in e17g058b0\">Pese a las muchas crisis que sigui\u00f3 enfrentando, incluido el esc\u00e1ndalo por el v\u00ednculo de su hijo Andr\u00e9s con el empresario estadounidense Jeffrey Epstein -quien se suicid\u00f3 en 2019 en prisi\u00f3n mientras esperaba un juicio por delitos de tr\u00e1fico sexual-, y la decisi\u00f3n del pr\u00edncipe Harry y su esposa Meghan Markle de apartarse de sus funciones como miembros s\u00e9nior de la familia real, Isabel II demostr\u00f3 hasta el final que manten\u00eda el control de la realeza firmemente.<\/p>\n<\/div>\n<div dir=\"ltr\" class=\"bbc-19j92fr ebmt73l0\" readability=\"7\">\n<p dir=\"ltr\" class=\"bbc-hhl7in e17g058b0\">Y que much\u00edsimos de sus s\u00fabditos la respaldaban.<\/p>\n<\/div>\n<div dir=\"ltr\" class=\"bbc-19j92fr ebmt73l0\" readability=\"8\">\n<p dir=\"ltr\" class=\"bbc-hhl7in e17g058b0\">Millones de personas celebraron regularmente en las calles los aniversarios de su coronaci\u00f3n y sus cumplea\u00f1os.<\/p>\n<\/div>\n<div dir=\"ltr\" class=\"bbc-1ka88fa ebmt73l0\">\n<figure class=\"bbc-1qdcvv9 e1aczekt0\">\n<div dir=\"ltr\" class=\"bbc-172p16q ebmt73l0\">\n<div dir=\"ltr\" class=\"bbc-189y18v ebmt73l0\" readability=\"6.5\">\n<div data-e2e=\"image-placeholder\" class=\"bbc-997y1y eihqrxw0\" readability=\"8\"><noscript><picture class=\"bbc-yfiktt e1mo64ex1\"><source srcset=\"http:\/\/cordobadirecto.com\/wp-content\/uploads\/2022\/09\/muere-isabel-ii-la-monarca-que-no-estaba-destinada-a-reinar-y-termino-haciendolo-por-7-decadas-35.webp 240w, http:\/\/cordobadirecto.com\/wp-content\/uploads\/2022\/09\/muere-isabel-ii-la-monarca-que-no-estaba-destinada-a-reinar-y-termino-haciendolo-por-7-decadas-36.webp 320w, http:\/\/cordobadirecto.com\/wp-content\/uploads\/2022\/09\/muere-isabel-ii-la-monarca-que-no-estaba-destinada-a-reinar-y-termino-haciendolo-por-7-decadas-37.webp 480w, http:\/\/cordobadirecto.com\/wp-content\/uploads\/2022\/09\/muere-isabel-ii-la-monarca-que-no-estaba-destinada-a-reinar-y-termino-haciendolo-por-7-decadas-38.webp 624w, http:\/\/cordobadirecto.com\/wp-content\/uploads\/2022\/09\/muere-isabel-ii-la-monarca-que-no-estaba-destinada-a-reinar-y-termino-haciendolo-por-7-decadas-39.webp 800w\" type=\"image\/webp\" sizes=\"(min-width: 1008px) 645px, 100vw\"><source srcset=\"https:\/\/ichef.bbci.co.uk\/news\/240\/cpsprodpb\/79C8\/production\/_99767113_027675021-1.jpg 240w, https:\/\/ichef.bbci.co.uk\/news\/320\/cpsprodpb\/79C8\/production\/_99767113_027675021-1.jpg 320w, https:\/\/ichef.bbci.co.uk\/news\/480\/cpsprodpb\/79C8\/production\/_99767113_027675021-1.jpg 480w, https:\/\/ichef.bbci.co.uk\/news\/624\/cpsprodpb\/79C8\/production\/_99767113_027675021-1.jpg 624w, https:\/\/ichef.bbci.co.uk\/news\/800\/cpsprodpb\/79C8\/production\/_99767113_027675021-1.jpg 800w\" type=\"image\/jpeg\" sizes=\"(min-width: 1008px) 645px, 100vw\"><img loading=\"lazy\" src=\"http:\/\/cordobadirecto.com\/wp-content\/uploads\/2022\/09\/muere-isabel-ii-la-monarca-que-no-estaba-destinada-a-reinar-y-termino-haciendolo-por-7-decadas-8.jpg\" alt=\"Familia real brit\u00e1nica\" width=\"976\" height=\"549\" class=\"e3vrtyk0 bbc-rb7xa0 e1mo64ex0\"><\/picture><\/noscript><\/p>\n<p role=\"text\" class=\"bbc-1s1cxbv ewbcsnk0\"><span class=\"bbc-1gnhmg2 ed7bp6y0\">Fuente de la imagen, <\/span><span lang=\"en-GB\">Getty Images<\/span><\/p>\n<\/div>\n<\/div>\n<div dir=\"ltr\" class=\"bbc-3edg7g ebmt73l0\" readability=\"7\"><figcaption dir=\"ltr\" class=\"bbc-rhuvwm e6i104o0\" readability=\"4\"><span class=\"bbc-1gnhmg2 ed7bp6y0\">Pie de foto, <\/span><\/p>\n<p>Momentos m\u00e1s felices: la monarca brit\u00e1nica saluda a su pueblo al lado de su hijo Carlos, sus nietos y bisnietos.<\/p>\n<\/figcaption><\/div>\n<\/div>\n<\/figure>\n<\/div>\n<div dir=\"ltr\" class=\"bbc-19j92fr ebmt73l0\" readability=\"11\">\n<p dir=\"ltr\" class=\"bbc-hhl7in e17g058b0\">El 9 de septiembre de 2015 se convirti\u00f3<b> en el monarca de reinado m\u00e1s extenso de la historia brit\u00e1nica, superando el de la reina Victoria,<\/b> pero asegur\u00f3 que el t\u00edtulo <b>&#8220;no <\/b><b>era<\/b><b>uno al que haya aspirado&#8221;<\/b>.<\/p>\n<\/div>\n<div dir=\"ltr\" class=\"bbc-19j92fr ebmt73l0\" readability=\"11\">\n<p dir=\"ltr\" class=\"bbc-hhl7in e17g058b0\">En abril de 2021, sufri\u00f3 una de sus p\u00e9rdidas m\u00e1s dolorosas: la <b>muerte del duque de Edimburgo, el hombre con el que estuvo casada 73 a\u00f1os<\/b>, y a quien ella defini\u00f3 como su fortaleza.<\/p>\n<\/div>\n<div dir=\"ltr\" class=\"bbc-19j92fr ebmt73l0\" readability=\"13\">\n<p dir=\"ltr\" class=\"bbc-hhl7in e17g058b0\">&#8220;Ha sido, simplemente, mi fortaleza y se ha quedado todos estos a\u00f1os. Yo, su familia y este y muchos otros pa\u00edses le debemos mucho m\u00e1s de lo que \u00e9l admitir\u00eda y de lo que nunca sabremos&#8221;, dijo la reina en 1997 refiri\u00e9ndose a su marido.<\/p>\n<\/div>\n<div dir=\"ltr\" class=\"bbc-19j92fr ebmt73l0\" readability=\"10\">\n<p dir=\"ltr\" class=\"bbc-hhl7in e17g058b0\">En una imagen que dio la vuelta al mundo, la reina se sent\u00f3 sola en el funeral del pr\u00edncipe Felipe, marcado por las restricciones que impon\u00eda la pandemia de coronavirus.<\/p>\n<\/div>\n<div dir=\"ltr\" class=\"bbc-19j92fr ebmt73l0\" readability=\"11\">\n<p dir=\"ltr\" class=\"bbc-hhl7in e17g058b0\">Aunque al final de su reinado, la monarqu\u00eda puede no haber sido una instituci\u00f3n tan fuerte como lo era al principio, Isabel II estuvo hasta sus \u00faltimos d\u00edas decidida a mantener un lugar de afecto y respeto en los corazones de muchos brit\u00e1nicos.<\/p>\n<\/div>\n<div dir=\"ltr\" class=\"bbc-19j92fr ebmt73l0\" readability=\"9\">\n<p dir=\"ltr\" class=\"bbc-hhl7in e17g058b0\">Con ocasi\u00f3n de su Jubileo de plata, la reina record\u00f3 la promesa que hab\u00eda hecho durante una visita a Sud\u00e1frica 30 a\u00f1os antes.<\/p>\n<\/div>\n<div dir=\"ltr\" class=\"bbc-19j92fr ebmt73l0\" readability=\"12\">\n<p dir=\"ltr\" class=\"bbc-hhl7in e17g058b0\">&#8220;Cuando ten\u00eda 21 a\u00f1os, promet\u00ed mi vida al servicio de nuestra gente y ped\u00ed ayuda a Dios para cumplir ese voto. Aunque ese voto se hizo en mis a\u00f1os de juventud, cuando estaba verde en juicio, no me arrepiento ni me retracto de una sola palabra&#8221;.<\/p>\n<\/div>\n<div dir=\"ltr\" class=\"bbc-19j92fr ebmt73l0\" readability=\"9\">\n<p dir=\"ltr\" class=\"bbc-hhl7in e17g058b0\">Fue, de hecho,<b> el s\u00edmbolo de una naci\u00f3n. <\/b><\/p>\n<\/div>\n","protected":false},"excerpt":{"rendered":"<p>Redacci\u00f3n BBC Mundo 8 horas Fuente de la imagen, Chris Levine\/ Jersey Heritage Trust Las siete d\u00e9cadas del reinado de Isabel II estuvieron marcadas por su fuerte sentido del deber y su determinaci\u00f3n por dedicar su vida al trono y a su pueblo. Para muchos brit\u00e1nicos, la monarca fue el \u00fanico punto constante en un [&hellip;]<\/p>\n","protected":false},"author":1,"featured_media":77084,"comment_status":"closed","ping_status":"closed","sticky":false,"template":"","format":"standard","meta":[],"categories":[24],"tags":[],"_links":{"self":[{"href":"http:\/\/cordobadirecto.com\/index.php\/wp-json\/wp\/v2\/posts\/77083"}],"collection":[{"href":"http:\/\/cordobadirecto.com\/index.php\/wp-json\/wp\/v2\/posts"}],"about":[{"href":"http:\/\/cordobadirecto.com\/index.php\/wp-json\/wp\/v2\/types\/post"}],"author":[{"embeddable":true,"href":"http:\/\/cordobadirecto.com\/index.php\/wp-json\/wp\/v2\/users\/1"}],"replies":[{"embeddable":true,"href":"http:\/\/cordobadirecto.com\/index.php\/wp-json\/wp\/v2\/comments?post=77083"}],"version-history":[{"count":0,"href":"http:\/\/cordobadirecto.com\/index.php\/wp-json\/wp\/v2\/posts\/77083\/revisions"}],"wp:featuredmedia":[{"embeddable":true,"href":"http:\/\/cordobadirecto.com\/index.php\/wp-json\/wp\/v2\/media\/77084"}],"wp:attachment":[{"href":"http:\/\/cordobadirecto.com\/index.php\/wp-json\/wp\/v2\/media?parent=77083"}],"wp:term":[{"taxonomy":"category","embeddable":true,"href":"http:\/\/cordobadirecto.com\/index.php\/wp-json\/wp\/v2\/categories?post=77083"},{"taxonomy":"post_tag","embeddable":true,"href":"http:\/\/cordobadirecto.com\/index.php\/wp-json\/wp\/v2\/tags?post=77083"}],"curies":[{"name":"wp","href":"https:\/\/api.w.org\/{rel}","templated":true}]}}