{"id":77167,"date":"2022-09-08T21:09:17","date_gmt":"2022-09-08T21:09:17","guid":{"rendered":"https:\/\/www.ole.com.ar\/autos\/formula1-hamilton-monza-mercedes-sancion_0_S4fA2LE6GI.html"},"modified":"2022-09-08T21:09:17","modified_gmt":"2022-09-08T21:09:17","slug":"malas-noticias-para-hamilton-luchara-desde-atras-en-monza","status":"publish","type":"post","link":"http:\/\/cordobadirecto.com\/index.php\/2022\/09\/08\/malas-noticias-para-hamilton-luchara-desde-atras-en-monza\/","title":{"rendered":"Malas noticias para Hamilton: luchar\u00e1 desde atr\u00e1s en Monza"},"content":{"rendered":"<p>El pr\u00f3ximo domingo, la <a alt=\"formula-1\" class=\"slug\" href=\"https:\/\/www.ole.com.ar\/tema\/formula-1.html\" target=\"_blank\" title=\"formula-1\" rel=\"noopener\">F\u00f3rmula 1<\/a> ver\u00e1 acci\u00f3n en Italia&nbsp;<a target=\"_blank\" href=\"https:\/\/www.ole.com.ar\/autos\/formula-1-hora-tv-gran-premio-italia_0_09GnmGzKnU.html\" rel=\"noopener\">con el Gran Premio de Monza<\/a>. Y el que la tendr\u00e1&nbsp;dif\u00edcil en ese circuito es <a alt=\"lewis-hamilton\" class=\"slug\" href=\"https:\/\/www.ole.com.ar\/tema\/lewis-hamilton.html\" target=\"_blank\" title=\"lewis-hamilton\" rel=\"noopener\">Lewis Hamilton<\/a>, debido a que recibi\u00f3 una sanci\u00f3n como consecuencia del reemplazo extra reglamentario de la unidad de potencia (es la cuarta que usa en la temporada). <strong>El equipo de <a alt=\"mercedes-benz\" class=\"slug\" href=\"https:\/\/www.ole.com.ar\/tema\/mercedes-benz.html\" target=\"_blank\" title=\"mercedes-benz\" rel=\"noopener\">Mercedes <\/a>comunic\u00f3 que su piloto comenzar\u00e1 desde el fondo de la parrilla.<\/strong><\/p>\n<div class=\"sp__SM\">\n<div class=\"content-new \">\n<span class=\"tit-mobile\">Mir\u00e1 tambi\u00e9n<\/span><\/p>\n<div class=\"mg\">\n<div class=\"wrap-figure\">\n<picture>\n<a href=\"https:\/\/www.ole.com.ar\/autos\/formula-1-hora-tv-gran-premio-italia_0_09GnmGzKnU.html\" target=\"_self\" rel=\"noopener\"><br \/>\n<img class=\"img-responsive\" alt=\"F\u00f3rmula 1: hora y TV del Gran Premio de Italia\" src=\"http:\/\/cordobadirecto.com\/wp-content\/uploads\/2022\/09\/malas-noticias-para-hamilton-luchara-desde-atras-en-monza.jpg\" loading=\"lazy\"><br \/>\n<\/a>\n<\/picture>\n<\/div>\n<\/div><\/div>\n<\/div>\n<p>Este reemplazo se debe a que<strong> el motor del brit\u00e1nico perdi\u00f3 su vida \u00fatil luego del <a href=\"https:\/\/www.ole.com.ar\/autos\/alonso-hamilton-formula-1-conducir_0_c1VV3Dmael.html\" target=\"_blank\" rel=\"noopener\">choque <\/a>entre \u00e9l y <a alt=\"fernando-alonso\" class=\"slug\" href=\"https:\/\/www.ole.com.ar\/tema\/fernando-alonso.html\" target=\"_blank\" title=\"fernando-alonso\" rel=\"noopener\">Fernando Alonso<\/a><\/strong>, en la primera vuelta del circuito de <a href=\"https:\/\/www.ole.com.ar\/autos\/max-verstappen-f1-triunfo-spa_0_01ne0JY7nT.html\" target=\"_blank\" rel=\"noopener\">Spa-Francorchamps<\/a> el pasado 28 de agosto. En esa carrera, el siete veces campe\u00f3n tuvo que abandonar, mientras que el espa\u00f1ol logr\u00f3 finalizar&nbsp;en el quinto lugar.<\/p>\n<div class=\"sp__Normal\">\n<div class=\"image-embeb image-trigger\" readability=\"6\">\n<picture><source media=\"(min-width: 720px)\" srcset=\"http:\/\/cordobadirecto.com\/wp-content\/uploads\/2022\/09\/malas-noticias-para-hamilton-luchara-desde-atras-en-monza-1.jpg\"><img itemprop=\"image\" src=\"http:\/\/cordobadirecto.com\/wp-content\/uploads\/2022\/09\/malas-noticias-para-hamilton-luchara-desde-atras-en-monza-1.jpg\" loading=\"lazy\" alt=\"El choque entre Hamilton y Alonso (AFP).\">\n<\/picture><figcaption readability=\"2\">\n<p>El choque entre Hamilton y Alonso (AFP).\n<\/p>\n<\/figcaption><\/div>\n<\/div>\n<p>El motor que utiliz\u00f3 el piloto de 37 a\u00f1os en Spa&nbsp;estaba siendo estrenado en B\u00e9lgica. Pese a que despu\u00e9s del accidente&nbsp;el equipo de Mercedes le insisti\u00f3 a Hamilton para que detenga el monoplaza&nbsp;con la intenci\u00f3n de preservar la pieza, <strong>finalmente no podr\u00e1 seguir siendo utilizada, aunque en Alemania la est\u00e1n analizando con la intenci\u00f3n de salvar alg\u00fan componente.<\/strong><\/p>\n<div class=\"sp__SM\">\n<div class=\"content-new \">\n<span class=\"tit-mobile\">Mir\u00e1 tambi\u00e9n<\/span><\/p>\n<div class=\"mg\">\n<div class=\"wrap-figure\">\n<picture>\n<a href=\"https:\/\/www.ole.com.ar\/autos\/cronograma-tc2000-villicum_0_w5giLB9qop.html\" target=\"_self\" rel=\"noopener\"><br \/>\n<img class=\"img-responsive\" alt=\"\u00a1Los horarios para la novena!\" src=\"http:\/\/cordobadirecto.com\/wp-content\/uploads\/2022\/09\/malas-noticias-para-hamilton-luchara-desde-atras-en-monza-2.jpg\" loading=\"lazy\"><br \/>\n<\/a>\n<\/picture>\n<\/div>\n<\/div><\/div>\n<\/div>\n<p>El imprevisto dej\u00f3 a Mercedes con poco margen para equipar nuevos componentes y buscar un circuito conveniente para penalizar. Probablemente la elecci\u00f3n de hacerlo en Monza se debe a que esta pista&nbsp;<strong>cuenta con rectas largas y muchas frenadas, las cuales siempre se vieron como buenos puntos de adelantamiento.<\/strong><\/p>\n<div class=\"sp__SM\">\n<div class=\"content-new \">\n<span class=\"tit-mobile\">Mir\u00e1 tambi\u00e9n<\/span><\/p>\n<div class=\"mg\">\n<div class=\"wrap-figure\">\n<picture>\n<a href=\"https:\/\/www.ole.com.ar\/autos\/pilotos-palpitan-mundial_0_WhIZzEfpEq.html\" target=\"_self\" rel=\"noopener\"><br \/>\n<img class=\"img-responsive\" alt=\"\u00bfC\u00f3mo se llevan los pilotos con la pelota?\" src=\"http:\/\/cordobadirecto.com\/wp-content\/uploads\/2022\/09\/malas-noticias-para-hamilton-luchara-desde-atras-en-monza-3.jpg\" loading=\"lazy\"><br \/>\n<\/a>\n<\/picture>\n<\/div>\n<\/div><\/div>\n<\/div>\n<p><strong>El nacido en Stevenage no ser\u00eda el \u00fanico en penalizar en Italia, dado que lo acompa\u00f1ar\u00edan <a alt=\"carlos-sainz\" class=\"slug\" href=\"https:\/\/www.ole.com.ar\/tema\/carlos-sainz.html\" target=\"_blank\" title=\"carlos-sainz\" rel=\"noopener\">Carlos Sainz<\/a> y <a alt=\"valtteri-bottas\" class=\"slug\" href=\"https:\/\/www.ole.com.ar\/tema\/valtteri-bottas.html\" target=\"_blank\" title=\"valtteri-bottas\" rel=\"noopener\">Valtteri Bottas<\/a>. <\/strong>El corredor de <a alt=\"ferrari\" class=\"slug\" href=\"https:\/\/www.ole.com.ar\/tema\/ferrari.html\" target=\"_blank\" title=\"ferrari\" rel=\"noopener\">Ferrari <\/a>tambi\u00e9n cambiar\u00eda varias piezas de la unidad de potencia, lo mismo le ocurre al de Alfa Romeo, que viene sufriendo con la fiabilidad de sus componentes en las \u00faltimas carreras. Adem\u00e1s, se ver\u00e1 penalizado el piloto de <a alt=\"alpha-tauri\" class=\"slug\" href=\"https:\/\/www.ole.com.ar\/tema\/alpha-tauri.html\" target=\"_blank\" title=\"alpha-tauri\" rel=\"noopener\">Alpha Tauri<\/a>, Yuki Tsunoda, por su incidente en Zandvoort.<\/p>\n<div class=\"sp__Normal\">\n<div class=\"image-embeb image-trigger\" readability=\"6\">\n<picture><source media=\"(min-width: 720px)\" srcset=\"http:\/\/cordobadirecto.com\/wp-content\/uploads\/2022\/09\/malas-noticias-para-hamilton-luchara-desde-atras-en-monza-4.jpg\"><img itemprop=\"image\" src=\"http:\/\/cordobadirecto.com\/wp-content\/uploads\/2022\/09\/malas-noticias-para-hamilton-luchara-desde-atras-en-monza-4.jpg\" loading=\"lazy\" alt=\"Sainz tambi\u00e9n ser\u00e1 penalizado (AFP).\">\n<\/picture><figcaption readability=\"2\">\n<p>Sainz tambi\u00e9n ser\u00e1 penalizado (AFP).\n<\/p>\n<\/figcaption><\/div>\n<\/div>\n<h2><strong>Leclerc pierde las esperanzas en Monza<\/strong><\/h2>\n<p><strong>\u200b<\/strong>El piloto de Ferrari, escolta de <a alt=\"max-verstappen\" class=\"slug\" href=\"https:\/\/www.ole.com.ar\/tema\/max-verstappen.html\" target=\"_blank\" title=\"max-verstappen\" rel=\"noopener\">Max Verstappen<\/a> en la general, considera que el piloto de Red Bull tiene todas las de ganar este fin de semana. &#8220;Creo que va a ser un fin de semana un poco dif\u00edcil, al menos sobre los papeles&#8221;, dijo el monegasco sobre lo que se viene. <strong>\u201cEsperamos que Red Bull sea m\u00e1s fuerte. Las caracter\u00edsticas de la pista no se ajustan exactamente a nuestro coche\u201d<\/strong>, explic\u00f3 el piloto de 24 a\u00f1os, reconociendo los altibajos de su monoplaza.<\/p>\n<div class=\"sp__SM\">\n<div class=\"content-new \">\n<span class=\"tit-mobile\">Mir\u00e1 tambi\u00e9n<\/span><\/p>\n<div class=\"mg\">\n<div class=\"wrap-figure\">\n<picture>\n<a href=\"https:\/\/www.ole.com.ar\/autos\/denuncia-acoso-sexual-tribunas-formula-1_0_qeeeV8CnTB.html\" target=\"_self\" rel=\"noopener\"><br \/>\n<img class=\"img-responsive\" alt=\"Fan\u00e1ticas de la F\u00f3rmula 1 denunciaron acosos en las tribunas del GP de Paises Bajos\" src=\"http:\/\/cordobadirecto.com\/wp-content\/uploads\/2022\/09\/malas-noticias-para-hamilton-luchara-desde-atras-en-monza-5.jpg\" loading=\"lazy\"><br \/>\n<\/a>\n<\/picture>\n<\/div>\n<\/div><\/div>\n<\/div>\n<p>\u201cSu principal fortaleza este a\u00f1o est\u00e1 en la velocidad en rectas. Parece que somos un poco m\u00e1s r\u00e1pidos en las curvas, pero <strong>en pistas como esta no es suficiente para recuperar la ventaja que tienen en las rectas\u201d<\/strong>, continu\u00f3 Leclerc.&nbsp;<\/p>\n<div class=\"sp__Normal\">\n<div class=\"image-embeb image-trigger\" readability=\"7\">\n<picture><source media=\"(min-width: 720px)\" srcset=\"http:\/\/cordobadirecto.com\/wp-content\/uploads\/2022\/09\/malas-noticias-para-hamilton-luchara-desde-atras-en-monza-6.jpg\"><img itemprop=\"image\" src=\"http:\/\/cordobadirecto.com\/wp-content\/uploads\/2022\/09\/malas-noticias-para-hamilton-luchara-desde-atras-en-monza-6.jpg\" loading=\"lazy\" alt=\"Leclerc, a priori, ve un fin de semana complicado (AFP).\">\n<\/picture><figcaption readability=\"4\">\n<p>Leclerc, a priori, ve un fin de semana complicado (AFP).\n<\/p>\n<\/figcaption><\/div>\n<\/div>\n<p>Sin embargo, Leclerc no quiere tirar la toalla antes de tiempo, por lo que expres\u00f3 que <strong>&#8220;hemos tenido algunas sorpresas buenas y malas este a\u00f1o, as\u00ed que espero que esta sea una de las buenas<\/strong> y que tengamos un rendimiento superior al esperado\u201d.<\/p>\n<h2><strong>C\u00f3mo viene el fin de semana<\/strong> <strong>\u200b<\/strong><\/h2>\n<p>Este viernes 11 de septiembre comenzar\u00e1 la jornada con dos pr\u00e1cticas, que ser\u00e1n realizadas primero desde las 9.00 (hora de Argentina) hasta las 10 y luego otra entre las 12 y las 13. Con los primeros dos entrenamientos completados, se har\u00e1 uno m\u00e1s el s\u00e1bado desde las 8 hasta las 9. <strong>La clasificaci\u00f3n se llevar\u00e1 a cabo a partir de las 11 y finalizar\u00e1 a las 12. Con esta se determinar\u00e1n las posiciones en las que saldr\u00e1n al otro d\u00eda.<\/strong><\/p>\n<div class=\"sp__SM\">\n<div class=\"content-new \">\n<span class=\"tit-mobile\">Mir\u00e1 tambi\u00e9n<\/span><\/p>\n<div class=\"mg\">\n<div class=\"wrap-figure\">\n<picture>\n<a href=\"https:\/\/www.ole.com.ar\/autos\/ferrari-errores-2022-leclerc-sainz_0_ZwYOri4FDs.html\" target=\"_self\" rel=\"noopener\"><br \/>\n<img class=\"img-responsive\" alt=\"Ferrari al rojo vivo: ins\u00f3litos errores y un campeonato casi perdido\" src=\"http:\/\/cordobadirecto.com\/wp-content\/uploads\/2022\/09\/malas-noticias-para-hamilton-luchara-desde-atras-en-monza-7.jpg\" loading=\"lazy\"><br \/>\n<\/a>\n<\/picture>\n<\/div>\n<\/div><\/div>\n<\/div>\n<p><strong>El Gran Premio finalizar\u00e1 con la carrera final, el domingo 13, que empezar\u00e1 desde las 10.<\/strong> Todo el fin de semana en Monza se podr\u00e1 seguir a trav\u00e9s de Fox Sports, Star+ y la plataforma oficial de la categor\u00eda.<\/p>\n<div class=\"entry-tags\">\n<h2>TEMAS QUE APARECEN EN ESTA NOTA<\/h2>\n<\/p><\/div>\n","protected":false},"excerpt":{"rendered":"<p>El pr\u00f3ximo domingo, la F\u00f3rmula 1 ver\u00e1 acci\u00f3n en Italia&nbsp;con el Gran Premio de Monza. Y el que la tendr\u00e1&nbsp;dif\u00edcil en ese circuito es Lewis Hamilton, debido a que recibi\u00f3 una sanci\u00f3n como consecuencia del reemplazo extra reglamentario de la unidad de potencia (es la cuarta que usa en la temporada). El equipo de Mercedes [&hellip;]<\/p>\n","protected":false},"author":1,"featured_media":77168,"comment_status":"closed","ping_status":"closed","sticky":false,"template":"","format":"standard","meta":[],"categories":[21],"tags":[],"_links":{"self":[{"href":"http:\/\/cordobadirecto.com\/index.php\/wp-json\/wp\/v2\/posts\/77167"}],"collection":[{"href":"http:\/\/cordobadirecto.com\/index.php\/wp-json\/wp\/v2\/posts"}],"about":[{"href":"http:\/\/cordobadirecto.com\/index.php\/wp-json\/wp\/v2\/types\/post"}],"author":[{"embeddable":true,"href":"http:\/\/cordobadirecto.com\/index.php\/wp-json\/wp\/v2\/users\/1"}],"replies":[{"embeddable":true,"href":"http:\/\/cordobadirecto.com\/index.php\/wp-json\/wp\/v2\/comments?post=77167"}],"version-history":[{"count":0,"href":"http:\/\/cordobadirecto.com\/index.php\/wp-json\/wp\/v2\/posts\/77167\/revisions"}],"wp:featuredmedia":[{"embeddable":true,"href":"http:\/\/cordobadirecto.com\/index.php\/wp-json\/wp\/v2\/media\/77168"}],"wp:attachment":[{"href":"http:\/\/cordobadirecto.com\/index.php\/wp-json\/wp\/v2\/media?parent=77167"}],"wp:term":[{"taxonomy":"category","embeddable":true,"href":"http:\/\/cordobadirecto.com\/index.php\/wp-json\/wp\/v2\/categories?post=77167"},{"taxonomy":"post_tag","embeddable":true,"href":"http:\/\/cordobadirecto.com\/index.php\/wp-json\/wp\/v2\/tags?post=77167"}],"curies":[{"name":"wp","href":"https:\/\/api.w.org\/{rel}","templated":true}]}}