{"id":775,"date":"2021-02-01T17:37:30","date_gmt":"2021-02-01T17:37:30","guid":{"rendered":"http:\/\/cordobadirecto.com\/index.php\/2021\/02\/01\/schiaretti-prometio-vacunar-al-70-de-la-poblacion-de-cordoba-al-inaugurar-el-ano-legislativo\/"},"modified":"2021-02-01T17:37:30","modified_gmt":"2021-02-01T17:37:30","slug":"schiaretti-prometio-vacunar-al-70-de-la-poblacion-de-cordoba-al-inaugurar-el-ano-legislativo","status":"publish","type":"post","link":"http:\/\/cordobadirecto.com\/index.php\/2021\/02\/01\/schiaretti-prometio-vacunar-al-70-de-la-poblacion-de-cordoba-al-inaugurar-el-ano-legislativo\/","title":{"rendered":"Schiaretti prometi\u00f3 vacunar al 70% de la poblaci\u00f3n de <b>C\u00f3rdoba<\/b>, al inaugurar el a\u00f1o legislativo"},"content":{"rendered":"<p>Schiaretti prometi\u00f3 vacunar al 70% de la poblaci\u00f3n de <b>C\u00f3rdoba<\/b>, &#8230; Por otro lado, Schiaretti sostuvo que en el pa\u00eds y el mundo &quot;hay una <b>nueva<\/b> realidad &#8230; la crisis <b>econ\u00f3mica<\/b> del pa\u00eds, como consecuencia del coronavirus, el Gobierno&nbsp;&#8230; <\/p>\n","protected":false},"excerpt":{"rendered":"<p>Schiaretti prometi\u00f3 vacunar al 70% de la poblaci\u00f3n de C\u00f3rdoba, &#8230; Por otro lado, Schiaretti sostuvo que en el pa\u00eds y el mundo &quot;hay una nueva realidad &#8230; la crisis econ\u00f3mica del pa\u00eds, como consecuencia del coronavirus, el Gobierno&nbsp;&#8230;<\/p>\n","protected":false},"author":1,"featured_media":0,"comment_status":"closed","ping_status":"closed","sticky":false,"template":"","format":"standard","meta":[],"categories":[40],"tags":[],"_links":{"self":[{"href":"http:\/\/cordobadirecto.com\/index.php\/wp-json\/wp\/v2\/posts\/775"}],"collection":[{"href":"http:\/\/cordobadirecto.com\/index.php\/wp-json\/wp\/v2\/posts"}],"about":[{"href":"http:\/\/cordobadirecto.com\/index.php\/wp-json\/wp\/v2\/types\/post"}],"author":[{"embeddable":true,"href":"http:\/\/cordobadirecto.com\/index.php\/wp-json\/wp\/v2\/users\/1"}],"replies":[{"embeddable":true,"href":"http:\/\/cordobadirecto.com\/index.php\/wp-json\/wp\/v2\/comments?post=775"}],"version-history":[{"count":0,"href":"http:\/\/cordobadirecto.com\/index.php\/wp-json\/wp\/v2\/posts\/775\/revisions"}],"wp:attachment":[{"href":"http:\/\/cordobadirecto.com\/index.php\/wp-json\/wp\/v2\/media?parent=775"}],"wp:term":[{"taxonomy":"category","embeddable":true,"href":"http:\/\/cordobadirecto.com\/index.php\/wp-json\/wp\/v2\/categories?post=775"},{"taxonomy":"post_tag","embeddable":true,"href":"http:\/\/cordobadirecto.com\/index.php\/wp-json\/wp\/v2\/tags?post=775"}],"curies":[{"name":"wp","href":"https:\/\/api.w.org\/{rel}","templated":true}]}}