{"id":7775,"date":"2021-06-07T07:31:00","date_gmt":"2021-06-07T07:31:00","guid":{"rendered":"https:\/\/lmdiario.com.ar\/contenido\/292200\/fin-del-misterio-el-indio-solari-explico-el-significado-de-nam-fri-frufi-fali-fr"},"modified":"2021-06-07T07:31:00","modified_gmt":"2021-06-07T07:31:00","slug":"fin-del-misterio-el-indio-solari-explico-el-significado-de-nam-fri-frufi-fali-fru","status":"publish","type":"post","link":"http:\/\/cordobadirecto.com\/index.php\/2021\/06\/07\/fin-del-misterio-el-indio-solari-explico-el-significado-de-nam-fri-frufi-fali-fru\/","title":{"rendered":"Fin del misterio: el Indio Solari explic\u00f3 el significado de &#8220;\u00d1am fri frufi fali fru&#8221;"},"content":{"rendered":"<div readability=\"32\"> <img alt=\"Indio Solari Archivo\" class=\"img-responsive\" height=\"667\" loading=\"lazy\" sizes=\"auto\" src=\"http:\/\/cordobadirecto.com\/wp-content\/uploads\/2021\/06\/fin-del-misterio-el-indio-solari-explico-el-significado-de-nam-fri-frufi-fali-fru.jpg\" srcset=\"http:\/\/cordobadirecto.com\/wp-content\/uploads\/2021\/06\/fin-del-misterio-el-indio-solari-explico-el-significado-de-nam-fri-frufi-fali-fru.jpg 1000w, http:\/\/cordobadirecto.com\/wp-content\/uploads\/2021\/06\/fin-del-misterio-el-indio-solari-explico-el-significado-de-nam-fri-frufi-fali-fru-1.jpg 400w\" width=\"1000\"> <\/p>\n<p> <span>Carlos &#8220;Indio&#8221; Solari devel\u00f3 el misterio.<\/span> <span>Foto: archivo<\/span> <\/p>\n<\/p><\/div>\n<div readability=\"54.802139037433\">\n<p>Carlos \u201cEl Indio\u201d Solari, quien durante el fin de semana subi\u00f3 a sus plataformas digitales la versi\u00f3n en directo de &#8220;Strangerdanger&#8221;, que cant\u00f3 virtualmente con su banda Los Fundamentalistas del Aire Acondicionado en Epecu\u00e9n, <strong>revel\u00f3 en sus redes sociales el significado el significado de &#8220;\u00d1am fri frufi fali fru&#8221;, el cl\u00e1sico de Patricio Rey y sus Redonditos de Ricota.<\/strong><\/p>\n<p>Solari sorprendi\u00f3 en las redes sociales al responderle a un usuario por la canci\u00f3n editada en &#8220;Gulp&#8221; en 1985: \u201c\u00bfQu\u00e9 quiso decir con \u00d1am fri frufi fali fru, mister?&#8221;, <strong>abri\u00f3 el debate un fan\u00e1tico que comenz\u00f3 a disparar las respuestas de otros seguidores hasta que el m\u00fasico finalmente le puso fin a todas las dudas.<\/strong><\/p>\n<p><strong>\u201cEsos sonidos los produc\u00eda una amiga cuando recorr\u00eda mi cuello con besos cortitos. Una pavada, bah&#8221;, <\/strong>le respondi\u00f3 el artista en Instagram a un usuario que hab\u00eda comentado su publicaci\u00f3n sobre el lanzamiento en plataformas de la versi\u00f3n de la que la banda de Solari brind\u00f3 en el mes de abril y en el que \u00e9l sorprendiera con su irrupci\u00f3n de manera virtual para cantar desde su estudio de grabaci\u00f3n dos nuevas canciones y estrenar tambi\u00e9n en vivo &#8220;Strangerdanger&#8221;.<\/p>\n<p>Por su parte, el artista tambi\u00e9n utiliz\u00f3 su cuenta oficial de Instagram para compartir una nueva emisi\u00f3n de &#8220;El mister nos lee&#8221;, el micro radial que hace para FM La Patriada donde le pone voz a distintas lecturas, en este caso con &#8220;Mancos&#8221;, un cuento del franc\u00e9s Alphonse Allais.<\/p>\n<p><span>Fuente: T\u00e9lam<\/span><\/p>\n<p><span>Noticias relacionadas:<\/span><\/p>\n<\/p><\/div>\n","protected":false},"excerpt":{"rendered":"<p>Carlos &#8220;Indio&#8221; Solari devel\u00f3 el misterio. Foto: archivo Carlos \u201cEl Indio\u201d Solari, quien durante el fin de semana subi\u00f3 a sus plataformas digitales la versi\u00f3n en directo de &#8220;Strangerdanger&#8221;, que cant\u00f3 virtualmente con su banda Los Fundamentalistas del Aire Acondicionado en Epecu\u00e9n, revel\u00f3 en sus redes sociales el significado el significado de &#8220;\u00d1am fri frufi [&hellip;]<\/p>\n","protected":false},"author":1,"featured_media":7776,"comment_status":"closed","ping_status":"closed","sticky":false,"template":"","format":"standard","meta":[],"categories":[20],"tags":[],"_links":{"self":[{"href":"http:\/\/cordobadirecto.com\/index.php\/wp-json\/wp\/v2\/posts\/7775"}],"collection":[{"href":"http:\/\/cordobadirecto.com\/index.php\/wp-json\/wp\/v2\/posts"}],"about":[{"href":"http:\/\/cordobadirecto.com\/index.php\/wp-json\/wp\/v2\/types\/post"}],"author":[{"embeddable":true,"href":"http:\/\/cordobadirecto.com\/index.php\/wp-json\/wp\/v2\/users\/1"}],"replies":[{"embeddable":true,"href":"http:\/\/cordobadirecto.com\/index.php\/wp-json\/wp\/v2\/comments?post=7775"}],"version-history":[{"count":0,"href":"http:\/\/cordobadirecto.com\/index.php\/wp-json\/wp\/v2\/posts\/7775\/revisions"}],"wp:featuredmedia":[{"embeddable":true,"href":"http:\/\/cordobadirecto.com\/index.php\/wp-json\/wp\/v2\/media\/7776"}],"wp:attachment":[{"href":"http:\/\/cordobadirecto.com\/index.php\/wp-json\/wp\/v2\/media?parent=7775"}],"wp:term":[{"taxonomy":"category","embeddable":true,"href":"http:\/\/cordobadirecto.com\/index.php\/wp-json\/wp\/v2\/categories?post=7775"},{"taxonomy":"post_tag","embeddable":true,"href":"http:\/\/cordobadirecto.com\/index.php\/wp-json\/wp\/v2\/tags?post=7775"}],"curies":[{"name":"wp","href":"https:\/\/api.w.org\/{rel}","templated":true}]}}