{"id":7777,"date":"2021-06-05T10:53:00","date_gmt":"2021-06-05T10:53:00","guid":{"rendered":"https:\/\/lmdiario.com.ar\/contenido\/292004\/copa-america-casemiro-pone-un-manto-de-duda-con-la-postura-de-los-jugadores"},"modified":"2021-06-05T10:53:00","modified_gmt":"2021-06-05T10:53:00","slug":"copa-america-casemiro-pone-un-manto-de-duda-con-la-postura-de-los-jugadores","status":"publish","type":"post","link":"http:\/\/cordobadirecto.com\/index.php\/2021\/06\/05\/copa-america-casemiro-pone-un-manto-de-duda-con-la-postura-de-los-jugadores\/","title":{"rendered":"Copa Am\u00e9rica: Casemiro pone un manto de duda con la postura de los jugadores"},"content":{"rendered":"<div readability=\"35\"> <img alt=\"casemiro\" class=\"img-responsive\" height=\"342\" loading=\"lazy\" sizes=\"auto\" src=\"http:\/\/cordobadirecto.com\/wp-content\/uploads\/2021\/06\/copa-america-casemiro-pone-un-manto-de-duda-con-la-postura-de-los-jugadores.jpg\" srcset=\"http:\/\/cordobadirecto.com\/wp-content\/uploads\/2021\/06\/copa-america-casemiro-pone-un-manto-de-duda-con-la-postura-de-los-jugadores.jpg 608w, http:\/\/cordobadirecto.com\/wp-content\/uploads\/2021\/06\/copa-america-casemiro-pone-un-manto-de-duda-con-la-postura-de-los-jugadores-1.jpg 400w\" width=\"608\"> <\/p>\n<p> <span> &#8220;No podemos hablar m\u00e1s porque todo el mundo sabe qu\u00e9 pensamos. M\u00e1s claro, imposible&#8221;, dijo el futbol\u00edsta. Foto: gentileza<\/span> <\/p>\n<\/p><\/div>\n<div readability=\"53.160864345738\">\n<p><strong>El volante de Real Madrid y Selecci\u00f3n de Brasil Casemiro puso un manto de intriga en relaci\u00f3n a la realizaci\u00f3n de la Copa Am\u00e9rica en su pa\u00eds<\/strong>, con un mensaje particular una vez finalizado el partido ante Ecuador, por Eliminatoria Sudamericanas.<\/p>\n<p><strong>&#8220;Nuestra posici\u00f3n ya se conoce&#8221;<\/strong>, arranc\u00f3 diciendo Casermiro.<strong> &#8220;No podemos hablar m\u00e1s porque todo el mundo sabe qu\u00e9 pensamos. M\u00e1s claro, imposible. Hay respeto mucho respeto de nuestra parte<\/strong>. Cada vez que queremos opinar ocurren muchas cosas. Queremos hablar despu\u00e9s del partido con Paraguay porque el camino para el Mundial es nuestro foco. Queremos expresar nuestra opini\u00f3n&#8221;, sentenci\u00f3.<\/p>\n<p>&#8220;Ya Tite explic\u00f3 cu\u00e1l es la situaci\u00f3n. <strong>Yo como capit\u00e1n y \u00e9l como l\u00edder de los jugadores. Cuando habla \u00e9l, habla todo el grupo. Nuestra posici\u00f3n es un\u00e1nime, estamos todos juntos&#8221;<\/strong>, sostuvo.<\/p>\n<p>Con esta exposici\u00f3n formal, la Confederaci\u00f3n Brasile\u00f1a de F\u00fatbol busca convencer a los jugadores de que jueguen el m\u00e1ximo torneo continental de Selecciones. <strong>Versiones indican que el DT &nbsp;Tite no le gust\u00f3 que se aceptara el pedido de la Conmebol por ser locales.<\/strong> Adem\u00e1s, su posici\u00f3n pol\u00edtica es muy contraria a la del presidente del pa\u00eds, Jair Bolsonaro.<\/p>\n<p>Nota relacionada:&nbsp;<\/p>\n<\/p><\/div>\n","protected":false},"excerpt":{"rendered":"<p>&#8220;No podemos hablar m\u00e1s porque todo el mundo sabe qu\u00e9 pensamos. M\u00e1s claro, imposible&#8221;, dijo el futbol\u00edsta. Foto: gentileza El volante de Real Madrid y Selecci\u00f3n de Brasil Casemiro puso un manto de intriga en relaci\u00f3n a la realizaci\u00f3n de la Copa Am\u00e9rica en su pa\u00eds, con un mensaje particular una vez finalizado el partido [&hellip;]<\/p>\n","protected":false},"author":1,"featured_media":7778,"comment_status":"open","ping_status":"closed","sticky":false,"template":"","format":"standard","meta":[],"categories":[21],"tags":[],"_links":{"self":[{"href":"http:\/\/cordobadirecto.com\/index.php\/wp-json\/wp\/v2\/posts\/7777"}],"collection":[{"href":"http:\/\/cordobadirecto.com\/index.php\/wp-json\/wp\/v2\/posts"}],"about":[{"href":"http:\/\/cordobadirecto.com\/index.php\/wp-json\/wp\/v2\/types\/post"}],"author":[{"embeddable":true,"href":"http:\/\/cordobadirecto.com\/index.php\/wp-json\/wp\/v2\/users\/1"}],"replies":[{"embeddable":true,"href":"http:\/\/cordobadirecto.com\/index.php\/wp-json\/wp\/v2\/comments?post=7777"}],"version-history":[{"count":0,"href":"http:\/\/cordobadirecto.com\/index.php\/wp-json\/wp\/v2\/posts\/7777\/revisions"}],"wp:featuredmedia":[{"embeddable":true,"href":"http:\/\/cordobadirecto.com\/index.php\/wp-json\/wp\/v2\/media\/7778"}],"wp:attachment":[{"href":"http:\/\/cordobadirecto.com\/index.php\/wp-json\/wp\/v2\/media?parent=7777"}],"wp:term":[{"taxonomy":"category","embeddable":true,"href":"http:\/\/cordobadirecto.com\/index.php\/wp-json\/wp\/v2\/categories?post=7777"},{"taxonomy":"post_tag","embeddable":true,"href":"http:\/\/cordobadirecto.com\/index.php\/wp-json\/wp\/v2\/tags?post=7777"}],"curies":[{"name":"wp","href":"https:\/\/api.w.org\/{rel}","templated":true}]}}