{"id":7819,"date":"2021-06-07T15:48:00","date_gmt":"2021-06-07T15:48:00","guid":{"rendered":"http:\/\/cordobadirecto.com\/index.php\/2021\/06\/07\/moderna-pidio-autorizacion-de-su-vacuna-para-adolescentes-en-europa-y-canada\/"},"modified":"2021-06-07T15:48:00","modified_gmt":"2021-06-07T15:48:00","slug":"moderna-pidio-autorizacion-de-su-vacuna-para-adolescentes-en-europa-y-canada","status":"publish","type":"post","link":"http:\/\/cordobadirecto.com\/index.php\/2021\/06\/07\/moderna-pidio-autorizacion-de-su-vacuna-para-adolescentes-en-europa-y-canada\/","title":{"rendered":"Moderna pidi\u00f3 autorizaci\u00f3n de su vacuna para adolescentes en Europa y Canad\u00e1"},"content":{"rendered":"<div class=\"image\" id=\"image\" readability=\"9\"> <img src=\"http:\/\/cordobadirecto.com\/wp-content\/uploads\/2021\/06\/moderna-pidio-autorizacion-de-su-vacuna-para-adolescentes-en-europa-y-canada.jpg\" alt=\"Los adolescentes son mucho menos susceptibles al virus que los grupos de mayor edad, y la principal raz\u00f3n para vacunarlos es reducir la transmisi\u00f3n.\" title=\"Los adolescentes son mucho menos susceptibles al virus que los grupos de mayor edad, y la principal raz\u00f3n para vacunarlos es reducir la transmisi\u00f3n.\"><\/p>\n<p>Los adolescentes son mucho menos susceptibles al virus que los grupos de mayor edad, y la principal raz\u00f3n para vacunarlos es reducir la transmisi\u00f3n.<\/p>\n<\/div>\n<p>La empresa biotecnol\u00f3gica estadounidense Moderna anunci\u00f3 este lunes que present\u00f3 solicitudes en Canad\u00e1 y la Uni\u00f3n Europea para la autorizaci\u00f3n de su vacuna contra el coronavirus en adolescentes.<\/p>\n<p>Moderna dijo que tiene previsto solicitar la aprobaci\u00f3n de emergencia a la Administraci\u00f3n de Alimentos y Medicamentos de los Estados Unidos (FDA), donde la vacuna de Pfizer\/BioNTech ya se est\u00e1 administrando a los adolescentes de 12 a\u00f1os en adelante.<\/p>\n<p><strong>&#8220;Nos complace anunciar que hemos solicitado la aprobaci\u00f3n condicional de comercializaci\u00f3n de nuestra vacuna Covid-19 ante la Agencia Europea del Medicamento para su uso en adolescentes en la Uni\u00f3n Europea&#8221;<\/strong>, dijo el director general de Moderna, Stephane Bancel, inform\u00f3 la agencia de noticias AFP.<\/p>\n<p>Tambi\u00e9n afirm\u00f3 a finales de mayo que su vacuna <strong>era &#8220;altamente eficaz&#8221; en adolescentes de entre 12 y 17 a\u00f1os<\/strong>, seg\u00fan los resultados de los <strong>ensayos cl\u00ednicos realizados con m\u00e1s de 3.700 participantes<\/strong> en ese rango etario en Estados Unidos.<\/p>\n<p>&#8220;Nos alienta el hecho de que la vacuna Covid-19 de Moderna haya sido altamente eficaz en la prevenci\u00f3n de la infecci\u00f3n por Covid-19 y SARS-CoV-2 en adolescentes&#8221;, agreg\u00f3 Bancel en un comunicado donde se detalla adem\u00e1s que solicitaron la autorizaci\u00f3n ante Health Canada, responsable de Salud en el pa\u00eds.<\/p>\n<p>Los adolescentes son mucho menos susceptibles al virus que los grupos de mayor edad, y la principal raz\u00f3n para vacunarlos es reducir la transmisi\u00f3n.<\/p>\n<p><strong>Sin embargo, pueden darse casos extremadamente raros graves de Covid-19, as\u00ed como una complicaci\u00f3n postviral llamada s\u00edndrome inflamatorio multisist\u00e9mico, indic\u00f3 la agencia francesa.<\/strong><\/p>\n<p>El r\u00e9gimen de <strong>dos inyecciones de Moderna<\/strong> tiene una <strong>eficacia de alrededor del 90% contra la Covid-19 sintom\u00e1tico y del 95% contra la enfermedad grave.<\/strong><\/p>\n<p>La vacuna fue &#8220;generalmente bien tolerada&#8221; entre los adolescentes, y \u201chasta la fecha, no se han identificado problemas de seguridad significativos\u201d, dijo la compa\u00f1\u00eda.<\/p>\n<p>El mes pasado, la Academia Americana de Pediatr\u00eda calific\u00f3 la autorizaci\u00f3n de la vacuna Covid de Pfizer para los adolescentes como una herramienta importante para que m\u00e1s escuelas vuelvan al aprendizaje presencial este oto\u00f1o boreal.&nbsp; <\/p>\n","protected":false},"excerpt":{"rendered":"<p>Los adolescentes son mucho menos susceptibles al virus que los grupos de mayor edad, y la principal raz\u00f3n para vacunarlos es reducir la transmisi\u00f3n. La empresa biotecnol\u00f3gica estadounidense Moderna anunci\u00f3 este lunes que present\u00f3 solicitudes en Canad\u00e1 y la Uni\u00f3n Europea para la autorizaci\u00f3n de su vacuna contra el coronavirus en adolescentes. Moderna dijo que [&hellip;]<\/p>\n","protected":false},"author":1,"featured_media":7820,"comment_status":"closed","ping_status":"closed","sticky":false,"template":"","format":"standard","meta":[],"categories":[24],"tags":[],"_links":{"self":[{"href":"http:\/\/cordobadirecto.com\/index.php\/wp-json\/wp\/v2\/posts\/7819"}],"collection":[{"href":"http:\/\/cordobadirecto.com\/index.php\/wp-json\/wp\/v2\/posts"}],"about":[{"href":"http:\/\/cordobadirecto.com\/index.php\/wp-json\/wp\/v2\/types\/post"}],"author":[{"embeddable":true,"href":"http:\/\/cordobadirecto.com\/index.php\/wp-json\/wp\/v2\/users\/1"}],"replies":[{"embeddable":true,"href":"http:\/\/cordobadirecto.com\/index.php\/wp-json\/wp\/v2\/comments?post=7819"}],"version-history":[{"count":0,"href":"http:\/\/cordobadirecto.com\/index.php\/wp-json\/wp\/v2\/posts\/7819\/revisions"}],"wp:featuredmedia":[{"embeddable":true,"href":"http:\/\/cordobadirecto.com\/index.php\/wp-json\/wp\/v2\/media\/7820"}],"wp:attachment":[{"href":"http:\/\/cordobadirecto.com\/index.php\/wp-json\/wp\/v2\/media?parent=7819"}],"wp:term":[{"taxonomy":"category","embeddable":true,"href":"http:\/\/cordobadirecto.com\/index.php\/wp-json\/wp\/v2\/categories?post=7819"},{"taxonomy":"post_tag","embeddable":true,"href":"http:\/\/cordobadirecto.com\/index.php\/wp-json\/wp\/v2\/tags?post=7819"}],"curies":[{"name":"wp","href":"https:\/\/api.w.org\/{rel}","templated":true}]}}