{"id":7840,"date":"2021-06-05T08:47:00","date_gmt":"2021-06-05T08:47:00","guid":{"rendered":"https:\/\/lmdiario.com.ar\/contenido\/292003\/belgrano-presenta-al-chiche-sosa-como-captador-de-talentos"},"modified":"2021-06-05T08:47:00","modified_gmt":"2021-06-05T08:47:00","slug":"belgrano-presenta-al-chiche-sosa-como-captador-de-talentos","status":"publish","type":"post","link":"http:\/\/cordobadirecto.com\/index.php\/2021\/06\/05\/belgrano-presenta-al-chiche-sosa-como-captador-de-talentos\/","title":{"rendered":"Belgrano presenta al &#8220;Chiche&#8221; Sosa como captador de talentos"},"content":{"rendered":"<div readability=\"35\"> <img alt=\" Luis &quot;Chiche&quot; Sosa \" class=\"img-responsive\" height=\"323\" loading=\"lazy\" sizes=\"auto\" src=\"http:\/\/cordobadirecto.com\/wp-content\/uploads\/2021\/06\/belgrano-presenta-al-chiche-sosa-como-captador-de-talentos.jpg\" srcset=\"http:\/\/cordobadirecto.com\/wp-content\/uploads\/2021\/06\/belgrano-presenta-al-chiche-sosa-como-captador-de-talentos.jpg 461w\" width=\"461\"> <\/p>\n<p> <span>El &#8220;Chiche&#8221; fue DT interino de Belgrano, luego coordinador &nbsp;de inferiore en el proceso de Armando P\u00e9rez al frente del club y tambi\u00e9n entrenador. Ahora regresa en el \u00e1rea donde m\u00e1s se ha capacitado. Foto: Belgrano <\/span> <\/p>\n<\/p><\/div>\n<div readability=\"46.713008937438\">\n<p><strong>El \u00eddolo de Belgrano Luis &#8220;Chiche&#8221; Sosa se suma formalmente a la estrutura del club en la gesti\u00f3n del presidente Luis Artime, en las divisiones inferiores. <\/strong>Ya hab\u00edan existido conversaciones en ese sentido, y finalmente llegaron a un acuerdo.<\/p>\n<p>&#8220;Luis Ernesto Sosa se integra a #Belgrano como Responsable del \u00c1rea de Captaci\u00f3n y Reclutamiento de Juveniles y miembro del Directorio Deportivo. \u00a1Bienvenido a tu casa, Chiche! &#8220;, fue el saludo oficial de la cuenta de Belgrano, al anunciar al ex enganche uruguayo como parte del proyecto deportivo.<\/p>\n<p><strong>El &#8220;Chiche&#8221; fue DT interino de Belgrano, luego coordinador &nbsp;de inferiore en el proceso de Armando P\u00e9rez al frente del club y tambi\u00e9n entrenador. <\/strong>Ahora regresa en el \u00e1rea donde m\u00e1s se ha capacitado.<\/p>\n<\/p><\/div>\n","protected":false},"excerpt":{"rendered":"<p>El &#8220;Chiche&#8221; fue DT interino de Belgrano, luego coordinador &nbsp;de inferiore en el proceso de Armando P\u00e9rez al frente del club y tambi\u00e9n entrenador. Ahora regresa en el \u00e1rea donde m\u00e1s se ha capacitado. Foto: Belgrano El \u00eddolo de Belgrano Luis &#8220;Chiche&#8221; Sosa se suma formalmente a la estrutura del club en la gesti\u00f3n del [&hellip;]<\/p>\n","protected":false},"author":1,"featured_media":7841,"comment_status":"open","ping_status":"closed","sticky":false,"template":"","format":"standard","meta":[],"categories":[21],"tags":[],"_links":{"self":[{"href":"http:\/\/cordobadirecto.com\/index.php\/wp-json\/wp\/v2\/posts\/7840"}],"collection":[{"href":"http:\/\/cordobadirecto.com\/index.php\/wp-json\/wp\/v2\/posts"}],"about":[{"href":"http:\/\/cordobadirecto.com\/index.php\/wp-json\/wp\/v2\/types\/post"}],"author":[{"embeddable":true,"href":"http:\/\/cordobadirecto.com\/index.php\/wp-json\/wp\/v2\/users\/1"}],"replies":[{"embeddable":true,"href":"http:\/\/cordobadirecto.com\/index.php\/wp-json\/wp\/v2\/comments?post=7840"}],"version-history":[{"count":0,"href":"http:\/\/cordobadirecto.com\/index.php\/wp-json\/wp\/v2\/posts\/7840\/revisions"}],"wp:featuredmedia":[{"embeddable":true,"href":"http:\/\/cordobadirecto.com\/index.php\/wp-json\/wp\/v2\/media\/7841"}],"wp:attachment":[{"href":"http:\/\/cordobadirecto.com\/index.php\/wp-json\/wp\/v2\/media?parent=7840"}],"wp:term":[{"taxonomy":"category","embeddable":true,"href":"http:\/\/cordobadirecto.com\/index.php\/wp-json\/wp\/v2\/categories?post=7840"},{"taxonomy":"post_tag","embeddable":true,"href":"http:\/\/cordobadirecto.com\/index.php\/wp-json\/wp\/v2\/tags?post=7840"}],"curies":[{"name":"wp","href":"https:\/\/api.w.org\/{rel}","templated":true}]}}