{"id":81209,"date":"2022-10-06T14:31:42","date_gmt":"2022-10-06T14:31:42","guid":{"rendered":"https:\/\/cordoba.gob.ar\/?p=34311"},"modified":"2022-10-06T14:31:42","modified_gmt":"2022-10-06T14:31:42","slug":"la-municipalidad-reconocio-con-una-distincion-al-periodista-y-locutor-rony-vargas","status":"publish","type":"post","link":"http:\/\/cordobadirecto.com\/index.php\/2022\/10\/06\/la-municipalidad-reconocio-con-una-distincion-al-periodista-y-locutor-rony-vargas\/","title":{"rendered":"La Municipalidad reconoci\u00f3 con una distinci\u00f3n al periodista y locutor Rony Vargas"},"content":{"rendered":"<div><img src=\"http:\/\/cordobadirecto.com\/wp-content\/uploads\/2022\/10\/la-municipalidad-reconocio-con-una-distincion-al-periodista-y-locutor-rony-vargas.jpg\" class=\"ff-og-image-inserted\"><\/div>\n<ul>\n<li><strong>El homenaje se realiz\u00f3 en el marco de la Feria del Libro C\u00f3rdoba 2022.<\/strong><\/li>\n<li><strong>El periodista fue entrevistado por su compa\u00f1era Agustina Vivanco y estudiantes del CUP.<\/strong><\/li>\n<\/ul>\n<hr>\n<p>En el marco de la Feria del Libro C\u00f3rdoba 2022, la Municipalidad de C\u00f3rdoba homenaje\u00f3 al periodista Rony Vargas.<\/p>\n<p>El viceintendente Daniel Passerini, junto al secretario de Cultura, Mariano Almada, y la directora de Administraci\u00f3n y Desarrollo Cultural Creativo, Jimena Garz\u00f3n, hicieron entrega de una placa al reconocido locutor de la radio argentina y uno de los fundadores de Cadena 3.<\/p>\n<p>All\u00ed Rony Vargas tuvo un interesante ida y vuelta con alumnos del Colegio Universitario de Periodismo, que lo entrevistaron junto con la profesora de c\u00e1tedra y periodista de Cadena 3, Agustina Vivanco.<\/p>\n<p>La actividad se llev\u00f3 a cabo en el Teatro Real con entrada libre y gratuita para todas aquellas personas que quisieran asistir.<\/p>\n<p><strong>La historia de Rony Vargas<\/strong><\/p>\n<p>Rony Vargas conoci\u00f3 la radio con 8 a\u00f1os. A los 13, ya era locutor en los actos de su escuela en Caucete, San Juan. A los 17, lleg\u00f3 por primera vez a la radio, a la vez que era maestro y director de la escuela rural de Divisadero. A los 30, ingres\u00f3 a Radio Col\u00f3n, ya de la mano de su compadre, Mario Pereyra.<\/p>\n<p>En 1980 llevaron a la realidad su sue\u00f1o de hacer una radio \u201cque mantuviera una relaci\u00f3n visceral con la gente\u201d. As\u00ed naci\u00f3 LV3 C\u00f3rdoba, que finalmente en 1997 se convirti\u00f3 en Cadena 3 Argentina, que potenci\u00f3 exponencialmente la llegada de la radio cordobesa al mundo.<\/p>\n<p>Seg\u00fan cuenta Rony en su libro, \u201cSoy Rony Vargas: La autobiograf\u00eda\u201d de 2011, en 1980 las autoridades de LV3 los llamaron para formar parte de la radio. Ambos ten\u00edan ya hijos grandes y Rony contaba con 15 helader\u00edas en San Juan. Dedicarse a hacer radio exclusivamente en C\u00f3rdoba era una apuesta grande.<\/p>\n<p>A los pocos meses, sus programas ya eran un \u00e9xito. Y durante d\u00e9cadas, hizo su carrera radial en la ciudad, donde fue reconocido por sus grandes entrevistas.<\/p>\n","protected":false},"excerpt":{"rendered":"<p>El homenaje se realiz\u00f3 en el marco de la Feria del Libro C\u00f3rdoba 2022. El periodista fue entrevistado por su compa\u00f1era Agustina Vivanco y estudiantes del CUP. En el marco de la Feria del Libro C\u00f3rdoba 2022, la Municipalidad de C\u00f3rdoba homenaje\u00f3 al periodista Rony Vargas. El viceintendente Daniel Passerini, junto al secretario de Cultura, [&hellip;]<\/p>\n","protected":false},"author":1,"featured_media":81210,"comment_status":"closed","ping_status":"closed","sticky":false,"template":"","format":"standard","meta":[],"categories":[44],"tags":[],"_links":{"self":[{"href":"http:\/\/cordobadirecto.com\/index.php\/wp-json\/wp\/v2\/posts\/81209"}],"collection":[{"href":"http:\/\/cordobadirecto.com\/index.php\/wp-json\/wp\/v2\/posts"}],"about":[{"href":"http:\/\/cordobadirecto.com\/index.php\/wp-json\/wp\/v2\/types\/post"}],"author":[{"embeddable":true,"href":"http:\/\/cordobadirecto.com\/index.php\/wp-json\/wp\/v2\/users\/1"}],"replies":[{"embeddable":true,"href":"http:\/\/cordobadirecto.com\/index.php\/wp-json\/wp\/v2\/comments?post=81209"}],"version-history":[{"count":0,"href":"http:\/\/cordobadirecto.com\/index.php\/wp-json\/wp\/v2\/posts\/81209\/revisions"}],"wp:featuredmedia":[{"embeddable":true,"href":"http:\/\/cordobadirecto.com\/index.php\/wp-json\/wp\/v2\/media\/81210"}],"wp:attachment":[{"href":"http:\/\/cordobadirecto.com\/index.php\/wp-json\/wp\/v2\/media?parent=81209"}],"wp:term":[{"taxonomy":"category","embeddable":true,"href":"http:\/\/cordobadirecto.com\/index.php\/wp-json\/wp\/v2\/categories?post=81209"},{"taxonomy":"post_tag","embeddable":true,"href":"http:\/\/cordobadirecto.com\/index.php\/wp-json\/wp\/v2\/tags?post=81209"}],"curies":[{"name":"wp","href":"https:\/\/api.w.org\/{rel}","templated":true}]}}