{"id":81211,"date":"2022-10-06T14:15:39","date_gmt":"2022-10-06T14:15:39","guid":{"rendered":"https:\/\/cordoba.gob.ar\/?p=34308"},"modified":"2022-10-06T14:15:39","modified_gmt":"2022-10-06T14:15:39","slug":"la-ciudad-se-prepara-para-vivir-otro-fin-de-semana-de-gran-movimiento-turistico","status":"publish","type":"post","link":"http:\/\/cordobadirecto.com\/index.php\/2022\/10\/06\/la-ciudad-se-prepara-para-vivir-otro-fin-de-semana-de-gran-movimiento-turistico\/","title":{"rendered":"La ciudad se prepara para vivir otro fin de semana de gran movimiento tur\u00edstico"},"content":{"rendered":"<div><img src=\"http:\/\/cordobadirecto.com\/wp-content\/uploads\/2022\/10\/la-ciudad-se-prepara-para-vivir-otro-fin-de-semana-de-gran-movimiento-turistico.jpg\" class=\"ff-og-image-inserted\"><\/div>\n<ul>\n<li><strong>&nbsp;Las reservas registradas superan el 70 por ciento.<\/strong><\/li>\n<li><strong> Recorridos guiados gratuitos, la 36 Edici\u00f3n de la Feria del Libro y una amplia agenda de espect\u00e1culos son algunos de los atractivos para este fin de semana largo tur\u00edstico.&nbsp;<\/strong><\/li>\n<\/ul>\n<hr>\n<p>En la antesala de un nuevo fin de semana largo las reservas en los establecimientos hoteleros de la ciudad de C\u00f3rdoba se acercan al 70 por ciento, seg\u00fan datos relevados a principios de esta semana por el Observatorio Tur\u00edstico.<\/p>\n<p>A estos n\u00fameros se le suma la afluencia de personas que llegan sin reservas o visitan la ciudad por el d\u00eda.<\/p>\n<p>De esta manera la ciudad se encamina a va consolidar dos fines de semana seguidos con altos niveles de ocupaci\u00f3n hotelera.<\/p>\n<p>Cabe recordar que la capital provincial viene de registrar ocupaci\u00f3n plena, impulsada por la final de la Copa Sudamericana, la Feria del Libro 2022 y la celebraci\u00f3n de los 25 a\u00f1os de Los Caligaris.<\/p>\n<p>Los datos aportados por el Observatorio Tur\u00edstico indican que los hoteles de 4 (91%), 3 (99,3%) estrellas y los apart hoteles (94,8%) tomaron la punta con un mayor nivel de plazas ocupadas. Le siguieron los de 1 estrella (87,8%), hostels (77%) y de 2 estrellas (62,3%).<\/p>\n<p>El secretario de Gobierno y Gesti\u00f3n General de Gabinete, Miguel Siciliano, afirm\u00f3: <em>\u201cla reactivaci\u00f3n tur\u00edstica es una prioridad, porque significa generar m\u00e1s empleo y movimiento econ\u00f3mico en los sectores vinculados como lo son el gastron\u00f3mico, cultural, de espect\u00e1culos, entretenimiento, transporte, comercio, entre otros<\/em>.\u201d Y agreg\u00f3: <em>\u201cC\u00f3rdoba se transforma en la capital del turismo del interior del pa\u00eds, gracias al trabajo conjunto entre el municipio, provincia y el sector privado\u201d.<\/em><\/p>\n<p>En el mismo sentido, el director de promoci\u00f3n de la ciudad, Pancho Marchiaro sostuvo que <em>\u201ca pesar de la crisis financiera que transita el pa\u00eds, los \u00edndices que se vienen registrando son una buena se\u00f1al para C\u00f3rdoba Capital, producto de una intensa agenda de trabajo com\u00fan con los sectores vinculados al turismo, provincia y municipio, y de una ciudad que, adem\u00e1s de sus atributos, se prepara para recibir a los visitantes\u201d.<\/em><\/p>\n<p><strong>&nbsp;Propuesta tur\u00edstica para este fin de semana largo de octubre <\/strong><\/p>\n<p>La Municipalidad de C\u00f3rdoba, a trav\u00e9s de las Direcciones de Turismo y Promoci\u00f3n, dependientes de la Secretar\u00eda de Gobierno y Gesti\u00f3n de Gabinete, ofrecer\u00e1 una interesante variedad de actividades.<\/p>\n<p>Entre ellas se encuentran los espacios verdes de la ciudad recientemente recuperados, como el Parque Sarmiento, la Plaza Col\u00f3n y la Costanera del R\u00edo Suqu\u00eda, ser\u00e1n el lugar ideal para disfrutar de la llegada de la primavera.<\/p>\n<p>Para los amantes del arte y la cultura, los museos y espacios culturales abrir\u00e1n sus puertas y ofrecer\u00e1n sus programaciones especiales que recibir\u00e1n a vecinos\/as y turistas.<\/p>\n<p><strong>&nbsp;Visitas guiadas gratuitas por las Supermanzanas y Barrio G\u00fcemes <\/strong><\/p>\n<p>Unas de las actividades m\u00e1s solicitadas se desarrollar\u00e1n tambi\u00e9n durante este fin de semana largo. Los recorridos guiados y gratuitos ser\u00e1n una oportunidad para conocer diferentes lugares que hacen \u00fanica a la ciudad.&nbsp;&nbsp; El viernes 7 a las 10 horas, se realizar\u00e1 la visita por la Supermanzana Hist\u00f3rica, recorriendo sus puntos m\u00e1s relevantes y atractivos, como la Iglesia Catedral, la Plaza San Mart\u00edn y el Cabildo. El punto de partida ser\u00e1 desde la Oficina de Informaci\u00f3n Tur\u00edstica Cabildo (Independencia 33).<\/p>\n<p>El s\u00e1bado 8 a las 17 horas, ser\u00e1 el turno de la visita por la Supermanzana Joven del Buen Pastor, y visitar\u00e1 el Barrio Nueva C\u00f3rdoba, la Av. Hipolito Irigoyen y el Paseo del Buen Pastor. El punto de partida ser\u00e1 desde la Oficina de Informaci\u00f3n Tur\u00edstica G\u00fcemes (Diagonal Garz\u00f3n 400).<\/p>\n<p>Por \u00faltimo, el domingo 9 a las 17 horas, la visita recorrer\u00e1 el Barrio G\u00fcemes, y entre sus atractivos se encuentran el Pueblo Nuevo, el Barrio G\u00fcemes y la Calle Belgrano. El punto de partida ser\u00e1 desde la Oficina de Informaci\u00f3n Tur\u00edstica G\u00fcemes (Diagonal Garz\u00f3n 400).<\/p>\n<p><strong>P\u00e1gina web oficial del destino tur\u00edstico renovada <\/strong><\/p>\n<p>Toda la informaci\u00f3n sobre la oferta tur\u00edstica y los atractivos de la ciudad estar\u00e1 disponible en la renovada p\u00e1gina web, ingresa <a href=\"https:\/\/turismo.cordoba.gob.ar\/\">aqu\u00ed<\/a><\/p>\n<p>La misma fue recientemente presentada en la FIT y en ella, vecinos, vecinas y turistas podr\u00e1n acceder a todos los datos necesarios para planificar la estad\u00eda en la ciudad, como un detalle de los alojamientos, gastronom\u00eda y una extensa agenda de actividades para el fin de semana.<\/p>\n<p><strong>* Feria del Libro C\u00f3rdoba 2022* <\/strong><\/p>\n<p>Contin\u00faa en la ciudad la 36 edici\u00f3n de la Feria del Libro que este a\u00f1o se presenta como una \u201cFeria experiencia\u201d. La misma tiene entrada libre y gratuita para todos los p\u00fablicos con programaci\u00f3n literaria, art\u00edstica y gastron\u00f3mica.<\/p>\n<p>Se desarrollar\u00e1 hasta el 10 de octubre. El circuito comprende la Supermanzana de la Intendencia, la Plaza Italia, el Cabildo y m\u00e1s de 40 espacios de la ciudad.<\/p>\n<p>La programaci\u00f3n completa se encuentra disponible <a href=\"https:\/\/feriadellibro.cordoba.gob.ar\/\">aqu\u00ed&nbsp;<\/a><\/p>\n","protected":false},"excerpt":{"rendered":"<p>&nbsp;Las reservas registradas superan el 70 por ciento. Recorridos guiados gratuitos, la 36 Edici\u00f3n de la Feria del Libro y una amplia agenda de espect\u00e1culos son algunos de los atractivos para este fin de semana largo tur\u00edstico.&nbsp; En la antesala de un nuevo fin de semana largo las reservas en los establecimientos hoteleros de la [&hellip;]<\/p>\n","protected":false},"author":1,"featured_media":81212,"comment_status":"closed","ping_status":"closed","sticky":false,"template":"","format":"standard","meta":[],"categories":[44,22],"tags":[],"_links":{"self":[{"href":"http:\/\/cordobadirecto.com\/index.php\/wp-json\/wp\/v2\/posts\/81211"}],"collection":[{"href":"http:\/\/cordobadirecto.com\/index.php\/wp-json\/wp\/v2\/posts"}],"about":[{"href":"http:\/\/cordobadirecto.com\/index.php\/wp-json\/wp\/v2\/types\/post"}],"author":[{"embeddable":true,"href":"http:\/\/cordobadirecto.com\/index.php\/wp-json\/wp\/v2\/users\/1"}],"replies":[{"embeddable":true,"href":"http:\/\/cordobadirecto.com\/index.php\/wp-json\/wp\/v2\/comments?post=81211"}],"version-history":[{"count":0,"href":"http:\/\/cordobadirecto.com\/index.php\/wp-json\/wp\/v2\/posts\/81211\/revisions"}],"wp:featuredmedia":[{"embeddable":true,"href":"http:\/\/cordobadirecto.com\/index.php\/wp-json\/wp\/v2\/media\/81212"}],"wp:attachment":[{"href":"http:\/\/cordobadirecto.com\/index.php\/wp-json\/wp\/v2\/media?parent=81211"}],"wp:term":[{"taxonomy":"category","embeddable":true,"href":"http:\/\/cordobadirecto.com\/index.php\/wp-json\/wp\/v2\/categories?post=81211"},{"taxonomy":"post_tag","embeddable":true,"href":"http:\/\/cordobadirecto.com\/index.php\/wp-json\/wp\/v2\/tags?post=81211"}],"curies":[{"name":"wp","href":"https:\/\/api.w.org\/{rel}","templated":true}]}}