{"id":81215,"date":"2022-10-06T15:10:27","date_gmt":"2022-10-06T15:10:27","guid":{"rendered":"http:\/\/cordobadirecto.com\/index.php\/2022\/10\/06\/existir-ovnis-y-visiones-sobrenaturales-en-un-filme-de-aventuras-con-imagenes-reales\/"},"modified":"2022-10-06T15:10:27","modified_gmt":"2022-10-06T15:10:27","slug":"existir-ovnis-y-visiones-sobrenaturales-en-un-filme-de-aventuras-con-imagenes-reales","status":"publish","type":"post","link":"http:\/\/cordobadirecto.com\/index.php\/2022\/10\/06\/existir-ovnis-y-visiones-sobrenaturales-en-un-filme-de-aventuras-con-imagenes-reales\/","title":{"rendered":"&#8220;Existir&#8221;: Ovnis y visiones sobrenaturales en un filme de aventuras con im\u00e1genes &#8220;reales&#8221;"},"content":{"rendered":"<figure class=\"mb-3\"><img loading=\"lazy\" src=\"http:\/\/cordobadirecto.com\/wp-content\/uploads\/2022\/10\/existir-ovnis-y-visiones-sobrenaturales-en-un-filme-de-aventuras-con-imagenes-reales.jpg\" width=\"100%\" height=\"100%\" alt=\"Gabriel Grieco el director de Existir durante el rodaje\"><figcaption> Gabriel Grieco, el director de &#8220;Existir&#8221;, durante el rodaje. <\/figcaption><\/figure>\n<p>En <strong>&#8220;Existir&#8221;<\/strong>, que se estrena este jueves en salas, Cine.ar TV y la plataforma gratuita Cine.ar Play, el director <strong>Gabriel Grieco<\/strong> homenajea a su padre y al cine de aventuras que de chico compart\u00edan juntos, y para ello ech\u00f3 mano de historias de ovnis, abducciones y otras historias sobrenaturales en un atractivo recorrido de acci\u00f3n que hasta cuenta con im\u00e1genes de experiencias &#8220;reales&#8221; que enviaron usuarios de redes sociales.<\/p>\n<p><strong>&#8220;Mi pap\u00e1 es un pediatra respetado, juntos ve\u00edamos las estrellas con telescopio y binoculares. Muchas de las pelis que ve\u00edamos juntos est\u00e1n referenciadas en &#8216;Existir&#8217;, como &#8216;Encuentros cercanos del tercer tipo&#8217; (Steven Spielberg). Y por eso los estereotipos que tiene la pel\u00edcula son poco realistas, con la idea de buscar lo clase B o el cuento que ve\u00edamos en el &#8216;S\u00e1bado de s\u00faper acci\u00f3n'&#8221;<\/strong>, dijo el director a T\u00e9lam.<\/p>\n<p>Para ello, Grieco tom\u00f3 referencias de pel\u00edculas de John Carpenter y de la saga de Indiana Jones, entre otras, pero <strong>&#8220;con un tono argentino&#8221;<\/strong>, para crear una cinta con un elenco encabezado por <strong>Vanesa Gonz\u00e1lez, Victorio D\u2019Alessandro<\/strong> y el propio director, quien, en el papel de un guionista, le da vida a los personajes de aquellos dos en una historia que entremezcla realidad y ficci\u00f3n.<\/p>\n<p><strong>&#8220;Despu\u00e9s de la fantas\u00eda, la aventura, que es mi homenaje a ese cine, la pel\u00edcula cambia un poco y conecta con algo m\u00e1s personal y quiz\u00e1s m\u00e1s de creer en ciertas cuestiones&#8221;<\/strong>, reconoci\u00f3 Grieco, cuya \u00f3pera prima fue la muy bien recibida &#8220;Naturaleza muerta&#8221;, a la que le siguieron &#8220;Hipersomnia&#8221; y &#8220;Respira&#8221;.<\/p>\n<div class=\"video_repositive\"> <a class=\"video_sticky\" href=\"javascript:void();\" onclick=\"removeStuckVideo(true);\"><i class=\"far fa-window-close\"><\/i><\/a> <\/p>\n<div id=\"857cIx4yNyc\" class=\"video_telam\">\n<div class=\"feature_article_inner\">\n<p><h2 class=\"text-center\">Trailer &#8220;Existir&#8221;<\/h2>\n<\/p><\/div>\n<p>VER VIDEO <i class=\"fas fa-play\"><\/i><\/p>\n<\/p><\/div><\/div>\n<p>Lautaro, el novio de Lola (Gonz\u00e1lez), desapareci\u00f3 hace dos a\u00f1os y ella no se resigna a encontrarlo con vida, aunque durante este tiempo haya nacido el amor con Renzo (D\u2019Alessandro), el mejor amigo de su compa\u00f1ero y quien la asiste en la b\u00fasqueda.<\/p>\n<p>En el aniversario de la \u00faltima vez que vieron a Lautaro, Lola recibe extra\u00f1os mensajes que la convocan a un p\u00e1ramo, donde desentierra un colgante que reconoce como propio.<\/p>\n<blockquote class><p>&#8220;Mi pap\u00e1 es pediatra y tiene todos sus libros de medicina, pero al costado tiene una biblioteca con todos libros esot\u00e9ricos y de encuentros, y est\u00e1 la historia del hombre que estaba en Buenos Aires y de repente apareci\u00f3 en M\u00e9xico.&#8221;<cite class=\"author\">Gabriel Grieco<\/cite><\/p><\/blockquote>\n<p>A partir de all\u00ed, perseguidos por militares, Renzo y Lola viajan por varios lugares de Argentina para poder llegar a Lautaro, mientras diversos hechos sobrenaturales se les interponen en el camino.<\/p>\n<p><strong>T\u00e9lam: \u00bfC\u00f3mo luchaste con vos mismo para tomar el camino de la aventura y el personal a la vez?<\/strong><\/p>\n<p>Gabriel Grieco: Se fue medio construyendo en el proceso. Empez\u00f3 como algo independiente, despu\u00e9s vino la pandemia y paramos. Filmamos parte en el 2019, parte en el 2021 o fines del 2020 cuando se abrieron los vuelos y pudimos viajar. Fue muy de a poco, creo que eso fue haciendo que haya que reescribir todo el tiempo m\u00e1s all\u00e1 de la idea inicial. En ese tiempo, como realizador uno va cambiando de gustos y de metas.<\/p>\n<p><strong>T: Una cosa es cortar la preproducci\u00f3n o la escritura, pero otra cosa es cortar el rodaje.<\/strong><\/p>\n<p>GG: S\u00ed, de hecho hab\u00eda muchos que dec\u00edan \u201c\u00bfc\u00f3mo van a editar esta pel\u00edcula?\u201d. Porque, por ejemplo, Victorio ten\u00eda el pelo m\u00e1s largo en un a\u00f1o, en Cachi lo ten\u00eda m\u00e1s largo y entonces los encuadres est\u00e1n cortados por ac\u00e1 (se se\u00f1ala la frente) para que no se vea el pelo (risas).<\/p>\n<p><strong>T: Cachi es un pueblo salte\u00f1o, en medio de los Valles Calchaqu\u00edes, con una historia nueva pero importante respecto del universo de los ovnis.<\/strong><\/p>\n<p>GG: Cuando yo fui de turista, conoc\u00ed el Ovnipuerto, que es un centro tur\u00edstico, y se me ocurri\u00f3 a partir de eso hacer la pel\u00edcula, \u00bfc\u00f3mo no vamos a ir? Por suerte luchamos y apenas se abri\u00f3 el primer vuelo nos subimos los cuatro, creo que fue el primer o el segundo vuelo habilitado. \u00cdbamos todos con los barbijos, las m\u00e1scaras y todo y lo pudimos hacer, pero quiz\u00e1s no pasaba.<\/p>\n<p><strong>T: \u00bfCu\u00e1nto hubo de fantas\u00eda e imaginaci\u00f3n y cu\u00e1nto de investigaci\u00f3n?<\/strong><\/p>\n<p>GG: De chico yo mam\u00e9 todo eso, entonces s\u00e9 mucho de avistamientos. Mi pap\u00e1 es pediatra y tiene todos sus libros de medicina, pero al costado tiene una biblioteca con todos libros esot\u00e9ricos y de encuentros, y est\u00e1 la historia del hombre que estaba en Buenos Aires y de repente apareci\u00f3 en M\u00e9xico. Hay un mont\u00f3n de historias y leyendas urbanas que est\u00e1n aplicadas a la pel\u00edcula, todas cosas que hemos le\u00eddo, hemos visto y que hay un mont\u00f3n de informaci\u00f3n de ufolog\u00eda.<\/p>\n<p><strong>T: Acudiste a las redes sociales para que te cuenten experiencias, \u00bfno?<\/strong><\/p>\n<p>GG: S\u00ed, cuando est\u00e1bamos filmando hice una convocatoria para que la gente mande sus materiales y al final aparecen. Mucha gente nos mandaba cuentos, historias de que estaban en las casas y aparec\u00eda algo y fotos raras, incomprobables. Evidentemente era mucho entusiasmo o gente que cree haber visto eso o muchos habr\u00e1n sido inventados, no lo sabemos, pero lleg\u00f3 mucho material. De hecho, algunas cosas fueron construidas para el final y hay muchas tomas verdaderas, pero como no estaba el video hubo otras que hubo que reconstruirlo. El plano final, el resto son todas verdaderas, pero el plano final fue reconstruido en base a un cuento que nos lleg\u00f3 de alguien que escribi\u00f3 su experiencia.<\/p>\n<p><strong>T: \u00bfQu\u00e9 pas\u00f3 por vos para dar el salto de la pel\u00edcula anterior a esta, que no tienen mucho que ver en el g\u00e9nero?<\/strong><\/p>\n<p>GG: Yo digo que la otra es una peli m\u00e1s seria y esta es un juego. Yo lo tom\u00e9 as\u00ed, salir a jugar. Y es raro que se est\u00e9 estrenando ahora porque, ya te digo, la filmamos hace dos a\u00f1os con todo lo que pas\u00f3, el cambio que hubo despu\u00e9s de la pandemia, que llegue a los cines y se vea est\u00e1 buen\u00edsimo, pero me encuentra en otro momento tambi\u00e9n. Entonces es volver a encontrarme con ese material.<\/p>\n<p><strong>T: \u00bfNo te dio temor el cambio de registro de una pel\u00edcula a la otra?<\/strong><\/p>\n<p>GG: Yo creo que cuando uno hace una pel\u00edcula tiene que sentir algo; s\u00ed me mov\u00eda una pasi\u00f3n para contar eso de mi ni\u00f1ez\u2026 Cuando la vi por primera vez s\u00ed, ve\u00eda la primera parte que habla de energ\u00edas y rarezas y pensaba que me iban a matar (risas), me daba un poco de verg\u00fcenza, pero despu\u00e9s al final est\u00e1 muy bien construido el tema de efectos y lo m\u00e1s personal, entonces sent\u00eda que lo logramos y qued\u00e9 contento. Despu\u00e9s, uno va probando, a m\u00ed me gusta hacerlo. Podr\u00eda ser una comedia, es distinto a lo que hice antes pero si uno vuelve a hacer lo que hace siempre y se repite no tiene sentido para m\u00ed.<\/p>\n<p><strong>T: En la presentaci\u00f3n dijiste que al final de todo ingres\u00f3 el Incaa, cuando por lo general en Argentina es por donde se empieza.<\/strong><\/p>\n<p>GG: Porque tambi\u00e9n todo el proceso de la pel\u00edcula fue cambiando. Parte de Mar Azul fue hecha en un fin de semana, que la pel\u00edcula dice que es la Patagonia pero es cuando Lola Mor\u00e1n es abducida, eso es un bosque que es en Mar Azul. Ah\u00ed hay otros pa\u00edses y todo fue filmado con una camarita, que yo iba quiz\u00e1s a un festival y ya ten\u00eda la idea de la pel\u00edcula, entonces \u00edbamos filmando de a poco, con el guion ya construido. Despu\u00e9s apareci\u00f3 la posibilidad de completarla, pero cuando apareci\u00f3 eso lleg\u00f3 la pandemia. <\/p>\n","protected":false},"excerpt":{"rendered":"<p>Gabriel Grieco, el director de &#8220;Existir&#8221;, durante el rodaje. En &#8220;Existir&#8221;, que se estrena este jueves en salas, Cine.ar TV y la plataforma gratuita Cine.ar Play, el director Gabriel Grieco homenajea a su padre y al cine de aventuras que de chico compart\u00edan juntos, y para ello ech\u00f3 mano de historias de ovnis, abducciones y [&hellip;]<\/p>\n","protected":false},"author":1,"featured_media":81216,"comment_status":"closed","ping_status":"closed","sticky":false,"template":"","format":"standard","meta":[],"categories":[20],"tags":[],"_links":{"self":[{"href":"http:\/\/cordobadirecto.com\/index.php\/wp-json\/wp\/v2\/posts\/81215"}],"collection":[{"href":"http:\/\/cordobadirecto.com\/index.php\/wp-json\/wp\/v2\/posts"}],"about":[{"href":"http:\/\/cordobadirecto.com\/index.php\/wp-json\/wp\/v2\/types\/post"}],"author":[{"embeddable":true,"href":"http:\/\/cordobadirecto.com\/index.php\/wp-json\/wp\/v2\/users\/1"}],"replies":[{"embeddable":true,"href":"http:\/\/cordobadirecto.com\/index.php\/wp-json\/wp\/v2\/comments?post=81215"}],"version-history":[{"count":0,"href":"http:\/\/cordobadirecto.com\/index.php\/wp-json\/wp\/v2\/posts\/81215\/revisions"}],"wp:featuredmedia":[{"embeddable":true,"href":"http:\/\/cordobadirecto.com\/index.php\/wp-json\/wp\/v2\/media\/81216"}],"wp:attachment":[{"href":"http:\/\/cordobadirecto.com\/index.php\/wp-json\/wp\/v2\/media?parent=81215"}],"wp:term":[{"taxonomy":"category","embeddable":true,"href":"http:\/\/cordobadirecto.com\/index.php\/wp-json\/wp\/v2\/categories?post=81215"},{"taxonomy":"post_tag","embeddable":true,"href":"http:\/\/cordobadirecto.com\/index.php\/wp-json\/wp\/v2\/tags?post=81215"}],"curies":[{"name":"wp","href":"https:\/\/api.w.org\/{rel}","templated":true}]}}