{"id":81221,"date":"2022-10-06T15:10:46","date_gmt":"2022-10-06T15:10:46","guid":{"rendered":"https:\/\/www.ole.com.ar\/futbol-ascenso\/ascenso-madryn-bnacional_0_oC45vrW4H6.html"},"modified":"2022-10-06T15:10:46","modified_gmt":"2022-10-06T15:10:46","slug":"los-sastre-garantizan-la-unidad-en-el-club","status":"publish","type":"post","link":"http:\/\/cordobadirecto.com\/index.php\/2022\/10\/06\/los-sastre-garantizan-la-unidad-en-el-club\/","title":{"rendered":"&#8220;Los Sastre garantizan la unidad en el club&#8221;"},"content":{"rendered":"<p><strong>&#8220;Estamos muy contentos con todo lo que vivi\u00f3 el club en el 2022.<\/strong> Desde el 4 de noviembre del a\u00f1o pasado, cuando ascendimos por primera vez al Nacional, todo fue crecimiento. Est\u00e1bamos entusiasmados con entrar en el Reducido, pero por esas cosas del f\u00fatbol no se pudo. Igual tenemos una alegr\u00eda enorme&#8221;. <strong>Ricardo Sastre, el vicegobernador de Chubut, volvi\u00f3 hace unos meses a la presidencia de Deportivo Madryn y analiz\u00f3 el a\u00f1o del club.<\/strong><\/p>\n<p><strong>-\u00bfQu\u00e9 les falt\u00f3?<\/strong><\/p>\n<p>-Despu\u00e9s del partido contra Quilmes por la Copa Argentina el equipo se vio afectado. <strong>Hubo mucho desgaste al afrontar las dos competencias<\/strong> y eso se not\u00f3. Pero de todos modos la campa\u00f1a fue muy buena.<\/p>\n<p><strong>-\u00bfC\u00f3mo vivi\u00f3 la vuelta al club como presidente?<\/strong><\/p>\n<p>-No fue algo que estaba pensado, pero nosotros siempre estuvimos muy ligados al club. <strong>Mi padre (Abel), Gustavo (su hermano) y yo formamos parte de Deportivo Madryn desde siempre.<\/strong> Ahora Gustavo no pod\u00eda seguir por una cuesti\u00f3n de Estatuto y entonces la gente me pidi\u00f3 que tomara su lugar. <mark><strong>Es que los Sastre garantizan unidad en el club.<\/strong><\/mark> Y eso le permite crecer.<\/p>\n<p><strong>-\u00bfY c\u00f3mo est\u00e1n en ese aspecto?<\/strong><\/p>\n<p>-Muy bien, ordenados. Con un estadio hermoso, con vestuario nuevos, tambi\u00e9n para las \u00e1rbitras. <strong>Y con muchos objetivos por delante.<\/strong> Ahora <strong>vamos a cerrar todo el estadio con las tribunas que faltan<\/strong>, probablemente la obra arranque en el receso. <strong>Vamos a inaugurar las luminarias y tambi\u00e9n un hotel boutique, con pileta y restaurante en el predio.<\/strong><\/p>\n<p><strong>-\u00bfCon qu\u00e9 capacidad quedar\u00e1 el estadio?<\/strong><\/p>\n<p><strong>-Hoy entran 9.000 personas<\/strong> y una vez terminadas las tribunas<mark><strong> se elevar\u00e1 a 25.000.<\/strong><\/mark> Eso servir\u00e1 para <strong>el a\u00f1o que viene ser sede de la Copa Argentina.<\/strong> Y estamos trabajando tambi\u00e9n para albergar <strong>alguna copa internacional en el corto plazo.<\/strong><\/p>\n<h2><strong>EL FUTURO DEL EQUIPO\u200b<\/strong><br \/><\/h2>\n<p><strong>-\u00bfQu\u00e9 plantel se piensa para el a\u00f1o que viene?<\/strong><\/p>\n<p>-Los jugadores tienen contrato hasta diciembre de 2023, as\u00ed que <strong>la base se va a quedar.<\/strong> Y le vamos a agregar <strong>tres o cuatro refuerzos de primer nivel.<\/strong><\/p>\n<div class=\"sp__Normal\">\n<div class=\"image-embeb image-trigger\" readability=\"6\">\n<picture><source media=\"(min-width: 720px)\" srcset=\"http:\/\/cordobadirecto.com\/wp-content\/uploads\/2022\/10\/los-sastre-garantizan-la-unidad-en-el-club.jpg\"><img itemprop=\"image\" src=\"http:\/\/cordobadirecto.com\/wp-content\/uploads\/2022\/10\/los-sastre-garantizan-la-unidad-en-el-club.jpg\" loading=\"lazy\" alt=\"Copa Argentina Tigre vs Deportivo Madryn\nfotobaires\">\n<\/picture><figcaption readability=\"2\">\n<p>Copa Argentina Tigre vs Deportivo Madryn<br \/>\nfotobaires\n<\/p>\n<\/figcaption><\/div>\n<\/div>\n<p><strong>-\u00bfPancaldo seguir\u00e1 como entrenador?<\/strong><\/p>\n<p>-Todav\u00eda no est\u00e1 resuelto ese punto porque el campeonato sigue en marcha. <strong>Dependemos de una reuni\u00f3n que vamos a tener cuando termine la temporada.<\/strong><\/p>\n<div class=\"sp__Normal\">\n<div class=\"image-embeb image-trigger\" readability=\"6\">\n<picture><source media=\"(min-width: 720px)\" srcset=\"http:\/\/cordobadirecto.com\/wp-content\/uploads\/2022\/10\/los-sastre-garantizan-la-unidad-en-el-club-1.jpg\"><img itemprop=\"image\" src=\"http:\/\/cordobadirecto.com\/wp-content\/uploads\/2022\/10\/los-sastre-garantizan-la-unidad-en-el-club-1.jpg\" loading=\"lazy\" alt=\"El Aurinegro no para de crecer (Foto: Deportivo Madryn)\">\n<\/picture><figcaption readability=\"2\">\n<p>El Aurinegro no para de crecer (Foto: Deportivo Madryn)\n<\/p>\n<\/figcaption><\/div>\n<\/div>\n<h2><strong>EL ORDEN ECON\u00d3MICO\u200b<\/strong><br \/><\/h2>\n<p><strong>-\u00bfC\u00f3mo se ordena un club que est\u00e1 tan lejos de Buenos Aires y al cual se le complica mucho con los viajes?<\/strong><\/p>\n<p><strong>-Si el club no est\u00e1 ordenado no se puede disfrutar<\/strong>. El lunes pagamos los salarios de septiembre, as\u00ed que tenemos la idea de exigir a partir del cumplimiento. Y hay algo b\u00e1sico:<mark><strong> gastamos lo que tenemos<\/strong><\/mark>. Entre el ingreso de AFA y los sponsors, nos arreglamos muy bien.<\/p>\n<p><strong>-\u00bfQu\u00e9 aspiraci\u00f3n tiene para el 2023?<\/strong><\/p>\n<p>-Siempre lo primero para nosotros es <strong>mantener la categor\u00eda<\/strong>. Lo que se pueda lograr despu\u00e9s ser\u00e1 una alegr\u00eda y un orgullo enorme.<\/p>\n<p><strong>-\u00bfSe est\u00e1n potenciando las Inferiores para crear productos genuinos?<\/strong><\/p>\n<p>-Siempre. Hay que tener campos adecuados y gente id\u00f3nea para captar a los mejores jugadores de la zona. La CAI en su momento hizo un trabajo b\u00e1rbaro y es un ejemplo a seguir. Por eso <strong>vamos a profesionalizar el \u00e1rea de las Inferiores<\/strong> con ex jugadores del club que puedan darnos un plus en este aspecto.<\/p>\n<div class=\"sp__Normal\">\n<div class=\"image-embeb image-trigger\" readability=\"6\">\n<picture><source media=\"(min-width: 720px)\" srcset=\"http:\/\/cordobadirecto.com\/wp-content\/uploads\/2022\/10\/los-sastre-garantizan-la-unidad-en-el-club-2.jpg\"><img itemprop=\"image\" src=\"http:\/\/cordobadirecto.com\/wp-content\/uploads\/2022\/10\/los-sastre-garantizan-la-unidad-en-el-club-2.jpg\" loading=\"lazy\" alt=\"El avance en el hotel para el Aurinegro (Foto: Deportivo Madryn)\">\n<\/picture><figcaption readability=\"2\">\n<p>El avance en el hotel para el Aurinegro (Foto: Deportivo Madryn)\n<\/p>\n<\/figcaption><\/div>\n<\/div>\n<p><strong>-\u00bfJugar en Primera alguna vez ser\u00e1 posible?<\/strong><\/p>\n<p>-Es el sue\u00f1o que todos tenemos. Pero primero hay que terminar la cancha, ir de a poco. <strong>Mi pap\u00e1 nos aconsej\u00f3 que nunca abandonemos este sue\u00f1o ni dejemos de crecer como club.<\/strong> Y en eso andamos ahora&#8230;<\/p>\n<div class=\"sp__Normal\">\n<div class=\"image-embeb image-trigger\" readability=\"7.5\">\n<picture><source media=\"(min-width: 720px)\" srcset=\"http:\/\/cordobadirecto.com\/wp-content\/uploads\/2022\/10\/los-sastre-garantizan-la-unidad-en-el-club-3.jpg\"><img itemprop=\"image\" src=\"http:\/\/cordobadirecto.com\/wp-content\/uploads\/2022\/10\/los-sastre-garantizan-la-unidad-en-el-club-3.jpg\" loading=\"lazy\" alt=\"Ricardo, Abel y Gustavo. Las tres generaciones Sastre, unidas por el club de sus amores. (Foto: Deportivo Madryn).\">\n<\/picture><figcaption readability=\"5\">\n<p>Ricardo, Abel y Gustavo. Las tres generaciones Sastre, unidas por el club de sus amores. (Foto: Deportivo Madryn).\n<\/p>\n<\/figcaption><\/div>\n<\/div>\n<div class=\"entry-tags\">\n<h2>TEMAS QUE APARECEN EN ESTA NOTA<\/h2>\n<\/p><\/div>\n","protected":false},"excerpt":{"rendered":"<p>&#8220;Estamos muy contentos con todo lo que vivi\u00f3 el club en el 2022. Desde el 4 de noviembre del a\u00f1o pasado, cuando ascendimos por primera vez al Nacional, todo fue crecimiento. Est\u00e1bamos entusiasmados con entrar en el Reducido, pero por esas cosas del f\u00fatbol no se pudo. Igual tenemos una alegr\u00eda enorme&#8221;. Ricardo Sastre, el [&hellip;]<\/p>\n","protected":false},"author":1,"featured_media":81222,"comment_status":"closed","ping_status":"closed","sticky":false,"template":"","format":"standard","meta":[],"categories":[21],"tags":[],"_links":{"self":[{"href":"http:\/\/cordobadirecto.com\/index.php\/wp-json\/wp\/v2\/posts\/81221"}],"collection":[{"href":"http:\/\/cordobadirecto.com\/index.php\/wp-json\/wp\/v2\/posts"}],"about":[{"href":"http:\/\/cordobadirecto.com\/index.php\/wp-json\/wp\/v2\/types\/post"}],"author":[{"embeddable":true,"href":"http:\/\/cordobadirecto.com\/index.php\/wp-json\/wp\/v2\/users\/1"}],"replies":[{"embeddable":true,"href":"http:\/\/cordobadirecto.com\/index.php\/wp-json\/wp\/v2\/comments?post=81221"}],"version-history":[{"count":0,"href":"http:\/\/cordobadirecto.com\/index.php\/wp-json\/wp\/v2\/posts\/81221\/revisions"}],"wp:featuredmedia":[{"embeddable":true,"href":"http:\/\/cordobadirecto.com\/index.php\/wp-json\/wp\/v2\/media\/81222"}],"wp:attachment":[{"href":"http:\/\/cordobadirecto.com\/index.php\/wp-json\/wp\/v2\/media?parent=81221"}],"wp:term":[{"taxonomy":"category","embeddable":true,"href":"http:\/\/cordobadirecto.com\/index.php\/wp-json\/wp\/v2\/categories?post=81221"},{"taxonomy":"post_tag","embeddable":true,"href":"http:\/\/cordobadirecto.com\/index.php\/wp-json\/wp\/v2\/tags?post=81221"}],"curies":[{"name":"wp","href":"https:\/\/api.w.org\/{rel}","templated":true}]}}