{"id":8125,"date":"2021-06-12T16:10:00","date_gmt":"2021-06-12T16:10:00","guid":{"rendered":"http:\/\/cordobadirecto.com\/index.php\/2021\/06\/12\/las-golosinas-de-mladic-y-los-tiempos-para-juzgar-delitos-de-lesa-humanidad\/"},"modified":"2021-06-12T16:10:00","modified_gmt":"2021-06-12T16:10:00","slug":"las-golosinas-de-mladic-y-los-tiempos-para-juzgar-delitos-de-lesa-humanidad","status":"publish","type":"post","link":"http:\/\/cordobadirecto.com\/index.php\/2021\/06\/12\/las-golosinas-de-mladic-y-los-tiempos-para-juzgar-delitos-de-lesa-humanidad\/","title":{"rendered":"Las &#8220;golosinas&#8221; de Mladic y los tiempos para juzgar delitos de lesa humanidad"},"content":{"rendered":"<div class=\"image\" id=\"image\" readability=\"10\"> <img src=\"http:\/\/cordobadirecto.com\/wp-content\/uploads\/2021\/06\/las-golosinas-de-mladic-y-los-tiempos-para-juzgar-delitos-de-lesa-humanidad.jpg\" alt=\"Mladic estuvo pr\u00f3fugo durante 16 a\u00f1os. Pero, finalmente, fue arrestado en 2011 y condenado a cadena perpetua en 2017.\" title=\"Mladic estuvo pr\u00f3fugo durante 16 a\u00f1os. Pero, finalmente, fue arrestado en 2011 y condenado a cadena perpetua en 2017.\"><\/p>\n<p>Mladic estuvo pr\u00f3fugo durante 16 a\u00f1os. Pero, finalmente, fue arrestado en 2011 y condenado a cadena perpetua en 2017.<\/p>\n<\/div>\n<p>La condena perpetua ratificada esta semana por la justicia internacional contra el exjefe serbobosnio<strong> Ratko Mladic, responsable de genocidio y cr\u00edmenes contra la humanidad en la guerra en Bosnia<\/strong>, entre 1992 y 1995, demuestra una vez m\u00e1s que no existe el tiempo para juzgar delitos abominables.<\/p>\n<p>Tampoco es casual el apodo con el que se conoce universalmente a Mladic,<strong> llamado &#8220;el carnicero de Bosnia&#8221;<\/strong>, debido a que era uno de los generales m\u00e1s despiadados de aquellos a\u00f1os.<\/p>\n<p>Sin embargo, para los serbios, es considerado un &#8220;h\u00e9roe&#8221; que defendi\u00f3 los derechos del pueblo.<\/p>\n<p>El exjefe militar, de 78 a\u00f1os, es el mismo hombre que hace 36 a\u00f1os fue responsable de la masacre de Srebrenica, ocurrida entre el 11 y el 22 de julio de 1995, cuando por lo menos 8.000 personas, incluidos ni\u00f1os, de la etnia bosnia musulmana, fueron acribillados a balazos.<\/p>\n<p>Mladic estuvo pr\u00f3fugo durante 16 a\u00f1os. Pero, finalmente,<strong> fue arrestado en 2011 y condenado a cadena perpetua en 2017<\/strong> por el Tribunal para la exYugoslavia, por su responsabilidad en dichos hechos, calificados como la peor masacre registrada en Europa desde el fin de la Segunda Guerra Mundial en 1945.<\/p>\n<p>El martes, en un comunicado, el Mecanismo de Tribunales Penales Internacionales (MTPI), que tom\u00f3 el relevo al Tribunal Penal Internacional para la antigua Yugoslavia (TPIY) de La Haya cerrado en 2017, ratific\u00f3 la condena contra el exgeneral serbo-bosnio.<\/p>\n<blockquote readability=\"8\">\n<p>&#8220;Una justicia que demora d\u00e9cadas termina no siendo justicia&#8221;<span class=\"comilla\">\u201d<\/span><\/p>\n<p><span>Abraham Zylberman, profesor de Historia<\/span><\/p>\n<\/blockquote>\n<p>Afortunadamente, dada la gravedad de la tragedia, e<strong>xisten im\u00e1genes de la televisi\u00f3n serbia en las que Mladic aparece d\u00e1ndole golosinas a un grupo de ni\u00f1os<\/strong> antes de que junto a las mujeres fueran retirados en \u00f3mnibus del lugar.<\/p>\n<p>Seguidamente, con el apoyo de paramilitares, los hombres fueron fusilados en un bosque de Srebrenica.<\/p>\n<p>El hecho, ocurrido tras la disoluci\u00f3n de Yugoslavia en 1991, se desarroll\u00f3 en un enclave conocido como una zona segura por las Naciones Unidas, que era protegido por un batall\u00f3n de 400 cascos azules neerlandeses.<\/p>\n<p>Una investigaci\u00f3n oficial de 2002, realizada por el instituto de los Pa\u00edses Bajos NIOD de estudios de la Guerra, el Holocausto y Genocidio concluy\u00f3 que el grupo militar de ese pa\u00eds no pudo haber evitado la ca\u00edda de Srebrenica, inform\u00f3 la cadena BBC.<\/p>\n<p>Demoras<\/p>\n<p>&#8220;Una justicia que demora d\u00e9cadas termina no siendo justicia&#8221;, dijo a T\u00e9lam Abraham Zylberman, profesor de Historia de la Universidad de Buenos Aires (UBA), especializado en el Holocausto de la Segunda Guerra Mundial.<\/p>\n<p>El analista afirm\u00f3 que<strong> &#8220;si bien los cr\u00edmenes de lesa humanidad no prescriben, el problema es siempre llevar a los acusados a juicio, y a veces la demora que ello puede tener&#8221;<\/strong>.<\/p>\n<p>&#8220;Esta situaci\u00f3n puede provocar que el acusado muera antes, como ocurri\u00f3 con el presidente serbio, Slobodan Milosevic, fallecido de un ataque al coraz\u00f3n en su celda de la Haya&#8221;, se\u00f1al\u00f3.<\/p>\n<p>Milosevic muri\u00f3 el 11 de marzo de 2006, tras ser arrestado en febrero de 2002 por orden del TPIY, a ra\u00edz de su responsabilidad en genocidio y cr\u00edmenes en las guerras de Croacia (1991-1995) y Kosovo (1998-1999).<\/p>\n<p>Zylberman opin\u00f3 que &#8220;hay muchos casos as\u00ed, y durante mucho tiempo los responsables son encubiertos por los propios gobiernos; entonces estos juicios no llegan ni a empezar&#8221;.<\/p>\n<blockquote readability=\"9\">\n<p>&#8220;Estos cr\u00edmenes en los Balcanes ocurrieron en la d\u00e9cada del 90, o sea que ya pasaron 30 a\u00f1os. Todos los juicios de lesa humanidad deber\u00edan realizarse mucho m\u00e1s r\u00e1pido, sino los asesinos pueden quedar impunes&#8221;<span class=\"comilla\">\u201d<\/span><\/p>\n<\/blockquote>\n<p>En cuanto a la matanza de Srebrenica, asegur\u00f3 que &#8220;eran seres humanos que murieron simplemente por tener otra religi\u00f3n, otro grupo \u00e9tnico o por ser culturalmente diferentes&#8221;.<\/p>\n<p>&#8220;Estos cr\u00edmenes en los Balcanes ocurrieron en la d\u00e9cada del 90, o sea que ya pasaron 30 a\u00f1os. Todos los juicios de lesa humanidad deber\u00edan realizarse mucho m\u00e1s r\u00e1pido, sino los asesinos pueden quedar impunes&#8221;, agreg\u00f3.<\/p>\n<p><strong>Otro de los l\u00edderes de la masacre de Srebrenica fue el presidente serbobosnio Radovan Karadzic<\/strong>, condenado a 40 a\u00f1os de prisi\u00f3n por el Tribunal Penal Internacional de La Haya, tras ser considerarlo culpable de genocidio y cr\u00edmenes contra la humanidad durante la guerra de Bosnia.<\/p>\n<div class=\"image\" id=\"image\" readability=\"7\"> <img src=\"http:\/\/cordobadirecto.com\/wp-content\/uploads\/2021\/06\/las-golosinas-de-mladic-y-los-tiempos-para-juzgar-delitos-de-lesa-humanidad-1.jpg\" alt=\"Otro de los l\u00edderes de la masacre de Srebrenica fue el presidente serbobosnio Radovan Karadzic.\" title=\"Otro de los l\u00edderes de la masacre de Srebrenica fue el presidente serbobosnio Radovan Karadzic.\"><\/p>\n<p>Otro de los l\u00edderes de la masacre de Srebrenica fue el presidente serbobosnio Radovan Karadzic.<\/p>\n<\/div>\n<p>Se lo considera el autor intelectual de las masacres \u00e9tnicas que causaron al menos 100.000 muertos y el desplazamiento de por los menos 2,2 millones de personas.<\/p>\n<p>El veredicto contra Mladic, pronunciado por los cinco jueces del MTPI, es definitivo y no admite apelaci\u00f3n.<\/p>\n<p>Muchos festejaron la condena definitiva del exjefe serbobosnio, entre ellos el presidente estadounidense, Joe Bien, quien calific\u00f3 de &#8220;hist\u00f3rico&#8221; dicho proceso para la humanidad.<\/p>\n<p>Por su parte, la Alta comisionada de las Naciones Unidas para los Derechos Humanos, la expresidenta de Chile <strong>Michelle Bachelet, elogi\u00f3 &#8220;la determinaci\u00f3n de la justicia internacional para hacer rendir cuentas<\/strong>, sea cual sea el tiempo que tome y, en el caso de Mladic, fue casi tres d\u00e9cadas despu\u00e9s de sus cr\u00edmenes abominables&#8221;.<\/p>\n<p>Pero la vocera de la Canciller\u00eda rusa, consider\u00f3 que &#8220;la sentencia contra Mladic se ve como una hipocres\u00eda a la luz de la justificaci\u00f3n por la &#8216;justicia de La Haya&#8217; (de los actos) de otros participantes en el conflicto&#8221;.<\/p>\n","protected":false},"excerpt":{"rendered":"<p>Mladic estuvo pr\u00f3fugo durante 16 a\u00f1os. Pero, finalmente, fue arrestado en 2011 y condenado a cadena perpetua en 2017. La condena perpetua ratificada esta semana por la justicia internacional contra el exjefe serbobosnio Ratko Mladic, responsable de genocidio y cr\u00edmenes contra la humanidad en la guerra en Bosnia, entre 1992 y 1995, demuestra una vez [&hellip;]<\/p>\n","protected":false},"author":1,"featured_media":8126,"comment_status":"closed","ping_status":"closed","sticky":false,"template":"","format":"standard","meta":[],"categories":[24],"tags":[],"_links":{"self":[{"href":"http:\/\/cordobadirecto.com\/index.php\/wp-json\/wp\/v2\/posts\/8125"}],"collection":[{"href":"http:\/\/cordobadirecto.com\/index.php\/wp-json\/wp\/v2\/posts"}],"about":[{"href":"http:\/\/cordobadirecto.com\/index.php\/wp-json\/wp\/v2\/types\/post"}],"author":[{"embeddable":true,"href":"http:\/\/cordobadirecto.com\/index.php\/wp-json\/wp\/v2\/users\/1"}],"replies":[{"embeddable":true,"href":"http:\/\/cordobadirecto.com\/index.php\/wp-json\/wp\/v2\/comments?post=8125"}],"version-history":[{"count":0,"href":"http:\/\/cordobadirecto.com\/index.php\/wp-json\/wp\/v2\/posts\/8125\/revisions"}],"wp:featuredmedia":[{"embeddable":true,"href":"http:\/\/cordobadirecto.com\/index.php\/wp-json\/wp\/v2\/media\/8126"}],"wp:attachment":[{"href":"http:\/\/cordobadirecto.com\/index.php\/wp-json\/wp\/v2\/media?parent=8125"}],"wp:term":[{"taxonomy":"category","embeddable":true,"href":"http:\/\/cordobadirecto.com\/index.php\/wp-json\/wp\/v2\/categories?post=8125"},{"taxonomy":"post_tag","embeddable":true,"href":"http:\/\/cordobadirecto.com\/index.php\/wp-json\/wp\/v2\/tags?post=8125"}],"curies":[{"name":"wp","href":"https:\/\/api.w.org\/{rel}","templated":true}]}}