{"id":81336,"date":"2022-10-06T22:46:18","date_gmt":"2022-10-06T22:46:18","guid":{"rendered":"https:\/\/cordoba.gob.ar\/?p=34345"},"modified":"2022-10-06T22:46:18","modified_gmt":"2022-10-06T22:46:18","slug":"junto-a-vecinos-llaryora-habilito-la-renovada-plaza-esmeralda-de-barrio-matienzo","status":"publish","type":"post","link":"http:\/\/cordobadirecto.com\/index.php\/2022\/10\/06\/junto-a-vecinos-llaryora-habilito-la-renovada-plaza-esmeralda-de-barrio-matienzo\/","title":{"rendered":"Junto a vecinos, Llaryora habilit\u00f3 la renovada Plaza Esmeralda de barrio Matienzo"},"content":{"rendered":"<div><img src=\"http:\/\/cordobadirecto.com\/wp-content\/uploads\/2022\/10\/junto-a-vecinos-llaryora-habilito-la-renovada-plaza-esmeralda-de-barrio-matienzo.jpg\" class=\"ff-og-image-inserted\"><\/div>\n<ul>\n<li><strong>La Municipalidad de C\u00f3rdoba instal\u00f3 modernos juegos infantiles inclusivos, mobiliario, parquizaci\u00f3n con c\u00e9sped y coloridas flores de estaci\u00f3n en sus espacios verdes.<\/strong><\/li>\n<li><strong>El espacio verde se encuentra entre las calles Esmeralda, Graham Bell, Av. Rufino Varela Ortiz y Ant\u00e1rtida Argentina.<\/strong><\/li>\n<\/ul>\n<hr>\n<p>En el marco de la recuperaci\u00f3n y revalorizaci\u00f3n de espacios p\u00fablicos que lleva adelante la Municipalidad de C\u00f3rdoba, el intendente Mart\u00edn Llaryora habilit\u00f3 las obras realizadas en la plaza Esmeralda de barrio Matienzo a trav\u00e9s del ente C\u00f3rdoba Obras y Servicios.<\/p>\n<p>En este marco, el jefe Comunal destac\u00f3 la importancia de contar con espacios verdes de calidad <em>\u201cporque las plazas son el patio de todos, el patio del barrio donde invita a los vecinos a jugar y disfrutar\u201d.<\/em><\/p>\n<p>Al mismo tiempo, Llaryora remarc\u00f3 la constante inversi\u00f3n de su gesti\u00f3n en obras de infraestructura que permiten recuperar del abandono a numerosas plazas de la ciudad, dot\u00e1ndolas de elementos innovadores e inclusivos.<\/p>\n<p><em>\u201cEs el caso de esta plaza, que es una plaza integradora porque contempla a todos los ni\u00f1os, posibilitando que los chicos con discapacidad tambi\u00e9n se diviertan y jueguen con sus amigos\u201d<\/em>, sostuvo el intendente.<\/p>\n<p>Entre otras tareas, se llev\u00f3 a cabo la recuperaci\u00f3n hamacas, toboganes trepadores, subibaja y mangrullo. Adem\u00e1s, se a\u00f1adieron juegos inclusivos.<\/p>\n<p>El mobiliario tambi\u00e9n fue revalorizado a trav\u00e9s de obras de mejoras de bancos y mesas ya existentes y la incorporaci\u00f3n de nuevos equipamientos, entre los que se encuentran cuatro mesas materas, bancos y se repusieron los cestos de basura.<\/p>\n<p>Los espacios verdes fueron provistos de canteros y cazuelas, los cuales fueron parquizados con arbustos nativos, c\u00e9sped y plantines florales.<\/p>\n<p>Adem\u00e1s, se repar\u00f3 la pirca de ladrillo visto caracter\u00edstica de la Plaza y la limpieza general del predio.<\/p>\n<p>Las columnas de luminarias existentes fueron renovadas y se incorporaron nuevas a los fines de generar mejoras en las condiciones de seguridad, tr\u00e1nsito vehicular y peatonal de los vecinos en el barrio.<\/p>\n<p>Anteriormente, la plaza se encontraba en una total situaci\u00f3n de abandono con juegos rotos, las pircas de ladrillo que le otorgan su impronta al espacio totalmente rotas al igual que los cestos de basura que convert\u00edan al espacio en un lugar con mucha basura.<\/p>\n<p>Los bancos estaban vandalizados y rotos, y no contaba con ning\u00fan espacio de vegetaci\u00f3n, excepto los \u00e1rboles propios de la plaza.<\/p>\n<p>Victoria Flores, presidenta del COyS, manifest\u00f3: \u201c<em>Trabajar con la comunidad es un gran desaf\u00edo para nosotros, gracias a las instituciones por ayudarnos concretar el sue\u00f1o de una nueva plaza. A partir de ahora, queda al cuidado de los vecinos y las instituciones del barrio, para cuidarla entre todos\u201d.<\/em><\/p>\n<p>A su vez, Mabel, presidenta Centro Vecinal Matienzo concluy\u00f3 <em>\u201cEsta es una plaza emblem\u00e1tica porque fue la primera del barrio Matienzo. Somos un barrio de 100 manzanas y ahora contamos con seis plazas. Despu\u00e9s de 60 a\u00f1os de esta primera plaza, nunca se volvieron a hacer trabajos de mantenci\u00f3n como lo hizo esta gesti\u00f3n.\u201d<\/em><\/p>\n<p>Del evento tambi\u00e9n participaron el secretario de Gobierno y Gesti\u00f3n General de Gabinete, Miguel Siciliano, alumnos de la Escuela Nuestra Se\u00f1ora de F\u00e1tima y de Escuela Aeron\u00e1utica junto a integrantes de la Fundaci\u00f3n Promover la Vida.<\/p>\n","protected":false},"excerpt":{"rendered":"<p>La Municipalidad de C\u00f3rdoba instal\u00f3 modernos juegos infantiles inclusivos, mobiliario, parquizaci\u00f3n con c\u00e9sped y coloridas flores de estaci\u00f3n en sus espacios verdes. El espacio verde se encuentra entre las calles Esmeralda, Graham Bell, Av. Rufino Varela Ortiz y Ant\u00e1rtida Argentina. En el marco de la recuperaci\u00f3n y revalorizaci\u00f3n de espacios p\u00fablicos que lleva adelante la [&hellip;]<\/p>\n","protected":false},"author":1,"featured_media":81337,"comment_status":"closed","ping_status":"closed","sticky":false,"template":"","format":"standard","meta":[],"categories":[44],"tags":[],"_links":{"self":[{"href":"http:\/\/cordobadirecto.com\/index.php\/wp-json\/wp\/v2\/posts\/81336"}],"collection":[{"href":"http:\/\/cordobadirecto.com\/index.php\/wp-json\/wp\/v2\/posts"}],"about":[{"href":"http:\/\/cordobadirecto.com\/index.php\/wp-json\/wp\/v2\/types\/post"}],"author":[{"embeddable":true,"href":"http:\/\/cordobadirecto.com\/index.php\/wp-json\/wp\/v2\/users\/1"}],"replies":[{"embeddable":true,"href":"http:\/\/cordobadirecto.com\/index.php\/wp-json\/wp\/v2\/comments?post=81336"}],"version-history":[{"count":0,"href":"http:\/\/cordobadirecto.com\/index.php\/wp-json\/wp\/v2\/posts\/81336\/revisions"}],"wp:featuredmedia":[{"embeddable":true,"href":"http:\/\/cordobadirecto.com\/index.php\/wp-json\/wp\/v2\/media\/81337"}],"wp:attachment":[{"href":"http:\/\/cordobadirecto.com\/index.php\/wp-json\/wp\/v2\/media?parent=81336"}],"wp:term":[{"taxonomy":"category","embeddable":true,"href":"http:\/\/cordobadirecto.com\/index.php\/wp-json\/wp\/v2\/categories?post=81336"},{"taxonomy":"post_tag","embeddable":true,"href":"http:\/\/cordobadirecto.com\/index.php\/wp-json\/wp\/v2\/tags?post=81336"}],"curies":[{"name":"wp","href":"https:\/\/api.w.org\/{rel}","templated":true}]}}