{"id":81338,"date":"2022-10-06T20:10:04","date_gmt":"2022-10-06T20:10:04","guid":{"rendered":"https:\/\/cordoba.gob.ar\/?p=34337"},"modified":"2022-10-06T20:10:04","modified_gmt":"2022-10-06T20:10:04","slug":"personalidades-de-la-cultura-de-cordoba-rinden-homenaje-a-susana-cabuchi-en-la-flc-2022","status":"publish","type":"post","link":"http:\/\/cordobadirecto.com\/index.php\/2022\/10\/06\/personalidades-de-la-cultura-de-cordoba-rinden-homenaje-a-susana-cabuchi-en-la-flc-2022\/","title":{"rendered":"Personalidades de la cultura de C\u00f3rdoba, rinden homenaje a Susana Cabuchi en la FLC 2022"},"content":{"rendered":"<div><img src=\"http:\/\/cordobadirecto.com\/wp-content\/uploads\/2022\/10\/personalidades-de-la-cultura-de-cordoba-rinden-homenaje-a-susana-cabuchi-en-la-flc-2022.jpg\" class=\"ff-og-image-inserted\"><\/div>\n<ul>\n<li><strong>La actividad cont\u00f3 con la participaci\u00f3n de Mar\u00eda Teresa Andruetto, Rebeca Bortoletto y estudiantes universitarios, entre otras figuras.<\/strong><\/li>\n<li><strong>Se desarroll\u00f3 de 14 a 18 en la Plaza de la Intendencia, de manera libre y gratuita.<\/strong><\/li>\n<li><strong>Se trata de una lectura de poemas de autoras latinoamericanas.<\/strong><\/li>\n<\/ul>\n<hr>\n<p>Como parte de las propuestas m\u00e1s relevantes de la Feria del Libro 2022, personalidades de la cultura cordobesa leen poes\u00eda en la Plaza de la Intendencia en la tarde del jueves.<\/p>\n<p>Esta \u201cMarat\u00f3n de lectura de poemas homenaje a Susana Cabuchi\u201d se da como parte de una nutrida agenda cultural, libre y gratuita, disponible en <a href=\"https:\/\/feriadellibro.cordoba.gob.ar\/actividades\/.\">https:\/\/feriadellibro.cordoba.gob.ar\/actividades\/.<\/a><\/p>\n<p>Participan Mar\u00eda Teresa Andruetto, Lila Lardone, Estela Smania, Rebeca Bortoletto, Mar\u00eda Eugenia Pascuali, entre otras figuras destacadas, junto a estudiantes de la UNC y del CUP, coordinados por Liliana Tozzi.<\/p>\n<p>De 14 a 18, leen poemas de autoras latinoamericanas en la carpa dispuesta en la plaza como parte de la grilla central.<\/p>\n","protected":false},"excerpt":{"rendered":"<p>La actividad cont\u00f3 con la participaci\u00f3n de Mar\u00eda Teresa Andruetto, Rebeca Bortoletto y estudiantes universitarios, entre otras figuras. Se desarroll\u00f3 de 14 a 18 en la Plaza de la Intendencia, de manera libre y gratuita. Se trata de una lectura de poemas de autoras latinoamericanas. Como parte de las propuestas m\u00e1s relevantes de la Feria [&hellip;]<\/p>\n","protected":false},"author":1,"featured_media":81339,"comment_status":"closed","ping_status":"closed","sticky":false,"template":"","format":"standard","meta":[],"categories":[44],"tags":[],"_links":{"self":[{"href":"http:\/\/cordobadirecto.com\/index.php\/wp-json\/wp\/v2\/posts\/81338"}],"collection":[{"href":"http:\/\/cordobadirecto.com\/index.php\/wp-json\/wp\/v2\/posts"}],"about":[{"href":"http:\/\/cordobadirecto.com\/index.php\/wp-json\/wp\/v2\/types\/post"}],"author":[{"embeddable":true,"href":"http:\/\/cordobadirecto.com\/index.php\/wp-json\/wp\/v2\/users\/1"}],"replies":[{"embeddable":true,"href":"http:\/\/cordobadirecto.com\/index.php\/wp-json\/wp\/v2\/comments?post=81338"}],"version-history":[{"count":0,"href":"http:\/\/cordobadirecto.com\/index.php\/wp-json\/wp\/v2\/posts\/81338\/revisions"}],"wp:featuredmedia":[{"embeddable":true,"href":"http:\/\/cordobadirecto.com\/index.php\/wp-json\/wp\/v2\/media\/81339"}],"wp:attachment":[{"href":"http:\/\/cordobadirecto.com\/index.php\/wp-json\/wp\/v2\/media?parent=81338"}],"wp:term":[{"taxonomy":"category","embeddable":true,"href":"http:\/\/cordobadirecto.com\/index.php\/wp-json\/wp\/v2\/categories?post=81338"},{"taxonomy":"post_tag","embeddable":true,"href":"http:\/\/cordobadirecto.com\/index.php\/wp-json\/wp\/v2\/tags?post=81338"}],"curies":[{"name":"wp","href":"https:\/\/api.w.org\/{rel}","templated":true}]}}