{"id":81345,"date":"2022-10-06T21:15:00","date_gmt":"2022-10-06T21:15:00","guid":{"rendered":"http:\/\/cordobadirecto.com\/index.php\/2022\/10\/06\/una-mujer-acuso-a-las-autoridades-de-iran-de-la-muerte-de-su-hija-en-las-protestas\/"},"modified":"2022-10-06T21:15:00","modified_gmt":"2022-10-06T21:15:00","slug":"una-mujer-acuso-a-las-autoridades-de-iran-de-la-muerte-de-su-hija-en-las-protestas","status":"publish","type":"post","link":"http:\/\/cordobadirecto.com\/index.php\/2022\/10\/06\/una-mujer-acuso-a-las-autoridades-de-iran-de-la-muerte-de-su-hija-en-las-protestas\/","title":{"rendered":"Una mujer acus\u00f3 a las autoridades de Ir\u00e1n de la muerte de su hija en las protestas"},"content":{"rendered":"<figure class=\"mb-3\"><img loading=\"lazy\" src=\"http:\/\/cordobadirecto.com\/wp-content\/uploads\/2022\/10\/una-mujer-acuso-a-las-autoridades-de-iran-de-la-muerte-de-su-hija-en-las-protestas.jpg\" width=\"100%\" height=\"100%\" alt=\"Una ola de protestas sacude a Irn desde le 16 de septiembre Foto AFP\"><figcaption> Una ola de protestas sacude a Ir\u00e1n desde le 16 de septiembre. Foto: AFP <\/figcaption><\/figure>\n<p>La madre de una joven iran\u00ed que muri\u00f3 tras sumarse a las protestas por el fallecimiento de Mahsa Amini bajo custodia de la polic\u00eda de la moral responsabiliz\u00f3 a las autoridades de la muerte de su hija, en un video enviado este jueves a un medio opositor con sede en el extranjero.<\/p>\n<p><strong>La denuncia de Nasrin Shahkarami, madre de Nika, se produce un d\u00eda despu\u00e9s de que autoridades judiciales de Ir\u00e1n negaran cualquier v\u00ednculo entre el fallecimiento de la joven y las manifestaciones<\/strong>, luego de que circulara en redes sociales que hab\u00eda sido asesinada por las fuerzas de seguridad.<\/p>\n<p>Shahkarami tambi\u00e9n acus\u00f3 a las autoridades de haberla amenazado con hacer una confesi\u00f3n forzada sobre<strong> la muerte de Nika, de 16 a\u00f1os, que desapareci\u00f3 el 20 de septiembre tras haberse sumado a una manifestaci\u00f3n en rechazo al c\u00f3digo isl\u00e1mico de vestimenta en Teher\u00e1n<\/strong>, inform\u00f3 la agencia de noticias AFP.<\/p>\n<p>Por su parte, <strong>la t\u00eda de Nika, Atash Shahkarami, explic\u00f3 en televisi\u00f3n que la joven se habr\u00eda ca\u00eddo de un edificio de varios pisos.<\/strong><\/p>\n<p>Sin embargo, <strong>la madre de Nika afirm\u00f3 que las autoridades &#8220;la obligaron a hacer esas declaraciones&#8221;, en un video publicado este jueves por Radio Farda<\/strong>, una estaci\u00f3n iran\u00ed creada por Estados Unidos y con sede central en Praga.<\/p>\n<p><strong>&#8220;Mi hija fue asesinada en las manifestaciones el mismo d\u00eda en que desapareci\u00f3&#8221;,<\/strong> denunci\u00f3 y agreg\u00f3 que se respald\u00f3 en un informe forense.<\/p>\n<blockquote class=\"twitter-tweet\" readability=\"4.7045454545455\">\n<p lang=\"es\" dir=\"ltr\">Revelan video de la joven Nika Shahkarami antes de morir en Teher\u00e1n durante la primera semana de protestas. <a href=\"https:\/\/t.co\/UgN7aMLXIo\">https:\/\/t.co\/UgN7aMLXIo<\/a><\/p>\n<p>\u2014 CNN en Espa\u00f1ol (@CNNEE) <a href=\"https:\/\/twitter.com\/CNNEE\/status\/1577853668589723648?ref_src=twsrc%5Etfw\">October 6, 2022<\/a><\/p><\/blockquote>\n<p><strong>&#8220;Yo misma vi su cuerpo. Ten\u00eda un fuerte golpe en la nuca y su cr\u00e1neo estaba hundido. As\u00ed fue asesinada&#8221;,<\/strong> manifest\u00f3, y acus\u00f3 a las autoridades de forzarla a ella y a su familia a atenerse a la versi\u00f3n oficial<\/p>\n<p>El grupo Iran Human Rights (IHR), basado en Oslo, afirm\u00f3 que considera a la Rep\u00fablica Isl\u00e1mica responsable de la muerte de Nika Shahkarami.<\/p>\n<p>En tanto, <strong>Estados Unidos impuso este jueves sanciones econ\u00f3micas a siete altos funcionarios iran\u00edes <\/strong>por su papel en la represi\u00f3n violenta de los manifestantes despu\u00e9s de la muerte de Amini.<\/p>\n<p>Las sanciones se dirigieron al ministro del Interior, Ahmad Vahidi; al ministro de Telecomunicaciones, Issa Zarepour; y a cinco altos funcionarios de seguridad &#8220;por el cierre del acceso a Internet de Ir\u00e1n y la continua violencia contra los manifestantes pac\u00edficos&#8221;, inform\u00f3 el Departamento del Tesoro de Estados Unidos.<\/p>\n<p><strong>Una ola de protestas sacude a Ir\u00e1n desde la muerte, el 16 de septiembre<\/strong>, de Amini, una joven kurda de 22 a\u00f1os, tras haber sido detenida por la polic\u00eda de la moral de Teher\u00e1n por incumplir el estricto c\u00f3digo de vestimenta que obliga a las mujeres a cubrirse la cabeza y el pecho con un velo.<\/p>\n<p>IHR elev\u00f3 el martes pasado a por lo menos 154 la cantidad de muertos en el contexto de las protestas, mientras medios estatales iran\u00edes difundieron un balance de 60 fallecidos, incluyendo a 12 agentes de seguridad.<\/p>\n<p>HRW compil\u00f3 los nombres de 47 personas que grupos de derechos humanos o medios de comunicaci\u00f3n cre\u00edbles documentaron como asesinados, la mayor\u00eda por balas., entre ellos al menos nueve menores, dos de ellos ni\u00f1as, y seis mujeres. <\/p>\n","protected":false},"excerpt":{"rendered":"<p>Una ola de protestas sacude a Ir\u00e1n desde le 16 de septiembre. Foto: AFP La madre de una joven iran\u00ed que muri\u00f3 tras sumarse a las protestas por el fallecimiento de Mahsa Amini bajo custodia de la polic\u00eda de la moral responsabiliz\u00f3 a las autoridades de la muerte de su hija, en un video enviado [&hellip;]<\/p>\n","protected":false},"author":1,"featured_media":81346,"comment_status":"closed","ping_status":"closed","sticky":false,"template":"","format":"standard","meta":[],"categories":[24],"tags":[],"_links":{"self":[{"href":"http:\/\/cordobadirecto.com\/index.php\/wp-json\/wp\/v2\/posts\/81345"}],"collection":[{"href":"http:\/\/cordobadirecto.com\/index.php\/wp-json\/wp\/v2\/posts"}],"about":[{"href":"http:\/\/cordobadirecto.com\/index.php\/wp-json\/wp\/v2\/types\/post"}],"author":[{"embeddable":true,"href":"http:\/\/cordobadirecto.com\/index.php\/wp-json\/wp\/v2\/users\/1"}],"replies":[{"embeddable":true,"href":"http:\/\/cordobadirecto.com\/index.php\/wp-json\/wp\/v2\/comments?post=81345"}],"version-history":[{"count":0,"href":"http:\/\/cordobadirecto.com\/index.php\/wp-json\/wp\/v2\/posts\/81345\/revisions"}],"wp:featuredmedia":[{"embeddable":true,"href":"http:\/\/cordobadirecto.com\/index.php\/wp-json\/wp\/v2\/media\/81346"}],"wp:attachment":[{"href":"http:\/\/cordobadirecto.com\/index.php\/wp-json\/wp\/v2\/media?parent=81345"}],"wp:term":[{"taxonomy":"category","embeddable":true,"href":"http:\/\/cordobadirecto.com\/index.php\/wp-json\/wp\/v2\/categories?post=81345"},{"taxonomy":"post_tag","embeddable":true,"href":"http:\/\/cordobadirecto.com\/index.php\/wp-json\/wp\/v2\/tags?post=81345"}],"curies":[{"name":"wp","href":"https:\/\/api.w.org\/{rel}","templated":true}]}}