{"id":81355,"date":"2022-10-06T19:53:28","date_gmt":"2022-10-06T19:53:28","guid":{"rendered":"https:\/\/www.ole.com.ar\/autos\/gp-suzuka-f1-hora-tv-verstappen_0_5kOiMErqz9.html"},"modified":"2022-10-06T19:53:28","modified_gmt":"2022-10-06T19:53:28","slug":"gp-de-suzuka-hora-tv-y-todo-lo-que-tenes-que-saber","status":"publish","type":"post","link":"http:\/\/cordobadirecto.com\/index.php\/2022\/10\/06\/gp-de-suzuka-hora-tv-y-todo-lo-que-tenes-que-saber\/","title":{"rendered":"GP de Suzuka: hora, TV y todo lo que ten\u00e9s que saber"},"content":{"rendered":"<p>La <strong><a alt=\"formula-1\" class=\"slug\" href=\"https:\/\/www.ole.com.ar\/tema\/formula-1.html\" target=\"_blank\" title=\"formula-1\" rel=\"noopener\">F\u00f3rmula 1 <\/a><\/strong>se encuentra ante una carrera que puede entrar en la historia de la categor\u00eda: este fin de semana, en el Gran Premio de Suzuka, en Jap\u00f3n, <strong><a alt=\"max-verstappen\" class=\"slug\" href=\"https:\/\/www.ole.com.ar\/tema\/max-verstappen.html\" target=\"_blank\" title=\"max-verstappen\" rel=\"noopener\">Max Verstappen<\/a><\/strong> <strong>tiene la<a data-cke-saved-href=\"https:\/\/www.ole.com.ar\/autos\/verstappen-susuka-formula1-campeon-_0_VcHlIeXLlh.html?code=N89ryjysetFupV9gOlLvRGWbTYfLhIoAMG7bV5pmkWadP&amp;state=ZkxlMGhtMlNVcFBhfk1BaGNyVU1qZUV+Q2NhSXNTRk1JNVlhZm1RZjdtZQ==\" target=\"_blank\" href=\"https:\/\/www.ole.com.ar\/autos\/verstappen-susuka-formula1-campeon-_0_VcHlIeXLlh.html?code=N89ryjysetFupV9gOlLvRGWbTYfLhIoAMG7bV5pmkWadP&amp;state=ZkxlMGhtMlNVcFBhfk1BaGNyVU1qZUV+Q2NhSXNTRk1JNVlhZm1RZjdtZQ==\" rel=\"noopener\"> chance de consagrarse bicampe\u00f3n<\/a><\/strong>. Eso s\u00ed, a falta de cinco fechas para la finalizaci\u00f3n del campeonato, tanto el neerland\u00e9s, que ya declar\u00f3 no estar desesperado por conseguir el t\u00edtulo, como el resto de sus colegas de la parrilla saben que la corona es una cuesti\u00f3n de tiempo.<\/p>\n<div class=\"sp__SM\">\n<div class=\"content-new \">\n<span class=\"tit-mobile\">Mir\u00e1 tambi\u00e9n<\/span><\/p>\n<div class=\"mg\">\n<div class=\"wrap-figure\">\n<picture>\n<a href=\"https:\/\/www.ole.com.ar\/autos\/canapino-probara-indycar_0_w11EyYzGIy.html\" target=\"_self\" rel=\"noopener\"><br \/>\n<img class=\"img-responsive\" alt=\"Agust\u00edn Canapino acelerar\u00e1 un auto de la IndyCar\" src=\"http:\/\/cordobadirecto.com\/wp-content\/uploads\/2022\/10\/gp-de-suzuka-hora-tv-y-todo-lo-que-tenes-que-saber.jpg\" loading=\"lazy\"><br \/>\n<\/a>\n<\/picture>\n<\/div>\n<\/div><\/div>\n<\/div>\n<p>Despu\u00e9s de dos a\u00f1os de ausencia por la pandemia del coronavirus, <strong>la categor\u00eda reina del automovilismo internacional regresa a tierras japonesas para vivir la 17\u00aa jornada de la F1 y su 36\u00aa vez en la historia del torneo<\/strong>. Y el circuito de Suzuka, donde los pilotos correr\u00e1n durante 53 vueltas para hacer los 5.807 kil\u00f3metros estipulados, Verstappen sue\u00f1a con bajarle el tel\u00f3n al torneo: si no quiere depender de ning\u00fan otro rival, a Super Max le alcanza con ganar el carrera con un puntos bonus por hacer la vuelta m\u00e1s r\u00e1pida.<\/p>\n<div class=\"sp__Normal\">\n<div class=\"image-embeb image-trigger\" readability=\"6\">\n<picture><source media=\"(min-width: 720px)\" srcset=\"http:\/\/cordobadirecto.com\/wp-content\/uploads\/2022\/10\/gp-de-suzuka-hora-tv-y-todo-lo-que-tenes-que-saber-1.jpg\"><img itemprop=\"image\" src=\"http:\/\/cordobadirecto.com\/wp-content\/uploads\/2022\/10\/gp-de-suzuka-hora-tv-y-todo-lo-que-tenes-que-saber-1.jpg\" loading=\"lazy\" alt=\"Verstappen quiere ganar en Jap\u00f3n. (AP)\">\n<\/picture><figcaption readability=\"2\">\n<p>Verstappen quiere ganar en Jap\u00f3n. (AP)\n<\/p>\n<\/figcaption><\/div>\n<\/div>\n<p>De esa manera, no tiene que mirar por el espejo retrovisor en qu\u00e9 posici\u00f3n terminan Charles Leclerc (2\u00b0 a 104 unidades de las 341 que tiene Verstappen) y Sergio P\u00e9rez (3\u00b0, a 106 puntos de Max y ganador del \u00faltimo GP de Singapur). Las chances son muchas para el neerland\u00e9s, que ni siquiera tiene que ganar para coronarse. En caso de no finalizar 1\u00b0, pero logrando el r\u00e9cord de vuelta, estas son las posibilidades: si Max es 3\u00b0 (Leclerc debe ser 6\u00b0 y P\u00e9rez 2\u00b0 o peor); si es 5\u00b0 (Leclerc debe terminar 9\u00b0 y P\u00e9rez 3\u00b0); si es 6\u00b0 (Leclerc debe ser 10\u00b0 y P\u00e9rez 3\u00b0).<\/p>\n<div class=\"sp__SM\">\n<div class=\"content-new \">\n<span class=\"tit-mobile\">Mir\u00e1 tambi\u00e9n<\/span><\/p>\n<div class=\"mg\">\n<div class=\"wrap-figure\">\n<picture>\n<a href=\"https:\/\/www.ole.com.ar\/fuera-de-juego\/mayweather-lujoso-regalo-expareja-euros_0_k6xC49c7F1.html\" target=\"_self\" rel=\"noopener\"><br \/>\n<img class=\"img-responsive\" alt=\"El lujoso regalo de 160.000 euros de Floyd Mayweather a su expareja\" src=\"http:\/\/cordobadirecto.com\/wp-content\/uploads\/2022\/10\/gp-de-suzuka-hora-tv-y-todo-lo-que-tenes-que-saber-2.jpg\" loading=\"lazy\"><br \/>\n<\/a>\n<\/picture>\n<\/div>\n<\/div><\/div>\n<\/div>\n<p>Pero \u00e9stas no son las \u00fanicas combinaciones. Incluso sin conseguir el r\u00e9cord de vuelta en Suzuka, Verstappen podr\u00eda coronarse si se dan estos resultados: siendo 2\u00b0, un 5\u00b0 puesto para el de Ferrari y el 4\u00b0 para su compa\u00f1ero mexicano le dar\u00eda el t\u00edtulo. Tambi\u00e9n puede finalizar 3\u00b0 (Leclerc debe ser 7\u00b0 y P\u00e9rez 5\u00b0); si termina 4\u00b0 (Leclerc debe ser 9\u00b0 y P\u00e9rez 3\u00b0); si es 5\u00b0 (Leclerc debe ser 9\u00b0 y P\u00e9rez 3\u00b0); y en caso de terminar en 6\u00b0 lugar, Verstappen depender\u00eda de que el monegasco no sume puntos (abajo de los 10 primeros) y que P\u00e9rez termine 4\u00b0 o peor.<\/p>\n<div class=\"sp__Normal\">\n<div class=\"image-embeb image-trigger\" readability=\"6\">\n<picture><source media=\"(min-width: 720px)\" srcset=\"http:\/\/cordobadirecto.com\/wp-content\/uploads\/2022\/10\/gp-de-suzuka-hora-tv-y-todo-lo-que-tenes-que-saber-3.jpg\"><img itemprop=\"image\" src=\"http:\/\/cordobadirecto.com\/wp-content\/uploads\/2022\/10\/gp-de-suzuka-hora-tv-y-todo-lo-que-tenes-que-saber-3.jpg\" loading=\"lazy\" alt=\"Max habl\u00f3 en la previa al GP de Suzuka. (EFE)\">\n<\/picture><figcaption readability=\"2\">\n<p>Max habl\u00f3 en la previa al GP de Suzuka. (EFE)\n<\/p>\n<\/figcaption><\/div>\n<\/div>\n<p>&#8220;<strong>Ganar el Mundial en Jap\u00f3n lo har\u00eda m\u00e1s especial por nuestra relaci\u00f3n con Honda<\/strong> (marca que prove\u00e9 los motores a Red Bull). Creo que fue una l\u00e1stima no haber podido estar en Jap\u00f3n el a\u00f1o pasado y tenemos ganas de correr de nuevo aqu\u00ed, veremos c\u00f3mo va el fin de semana. Necesitamos hacerlo todo perfecto, eso est\u00e1 claro&#8221;, asegur\u00f3 en la conferencia de prensa previa a la carrera.<\/p>\n<h2><strong>Los horarios y la TV de la actividad de la F1 en Suzuka<\/strong><br \/><\/h2>\n<p>Como es habitual en cada fin de semana,<strong> la M\u00e1xima iniciar\u00e1 su actividad con una doble sesi\u00f3n de pr\u00e1cticas libres, aunque esta vez tendr\u00e1 un condimento especial<\/strong>. La primera pr\u00e1ctica se realizar\u00e1 a las 12 de la noche del viernes, mientras que la segunda ser\u00e1 de 3 a 4.30 de la ma\u00f1ana. La sorpresa es que durar\u00e1 una hora y media, dado que Pirelli quiere probar los nuevos compuestos de neum\u00e1ticos para la pr\u00f3xima temporada.<\/p>\n<p>Por otro lado, la tercera pr\u00e1ctica libre ser\u00e1 a las 12 del s\u00e1bado y, luego, vendr\u00e1 la clasificaci\u00f3n a las 3. La carrera, finalmente, llegar\u00e1 a las 2 de la ma\u00f1ana, momento en el que Max podr\u00eda ser campe\u00f3n. <strong>Todo ser\u00e1 transmitido por Star+ y Fox Sports.<\/strong><\/p>\n<div class=\"sp__SM\">\n<div class=\"content-new \">\n<span class=\"tit-mobile\">Mir\u00e1 tambi\u00e9n<\/span><\/p>\n<div class=\"mg\">\n<div class=\"wrap-figure\">\n<picture>\n<a href=\"https:\/\/www.ole.com.ar\/autos\/verstappen-susuka-formula1-campeon-_0_VcHlIeXLlh.html\" target=\"_self\" rel=\"noopener\"><br \/>\n<img class=\"img-responsive\" alt=\"\u00bfQu\u00e9 necesita Verstappen para ser campe\u00f3n en Suzuka?\" src=\"http:\/\/cordobadirecto.com\/wp-content\/uploads\/2022\/10\/gp-de-suzuka-hora-tv-y-todo-lo-que-tenes-que-saber-4.jpg\" loading=\"lazy\"><br \/>\n<\/a>\n<\/picture>\n<\/div>\n<\/div><\/div>\n<\/div>\n<div class=\"sp__SM\">\n<div class=\"content-new \">\n<span class=\"tit-mobile\">Mir\u00e1 tambi\u00e9n<\/span><\/p>\n<div class=\"mg\">\n<div class=\"wrap-figure\">\n<picture>\n<a href=\"https:\/\/www.ole.com.ar\/autos\/pernia-puntero-campeonato_0_1DW25RbHUO.html\" target=\"_self\" rel=\"noopener\"><br \/>\n<img class=\"img-responsive\" alt=\"Pern\u00eda sigue como l\u00edder a dos fechas del cierre\" src=\"http:\/\/cordobadirecto.com\/wp-content\/uploads\/2022\/10\/gp-de-suzuka-hora-tv-y-todo-lo-que-tenes-que-saber-5.jpg\" loading=\"lazy\"><br \/>\n<\/a>\n<\/picture>\n<\/div>\n<\/div><\/div>\n<\/div>\n<div class=\"entry-tags\">\n<h2>TEMAS QUE APARECEN EN ESTA NOTA<\/h2>\n<\/p><\/div>\n","protected":false},"excerpt":{"rendered":"<p>La F\u00f3rmula 1 se encuentra ante una carrera que puede entrar en la historia de la categor\u00eda: este fin de semana, en el Gran Premio de Suzuka, en Jap\u00f3n, Max Verstappen tiene la chance de consagrarse bicampe\u00f3n. Eso s\u00ed, a falta de cinco fechas para la finalizaci\u00f3n del campeonato, tanto el neerland\u00e9s, que ya declar\u00f3 [&hellip;]<\/p>\n","protected":false},"author":1,"featured_media":81356,"comment_status":"closed","ping_status":"closed","sticky":false,"template":"","format":"standard","meta":[],"categories":[21],"tags":[],"_links":{"self":[{"href":"http:\/\/cordobadirecto.com\/index.php\/wp-json\/wp\/v2\/posts\/81355"}],"collection":[{"href":"http:\/\/cordobadirecto.com\/index.php\/wp-json\/wp\/v2\/posts"}],"about":[{"href":"http:\/\/cordobadirecto.com\/index.php\/wp-json\/wp\/v2\/types\/post"}],"author":[{"embeddable":true,"href":"http:\/\/cordobadirecto.com\/index.php\/wp-json\/wp\/v2\/users\/1"}],"replies":[{"embeddable":true,"href":"http:\/\/cordobadirecto.com\/index.php\/wp-json\/wp\/v2\/comments?post=81355"}],"version-history":[{"count":0,"href":"http:\/\/cordobadirecto.com\/index.php\/wp-json\/wp\/v2\/posts\/81355\/revisions"}],"wp:featuredmedia":[{"embeddable":true,"href":"http:\/\/cordobadirecto.com\/index.php\/wp-json\/wp\/v2\/media\/81356"}],"wp:attachment":[{"href":"http:\/\/cordobadirecto.com\/index.php\/wp-json\/wp\/v2\/media?parent=81355"}],"wp:term":[{"taxonomy":"category","embeddable":true,"href":"http:\/\/cordobadirecto.com\/index.php\/wp-json\/wp\/v2\/categories?post=81355"},{"taxonomy":"post_tag","embeddable":true,"href":"http:\/\/cordobadirecto.com\/index.php\/wp-json\/wp\/v2\/tags?post=81355"}],"curies":[{"name":"wp","href":"https:\/\/api.w.org\/{rel}","templated":true}]}}