{"id":81396,"date":"2022-10-06T19:55:05","date_gmt":"2022-10-06T19:55:05","guid":{"rendered":"https:\/\/cordoba.gob.ar\/?p=34334"},"modified":"2022-10-06T19:55:05","modified_gmt":"2022-10-06T19:55:05","slug":"flc2022-juan-ingaramo-se-presenta-hoy-en-el-paseo-sobremonte","status":"publish","type":"post","link":"http:\/\/cordobadirecto.com\/index.php\/2022\/10\/06\/flc2022-juan-ingaramo-se-presenta-hoy-en-el-paseo-sobremonte\/","title":{"rendered":"#FLC2022: Juan Ingaramo se presenta hoy en el Paseo Sobremonte"},"content":{"rendered":"<div><img src=\"http:\/\/cordobadirecto.com\/wp-content\/uploads\/2022\/10\/flc2022-juan-ingaramo-se-presenta-hoy-en-el-paseo-sobremonte.jpg\" class=\"ff-og-image-inserted\"><\/div>\n<ul>\n<li><strong>Ser\u00e1 desde las 20:30 luego de la presentaci\u00f3n de Tom\u00e1s Litta con poes\u00eda queer.<\/strong><\/li>\n<\/ul>\n<hr>\n<p>El m\u00fasico cordob\u00e9s Juan Ingaramo har\u00e1 vibrar el Escenario Sobremonte con todo el cuarteto, cumbia, bachata y versiones propias, en el marco de la Feria del Libro C\u00f3rdoba 2022.<\/p>\n<p>Ser\u00e1 desde las 20:30 en el Paseo Sobremonte, de manera libre y gratuita, como todas las propuestas de la Feria.<\/p>\n<p>Juan Ingaramo naci\u00f3 en C\u00f3rdoba en 1987 y dedic\u00f3 su carrera a la m\u00fasica popular. Comenz\u00f3 realizando covers de canciones de cuarteto y luego lanz\u00f3 su carrera como solista con temas propios.<\/p>\n<p>Nacido en el tradicional barrio de San Vicente, su carrera despeg\u00f3 con colaboraciones junto a artistas de la talla de Adri\u00e1n D\u00e1rgelos y Miranda!.<\/p>\n<p>En 2019 recibi\u00f3 una nominaci\u00f3n a Mejor artista nuevo en los Grammy Latinos y este a\u00f1o recibi\u00f3 otras a Mejor \u00e1lbum de pop alternativo y otra a Mejor canci\u00f3n de cuarteto en los Premios Gardel.<\/p>\n<p>El cordob\u00e9s dar\u00e1 un show lleno de energ\u00eda, con el que cerrar\u00e1 la jornada de la FLC 2022, luego de la presentaci\u00f3n del libro \u201cExtensi\u00f3n del cuerpo\u201d, de Tom\u00e1s Litta, con poes\u00eda queer.<\/p>\n","protected":false},"excerpt":{"rendered":"<p>Ser\u00e1 desde las 20:30 luego de la presentaci\u00f3n de Tom\u00e1s Litta con poes\u00eda queer. El m\u00fasico cordob\u00e9s Juan Ingaramo har\u00e1 vibrar el Escenario Sobremonte con todo el cuarteto, cumbia, bachata y versiones propias, en el marco de la Feria del Libro C\u00f3rdoba 2022. Ser\u00e1 desde las 20:30 en el Paseo Sobremonte, de manera libre y [&hellip;]<\/p>\n","protected":false},"author":1,"featured_media":81397,"comment_status":"closed","ping_status":"closed","sticky":false,"template":"","format":"standard","meta":[],"categories":[44],"tags":[],"_links":{"self":[{"href":"http:\/\/cordobadirecto.com\/index.php\/wp-json\/wp\/v2\/posts\/81396"}],"collection":[{"href":"http:\/\/cordobadirecto.com\/index.php\/wp-json\/wp\/v2\/posts"}],"about":[{"href":"http:\/\/cordobadirecto.com\/index.php\/wp-json\/wp\/v2\/types\/post"}],"author":[{"embeddable":true,"href":"http:\/\/cordobadirecto.com\/index.php\/wp-json\/wp\/v2\/users\/1"}],"replies":[{"embeddable":true,"href":"http:\/\/cordobadirecto.com\/index.php\/wp-json\/wp\/v2\/comments?post=81396"}],"version-history":[{"count":0,"href":"http:\/\/cordobadirecto.com\/index.php\/wp-json\/wp\/v2\/posts\/81396\/revisions"}],"wp:featuredmedia":[{"embeddable":true,"href":"http:\/\/cordobadirecto.com\/index.php\/wp-json\/wp\/v2\/media\/81397"}],"wp:attachment":[{"href":"http:\/\/cordobadirecto.com\/index.php\/wp-json\/wp\/v2\/media?parent=81396"}],"wp:term":[{"taxonomy":"category","embeddable":true,"href":"http:\/\/cordobadirecto.com\/index.php\/wp-json\/wp\/v2\/categories?post=81396"},{"taxonomy":"post_tag","embeddable":true,"href":"http:\/\/cordobadirecto.com\/index.php\/wp-json\/wp\/v2\/tags?post=81396"}],"curies":[{"name":"wp","href":"https:\/\/api.w.org\/{rel}","templated":true}]}}