{"id":81400,"date":"2022-10-07T18:40:51","date_gmt":"2022-10-07T18:40:51","guid":{"rendered":"https:\/\/es.digitaltrends.com\/?p=963446"},"modified":"2022-10-07T18:40:51","modified_gmt":"2022-10-07T18:40:51","slug":"primer-vistazo-a-adam-driver-como-el-patron-enzo-ferrari","status":"publish","type":"post","link":"http:\/\/cordobadirecto.com\/index.php\/2022\/10\/07\/primer-vistazo-a-adam-driver-como-el-patron-enzo-ferrari\/","title":{"rendered":"Primer vistazo a Adam Driver como el patr\u00f3n Enzo Ferrari"},"content":{"rendered":"<p>El director Michael Mann sigue trabajando en su <a href=\"https:\/\/es.digitaltrends.com\/autos\/ferrari-purosangue-reveladora-imagen\/\"><strong>versi\u00f3n de <em>Ferrari<\/em><\/strong><\/a>, la pel\u00edcula que cuenta la historia del ex piloto y due\u00f1o de la marca y escuder\u00eda de <a href=\"https:\/\/es.digitaltrends.com\/autos\/nuevos-autos-formula-1-2022\/\"><strong>F\u00f3rmula 1<\/strong><\/a>. Y el actor <strong>Adam Driver<\/strong> es quien se pondr\u00e1 en la piel del patr\u00f3n Enzo Ferrari.<\/p>\n<p>Y este viernes 7 de octubre se adelantaron las primeras im\u00e1genes del rodaje, que muestran a Driver de 39 a\u00f1os haciendo al jefe de la marca a sus 59 a\u00f1os.<\/p>\n<figure class=\"alignnone\"><img src=\"http:\/\/cordobadirecto.com\/wp-content\/uploads\/2022\/10\/primer-vistazo-a-adam-driver-como-el-patron-enzo-ferrari.gif\" data-dt-lazy-src=\"https:\/\/es.digitaltrends.com\/wp-content\/uploads\/2022\/10\/Captura-web_7-10-2022_153916_variety.com_.jpeg?fit=720%2C397&amp;p=1\" onerror=\"dti_load_error(this)\" class=\" size-large wp-image-963451 dt-lazy-load dt-lazy-pending\" alt><\/figure>\n<p>Seg\u00fan el registro oficial de la pel\u00edcula: \u00ab\u2018Ferrari\u2019 est\u00e1 ambientada durante el verano de 1957. El ex piloto de carreras Ferrari est\u00e1 en crisis. La bancarrota acecha a la compa\u00f1\u00eda que \u00e9l y su esposa, Laura, construyeron de la nada 10 a\u00f1os antes. Su matrimonio tempestuoso lucha con el luto por un hijo y el reconocimiento de otro. Decide contrarrestar sus p\u00e9rdidas tirando los dados en una carrera: 1.000 millas a trav\u00e9s de Italia, la ic\u00f3nica Mille Miglia\u00bb.<\/p>\n<figure class=\"alignnone\"><img src=\"http:\/\/cordobadirecto.com\/wp-content\/uploads\/2022\/10\/primer-vistazo-a-adam-driver-como-el-patron-enzo-ferrari.gif\" data-dt-lazy-src=\"https:\/\/es.digitaltrends.com\/wp-content\/uploads\/2022\/10\/Captura-web_7-10-2022_15396_variety.com_.jpeg?fit=720%2C401&amp;p=1\" onerror=\"dti_load_error(this)\" class=\" size-large wp-image-963452 dt-lazy-load dt-lazy-pending\" alt><\/figure>\n<p>El elenco de la cinta incluye a Pen\u00e9lope Cruz como la esposa de Ferrari, Laura Ferrari; Shailene Woodley como su amante Lina Lardi; Patrick Dempsey como el tambi\u00e9n piloto de carreras Piero Taruffi; Jack O\u2019Connell como el corredor Peter Collins; Sarah Gadon como Linda Christian y Gabriel Leone como el carism\u00e1tico conductor Alfonso De Portago.<\/p>\n<h4 class=\"b-editors-recs-title h-editors-recs-title\"> Recomendaciones del editor\t<\/h4>\n<p> <span id=\"publisher-md\" itemprop=\"publisher\" itemscope itemtype=\"https:\/\/schema.org\/Organization\"> <span itemprop=\"url\" itemtype=\"https:\/\/schema.org\/Url\" content=\"https:\/\/es.digitaltrends.com\"> <span itemprop=\"logo\" itemscope itemtype=\"https:\/\/schema.org\/ImageObject\"> <meta itemprop=\"url\" content=\"https:\/\/cdn.dtcn.com\/dt\/dt-logo-small.png\"> <meta itemprop=\"width\" content=\"0\"> <meta itemprop=\"height\" content=\"0\"> <\/span> <meta itemprop=\"name\" content=\"Digital Trends Espa\u00f1ol\"> <\/span> <span itemprop=\"image\" itemscope itemtype=\"https:\/\/schema.org\/ImageObject\"> <meta itemprop=\"url\" content=\"https:\/\/es.digitaltrends.com\/wp-content\/uploads\/2022\/10\/Captura-web_7-10-2022_153916_variety.com_.jpeg?p=1\"> <\/span> <\/span><\/p>\n","protected":false},"excerpt":{"rendered":"<p>El director Michael Mann sigue trabajando en su versi\u00f3n de Ferrari, la pel\u00edcula que cuenta la historia del ex piloto y due\u00f1o de la marca y escuder\u00eda de F\u00f3rmula 1. Y el actor Adam Driver es quien se pondr\u00e1 en la piel del patr\u00f3n Enzo Ferrari. Y este viernes 7 de octubre se adelantaron las [&hellip;]<\/p>\n","protected":false},"author":1,"featured_media":81401,"comment_status":"closed","ping_status":"closed","sticky":false,"template":"","format":"standard","meta":[],"categories":[18],"tags":[],"_links":{"self":[{"href":"http:\/\/cordobadirecto.com\/index.php\/wp-json\/wp\/v2\/posts\/81400"}],"collection":[{"href":"http:\/\/cordobadirecto.com\/index.php\/wp-json\/wp\/v2\/posts"}],"about":[{"href":"http:\/\/cordobadirecto.com\/index.php\/wp-json\/wp\/v2\/types\/post"}],"author":[{"embeddable":true,"href":"http:\/\/cordobadirecto.com\/index.php\/wp-json\/wp\/v2\/users\/1"}],"replies":[{"embeddable":true,"href":"http:\/\/cordobadirecto.com\/index.php\/wp-json\/wp\/v2\/comments?post=81400"}],"version-history":[{"count":0,"href":"http:\/\/cordobadirecto.com\/index.php\/wp-json\/wp\/v2\/posts\/81400\/revisions"}],"wp:featuredmedia":[{"embeddable":true,"href":"http:\/\/cordobadirecto.com\/index.php\/wp-json\/wp\/v2\/media\/81401"}],"wp:attachment":[{"href":"http:\/\/cordobadirecto.com\/index.php\/wp-json\/wp\/v2\/media?parent=81400"}],"wp:term":[{"taxonomy":"category","embeddable":true,"href":"http:\/\/cordobadirecto.com\/index.php\/wp-json\/wp\/v2\/categories?post=81400"},{"taxonomy":"post_tag","embeddable":true,"href":"http:\/\/cordobadirecto.com\/index.php\/wp-json\/wp\/v2\/tags?post=81400"}],"curies":[{"name":"wp","href":"https:\/\/api.w.org\/{rel}","templated":true}]}}