{"id":81402,"date":"2022-10-07T20:36:00","date_gmt":"2022-10-07T20:36:00","guid":{"rendered":"http:\/\/cordobadirecto.com\/index.php\/2022\/10\/07\/rusia-expropio-la-sede-de-la-ong-memorial-galardonada-con-el-nobel-de-la-paz\/"},"modified":"2022-10-07T20:36:00","modified_gmt":"2022-10-07T20:36:00","slug":"rusia-expropio-la-sede-de-la-ong-memorial-galardonada-con-el-nobel-de-la-paz","status":"publish","type":"post","link":"http:\/\/cordobadirecto.com\/index.php\/2022\/10\/07\/rusia-expropio-la-sede-de-la-ong-memorial-galardonada-con-el-nobel-de-la-paz\/","title":{"rendered":"Rusia expropi\u00f3 la sede de la ONG Memorial, galardonada con el Nobel de la Paz"},"content":{"rendered":"<figure class=\"mb-3\"><img loading=\"lazy\" src=\"http:\/\/cordobadirecto.com\/wp-content\/uploads\/2022\/10\/rusia-expropio-la-sede-de-la-ong-memorial-galardonada-con-el-nobel-de-la-paz.jpg\" width=\"100%\" height=\"100%\" alt=\"Integrantes de la ONG Memorial en la puerta del tribunal en Mosc Foto IGtoposmemoru\"><figcaption> Integrantes de la ONG Memorial en la puerta del tribunal en Mosc\u00fa \/ Foto IG@topos.memo.ru. <\/figcaption><\/figure>\n<p>Un tribunal de Mosc\u00fa orden\u00f3 este viernes la expropiaci\u00f3n en favor del Estado de la sede de la ONG Memorial, prohibida en Rusia, horas despu\u00e9s de que fuera galardonada con el premio Nobel de la Paz junto a un activista bielorruso y otra ONG ucraniana.<\/p>\n<p>Los principales locales de Memorial en Rusia &#8220;quedaron convertidos en propiedad del Estado&#8221;, dijo el tribunal de Tverskoi a la agencia de noticias Interfax, tras un breve juicio contra la ONG.<\/p>\n<p>Un representante del tribunal dijo que Memorial estaba implicada &#8220;en la rehabilitaci\u00f3n de criminales nazis, desacredit\u00f3 a las autoridades y cre\u00f3 una imagen falsa de la URSS&#8221;, inform\u00f3 la agencia de noticias Ria Novosti.<\/p>\n<p><a href=\"https:\/\/www.telam.com.ar\/notas\/202210\/607144-premio-nobel-de-la-paz-ong-rusia.html\" target=\"_blank\" rel=\"noopener\">Memorial es una referencia en la lucha por la libertad y la memoria de la represi\u00f3n pol\u00edtica en el pa\u00eds y en la antigua Uni\u00f3n de las Rep\u00fablicas Sovi\u00e9ticas Socialistas (URSS).<\/a><\/p>\n<p><a href=\"https:\/\/www.telam.com.ar\/notas\/202210\/607119-nobel-de-la-paz-2022-ales-bialiatski-memorial-centro-libertades-civiles-ucrania.html\" target=\"_blank\" rel=\"noopener\">La ONG fue distinguida con el Premio Nobel de la Paz junto con el activista bielorruso Ales Beliatski y el Centro por las Libertades Civiles<\/a>, una organizaci\u00f3n ucraniana, en medio de la ofensiva militar de Mosc\u00fa en Ucrania tras su invasi\u00f3n hace siete meses.<\/p>\n<blockquote class=\"twitter-tweet\" readability=\"7.2613636363636\">\n<p lang=\"en\" dir=\"ltr\">BREAKING NEWS:<br \/>The Norwegian Nobel Committee has decided to award the 2022 <a href=\"https:\/\/twitter.com\/hashtag\/NobelPeacePrize?src=hash&amp;ref_src=twsrc%5Etfw\">#NobelPeacePrize<\/a> to human rights advocate Ales Bialiatski from Belarus, the Russian human rights organisation Memorial and the Ukrainian human rights organisation Center for Civil Liberties. <a href=\"https:\/\/twitter.com\/hashtag\/NobelPrize?src=hash&amp;ref_src=twsrc%5Etfw\">#NobelPrize<\/a> <a href=\"https:\/\/t.co\/9YBdkJpDLU\">pic.twitter.com\/9YBdkJpDLU<\/a><\/p>\n<p>\u2014 The Nobel Prize (@NobelPrize) <a href=\"https:\/\/twitter.com\/NobelPrize\/status\/1578309539870318603?ref_src=twsrc%5Etfw\">October 7, 2022<\/a><\/p><\/blockquote>\n<p>El Comit\u00e9 del Nobel indic\u00f3 que Memorial se ha convertido en &#8220;la fuente de informaci\u00f3n de mayor autoridad sobre los presos pol\u00edticos en los centros de detenci\u00f3n rusos&#8221; y &#8220;ha liderado los esfuerzos para combatir el militarismo y promover los derechos humanos y un gobierno basado en el Estado de derecho&#8221;.<\/p>\n<p>Poco despu\u00e9s de que se anunciara el premio, la ONG denunci\u00f3 el proceso abierto contra ella en Rusia.<\/p>\n<p>&#8220;En el mismo minuto en el que todo el mundo nos felicita por el premio Nobel, se est\u00e1 produciendo un proceso en el tribunal Tverskoi (de Mosc\u00fa) para requisar los locales de Memorial&#8221;, denunci\u00f3 el centro de Derechos Humanos de la ONG.<\/p>\n<p>La organizaci\u00f3n fue creada en 1987 por activistas de derechos humanos de la antigua URSS, que buscaban documentar las v\u00edctimas de la represi\u00f3n.<\/p>\n<p>La justicia rusa orden\u00f3 el cierre de Memorial el 28 de diciembre de 2021 invocando la ley de agentes extranjeros, por lo que muchos de sus miembros debieron abandonar el pa\u00eds.<\/p>\n<p>En diciembre de 2009, la ONG recibi\u00f3 el premio S\u00e1jarov del Parlamento Europeo a la libertad de conciencia. <\/p>\n","protected":false},"excerpt":{"rendered":"<p>Integrantes de la ONG Memorial en la puerta del tribunal en Mosc\u00fa \/ Foto IG@topos.memo.ru. Un tribunal de Mosc\u00fa orden\u00f3 este viernes la expropiaci\u00f3n en favor del Estado de la sede de la ONG Memorial, prohibida en Rusia, horas despu\u00e9s de que fuera galardonada con el premio Nobel de la Paz junto a un activista [&hellip;]<\/p>\n","protected":false},"author":1,"featured_media":81403,"comment_status":"closed","ping_status":"closed","sticky":false,"template":"","format":"standard","meta":[],"categories":[24],"tags":[],"_links":{"self":[{"href":"http:\/\/cordobadirecto.com\/index.php\/wp-json\/wp\/v2\/posts\/81402"}],"collection":[{"href":"http:\/\/cordobadirecto.com\/index.php\/wp-json\/wp\/v2\/posts"}],"about":[{"href":"http:\/\/cordobadirecto.com\/index.php\/wp-json\/wp\/v2\/types\/post"}],"author":[{"embeddable":true,"href":"http:\/\/cordobadirecto.com\/index.php\/wp-json\/wp\/v2\/users\/1"}],"replies":[{"embeddable":true,"href":"http:\/\/cordobadirecto.com\/index.php\/wp-json\/wp\/v2\/comments?post=81402"}],"version-history":[{"count":0,"href":"http:\/\/cordobadirecto.com\/index.php\/wp-json\/wp\/v2\/posts\/81402\/revisions"}],"wp:featuredmedia":[{"embeddable":true,"href":"http:\/\/cordobadirecto.com\/index.php\/wp-json\/wp\/v2\/media\/81403"}],"wp:attachment":[{"href":"http:\/\/cordobadirecto.com\/index.php\/wp-json\/wp\/v2\/media?parent=81402"}],"wp:term":[{"taxonomy":"category","embeddable":true,"href":"http:\/\/cordobadirecto.com\/index.php\/wp-json\/wp\/v2\/categories?post=81402"},{"taxonomy":"post_tag","embeddable":true,"href":"http:\/\/cordobadirecto.com\/index.php\/wp-json\/wp\/v2\/tags?post=81402"}],"curies":[{"name":"wp","href":"https:\/\/api.w.org\/{rel}","templated":true}]}}