{"id":81404,"date":"2022-10-07T17:27:00","date_gmt":"2022-10-07T17:27:00","guid":{"rendered":"http:\/\/cordobadirecto.com\/index.php\/2022\/10\/07\/en-apoyo-a-defensores-de-ddhh-el-nobel-de-la-paz-entra-de-lleno-en-la-guerra-en-ucrania\/"},"modified":"2022-10-07T17:27:00","modified_gmt":"2022-10-07T17:27:00","slug":"en-apoyo-a-defensores-de-ddhh-el-nobel-de-la-paz-entra-de-lleno-en-la-guerra-en-ucrania","status":"publish","type":"post","link":"http:\/\/cordobadirecto.com\/index.php\/2022\/10\/07\/en-apoyo-a-defensores-de-ddhh-el-nobel-de-la-paz-entra-de-lleno-en-la-guerra-en-ucrania\/","title":{"rendered":"En apoyo a defensores de DDHH, el Nobel de la paz entra de lleno en la guerra en Ucrania"},"content":{"rendered":"<div class=\"video_repositive\"> <a class=\"video_sticky\" href=\"javascript:void();\" onclick=\"removeStuckVideo(true);\"><i class=\"far fa-window-close\"><\/i><\/a> <\/p>\n<div id=\"HSKwj8OnW8w\" class=\"video_telam\" readability=\"6.5\">\n<div class=\"feature_article_inner\" readability=\"33\">\n<p><h2 class=\"text-center\">El Nobel de la Paz 2022 destaca a defensores de DDHH de Ucrania, Rusia y Bielorrusia<\/h2>\n<\/p><\/div>\n<p>VER VIDEO <i class=\"fas fa-play\"><\/i><\/p>\n<\/p><\/div><\/div>\n<p>El premio Nobel de la Paz de este a\u00f1o se meti\u00f3 de lleno en la guerra en Ucrania al ser entregado a defensores de derechos humanos de ese pa\u00eds y sus vecinos Rusia y Bielorrusia, un pronunciamiento que, sin nombrarlos directamente, representa una cr\u00edtica a los gobiernos ruso y bielorruso en el d\u00eda del cumplea\u00f1os 70 del jefe del Kremlin.<\/p>\n<p>El galard\u00f3n fue atribuido al <a href=\"https:\/\/www.telam.com.ar\/notas\/202210\/607135-nobel-de-la-paz-perfil.html\" target=\"_blank\" rel=\"noopener\">activista bielorruso encarcelado Ales Bialiatski<\/a>, a la ONG rusa <a href=\"https:\/\/www.telam.com.ar\/notas\/202210\/607144-premio-nobel-de-la-paz-ong-rusia.html\" target=\"_blank\" rel=\"noopener\">Memorial<\/a> -cuya disoluci\u00f3n ordenaron las autoridades rusas hace un a\u00f1o- y al <a href=\"https:\/\/www.telam.com.ar\/notas\/202210\/607139-premio-nobel-ong.html\" target=\"_blank\" rel=\"noopener\">Centro por las Libertades Civiles de Ucrania<\/a>.<\/p>\n<p><strong>&#8220;El comit\u00e9 Nobel noruego desea honrar a tres destacados estandartes de los derechos humanos, de la democracia y de la coexistencia pac\u00edfica en los tres pa\u00edses vecinos que son Bielorrusia, Rusia y Ucrania&#8221;<\/strong>, declar\u00f3 su presidenta, Berit Reiss-Andersen.<\/p>\n<p>Como anticipaban los expertos, el comit\u00e9 Nobel quiso enviar un mensaje frente al conflicto b\u00e9lico en Ucrania, que ha sumido a Europa en la crisis de seguridad m\u00e1s grave desde la Segunda Guerra Mundial, aunque sin hacer ataques directos a los presidentes bielorruso, Alexandr Lukashenko, y ruso, Vladimir Putin.<\/p>\n<p>Reiss-Andersen destac\u00f3, no obstante, que el Ejecutivo ruso, &#8220;como el gobierno de Bielorrusia, representa un gobierno autoritario que reprime a los activistas por los DDHH&#8221;.<\/p>\n<blockquote class=\"twitter-tweet\" readability=\"7.2613636363636\">\n<p lang=\"en\" dir=\"ltr\">BREAKING NEWS:<br \/>The Norwegian Nobel Committee has decided to award the 2022 <a href=\"https:\/\/twitter.com\/hashtag\/NobelPeacePrize?src=hash&amp;ref_src=twsrc%5Etfw\">#NobelPeacePrize<\/a> to human rights advocate Ales Bialiatski from Belarus, the Russian human rights organisation Memorial and the Ukrainian human rights organisation Center for Civil Liberties. <a href=\"https:\/\/twitter.com\/hashtag\/NobelPrize?src=hash&amp;ref_src=twsrc%5Etfw\">#NobelPrize<\/a> <a href=\"https:\/\/t.co\/9YBdkJpDLU\">pic.twitter.com\/9YBdkJpDLU<\/a><\/p>\n<p>\u2014 The Nobel Prize (@NobelPrize) <a href=\"https:\/\/twitter.com\/NobelPrize\/status\/1578309539870318603?ref_src=twsrc%5Etfw\">October 7, 2022<\/a><\/p><\/blockquote>\n<p>Adem\u00e1s, inst\u00f3 a Bielorrusia a liberar a Ales Bialiatski, presidente fundador del Centro de defensa de los Derechos Humanos Viasna (&#8220;Primavera&#8221;), encarcelado bajo acusaci\u00f3n de evasi\u00f3n fiscal tras las manifestaciones masivas de 2020 contra la reelecci\u00f3n de Lukashenko, considerada fraudulenta por los pa\u00edses occidentales.<\/p>\n<p>La esposa de Bialiatski, Natalia Pinchuk, declar\u00f3 a la agencia AFP que estaba &#8220;abrumada por la emoci\u00f3n&#8221;, mientras que la l\u00edder opositora bielorrusa Svetlana Tijan\u00f3vskaya consider\u00f3 que &#8220;el premio es un reconocimiento importante para todos los bielorrusos que luchan por la libertad y la democracia&#8221;.<\/p>\n<blockquote class=\"twitter-tweet\" readability=\"6.7506849315068\">\n<p lang=\"en\" dir=\"ltr\">Congratulations to Belarusian human rights defender &amp; political prisoner Ales Bialiatski for receiving the 2022 <a href=\"https:\/\/twitter.com\/hashtag\/NobelPeacePrize?src=hash&amp;ref_src=twsrc%5Etfw\">#NobelPeacePrize<\/a>. The prize is an important recognition for all Belarusians fighting for freedom &amp; democracy. All political prisoners must be released without delay. <a href=\"https:\/\/t.co\/szxmB5YG5g\">pic.twitter.com\/szxmB5YG5g<\/a><\/p>\n<p>\u2014 Sviatlana Tsikhanouskaya (@Tsihanouskaya) <a href=\"https:\/\/twitter.com\/Tsihanouskaya\/status\/1578315049101234179?ref_src=twsrc%5Etfw\">October 7, 2022<\/a><\/p><\/blockquote>\n<p>En cambio, Bielorrusia critic\u00f3 la decisi\u00f3n del comit\u00e9.&nbsp;<strong>&#8220;En los \u00faltimos a\u00f1os, las decisiones -y hablamos del Premio de la Paz- est\u00e1n tan politizadas que Alfred Nobel se est\u00e1 revolviendo en su tumba&#8221;<\/strong>, reaccion\u00f3 en Twitter el portavoz de la diplomacia bielorrusa, Anatoli Glaz.<\/p>\n<p>El secretario general de la ONU, Ant\u00f3nio Guterres, subray\u00f3 a su vez que el premio &#8220;destaca el poder de la sociedad civil para hacer avanzar la paz&#8221;.<\/p>\n<p>&#8220;Los grupos de la sociedad civil son el ox\u00edgeno de la democracia, catalizadores de la paz, el progreso social y el crecimiento econ\u00f3mico&#8221;, dijo el portugu\u00e9s en un comunicado.<\/p>\n<p>En tanto,<strong> la presidenta de la Comisi\u00f3n Europea, Ursula von der Leyen, puntualiz\u00f3 que el galard\u00f3n reconoci\u00f3 el &#8220;coraje extraordinario&#8221; <\/strong>de quienes se enfrentan a autocracias.&nbsp;Los premiados &#8220;muestran el verdadero poder de la sociedad civil en la lucha por la democracia&#8221;, apunt\u00f3 Von der Leyen.<\/p>\n<p>El presidente de Estados Unidos, <strong>Joe Biden, felicit\u00f3 a los ganadores por defender los derechos humanos<\/strong> frente a &#8220;la intimidaci\u00f3n y la opresi\u00f3n&#8221;<\/p>\n<p>&#8220;Los Nobel de la Paz de este a\u00f1o nos recuerdan que, incluso en los d\u00edas oscuros de la guerra, frente a la intimidaci\u00f3n y la opresi\u00f3n, el deseo humano de derechos y dignidad no puede extinguirse&#8221;, dijo en un comunicado.<\/p>\n<p><strong>El premio consiste en una medalla de oro, un diploma y una suma de 10 millones de coronas suecas (unos 900.000 d\u00f3lares) a repartir entre los ganadores<\/strong>.<\/p>\n<p>El galard\u00f3n ser\u00e1 entregado en una ceremonia que tendr\u00e1 lugar en Oslo el 10 de diciembre. Es el \u00fanico de los premios Nobel que se entrega en la capital noruega, ya que el resto se otorga en Estocolmo, Suecia.<\/p>\n<figure class=\"mb-3\"><img loading=\"lazy\" src=\"http:\/\/cordobadirecto.com\/wp-content\/uploads\/2022\/10\/en-apoyo-a-defensores-de-ddhh-el-nobel-de-la-paz-entra-de-lleno-en-la-guerra-en-ucrania.jpg\" width=\"100%\" height=\"100%\" alt=\"Foto AFP\"><figcaption> Foto: AFP. <\/figcaption><\/figure>\n<p>Bialiatski, encarcelado de 2011 a 2014 y detenido sin juicio desde 2020, fue <strong>uno de los pioneros del movimiento democr\u00e1tico que surgi\u00f3 en Bielorrusia en la d\u00e9cada de 1980<\/strong>.&nbsp;En 1996 fund\u00f3 Viasna, que brinda apoyo a los manifestantes encarcelados y sus familias y documenta el uso de la tortura contra los presos pol\u00edticos, rese\u00f1\u00f3 Sputnik.<\/p>\n<p>Miembro de la Federaci\u00f3n Internacional para los Derechos Humanos (FIDH), Viasna se convirti\u00f3 r\u00e1pidamente en un observador esencial de los ataques a los derechos, del recuento de detenidos, de la defensa de los presos o de la vigilancia de las elecciones.<\/p>\n<div class=\"card col-md-10 offset-md-1 mb-4\">\n<h3 class=\"pt-2\">Relacionadas<\/h3>\n<\/p><\/div>\n<p>Memorial, nacida en 1987 en la entonces Uni\u00f3n Sovi\u00e9tica, se ha convertido en &#8220;la fuente de informaci\u00f3n de mayor autoridad sobre los presos pol\u00edticos en los centros de detenci\u00f3n rusos&#8221;, seg\u00fan el Comit\u00e9 Noruego de Nobel, y &#8220;ha liderado los esfuerzos para combatir el militarismo y promover los derechos humanos y un gobierno basado en el Estado de derecho&#8221;.<\/p>\n<p>Catalogada desde 2016 como agente extranjero en Rusia, Memorial se neg\u00f3 reiteradamente a etiquetarse como tal, hasta que la Corte Suprema orden\u00f3 su disoluci\u00f3n a fines de 2021.<\/p>\n<figure class=\"mb-3\"><img loading=\"lazy\" src=\"http:\/\/cordobadirecto.com\/wp-content\/uploads\/2022\/10\/en-apoyo-a-defensores-de-ddhh-el-nobel-de-la-paz-entra-de-lleno-en-la-guerra-en-ucrania-1.jpg\" width=\"100%\" height=\"100%\" alt=\"Natalia Estemirova lder de la ONG Memorial en Chechenia fue asesinada para acallar su trabajo a favor de la democracia en Rusia\"><figcaption> Natalia Estemirova, l\u00edder de la ONG Memorial en Chechenia, fue asesinada para acallar su trabajo a favor de la democracia en Rusia. <\/figcaption><\/figure>\n<p>Adem\u00e1s de poner en marcha un centro de documentaci\u00f3n sobre las v\u00edctimas del estalinismo, ha recopilado y archivado la informaci\u00f3n sobre la represi\u00f3n y las violaciones de los Derechos Humanos en Rusia.<\/p>\n<p>Pero poco despu\u00e9s de que se anunciara el premio, la ONG denunci\u00f3 el proceso abierto contra ella en Rusia.<\/p>\n<p><strong>&#8220;En el mismo minuto en el que todo el mundo nos felicita por el premio Nobel, se est\u00e1 produciendo un proceso en el tribunal Tverskoi (de Mosc\u00fa) para requisar los locales de Memorial&#8221;<\/strong>, denunci\u00f3 el centro de Derechos Humanos de Memorial.<\/p>\n<p>El Centro para las Libertades Civiles (CCL, por sus siglas en ingl\u00e9s), fundado en Kiev en 2007, ha estado abogando por fortalecer la sociedad civil ucraniana, promoviendo el Estado de derecho y la afiliaci\u00f3n de Ucrania a la Corte Penal Internacional.<\/p>\n<p>En medio de la guerra con Rusia que comenz\u00f3 el 24 de febrero de este a\u00f1o, procura identificar y documentar los cr\u00edmenes de guerra.&nbsp;Es una organizaci\u00f3n de derechos humanos dirigida por la abogada ucraniana Oleksandra Matviichuk.<\/p>\n<blockquote class=\"twitter-tweet\" readability=\"3.8901098901099\">\n<p lang=\"en\" dir=\"ltr\">Three things which I want to say in accordance of receiving Nobel prize today. <a href=\"https:\/\/t.co\/MKRjr6nESq\">https:\/\/t.co\/MKRjr6nESq<\/a> <a href=\"https:\/\/t.co\/jUxZXnFXhL\">pic.twitter.com\/jUxZXnFXhL<\/a><\/p>\n<p>\u2014 Oleksandra Matviichuk (@avalaina) <a href=\"https:\/\/twitter.com\/avalaina\/status\/1578337768270606336?ref_src=twsrc%5Etfw\">October 7, 2022<\/a><\/p><\/blockquote>\n<p>Su labor, cuenta el Comit\u00e9 Nobel, &#8220;ha reforzado a la sociedad civil ucraniana y ha presionado a las autoridades para hacer de Ucrania una democracia completa&#8221;.<\/p>\n<p>Tras ser notificada del premio, Matviichuk escribi\u00f3 en sus redes sociales: &#8220;Los ej\u00e9rcitos hablan ahora, porque antes las voces de los defensores de derechos humanos no fueron escuchadas en nuestra regi\u00f3n&#8221;, y pidi\u00f3 adem\u00e1s la creaci\u00f3n de un tribunal internacional para juzgar a Putin.<\/p>\n<p>&#8220;Es necesario crear un tribunal internacional y llevar ante la justicia a Putin, Lukashenko y a otros criminales de guerra&#8221;, declar\u00f3 Matviichuk en Facebook.<\/p>\n","protected":false},"excerpt":{"rendered":"<p>El Nobel de la Paz 2022 destaca a defensores de DDHH de Ucrania, Rusia y Bielorrusia VER VIDEO El premio Nobel de la Paz de este a\u00f1o se meti\u00f3 de lleno en la guerra en Ucrania al ser entregado a defensores de derechos humanos de ese pa\u00eds y sus vecinos Rusia y Bielorrusia, un pronunciamiento [&hellip;]<\/p>\n","protected":false},"author":1,"featured_media":81405,"comment_status":"closed","ping_status":"closed","sticky":false,"template":"","format":"standard","meta":[],"categories":[24],"tags":[],"_links":{"self":[{"href":"http:\/\/cordobadirecto.com\/index.php\/wp-json\/wp\/v2\/posts\/81404"}],"collection":[{"href":"http:\/\/cordobadirecto.com\/index.php\/wp-json\/wp\/v2\/posts"}],"about":[{"href":"http:\/\/cordobadirecto.com\/index.php\/wp-json\/wp\/v2\/types\/post"}],"author":[{"embeddable":true,"href":"http:\/\/cordobadirecto.com\/index.php\/wp-json\/wp\/v2\/users\/1"}],"replies":[{"embeddable":true,"href":"http:\/\/cordobadirecto.com\/index.php\/wp-json\/wp\/v2\/comments?post=81404"}],"version-history":[{"count":0,"href":"http:\/\/cordobadirecto.com\/index.php\/wp-json\/wp\/v2\/posts\/81404\/revisions"}],"wp:featuredmedia":[{"embeddable":true,"href":"http:\/\/cordobadirecto.com\/index.php\/wp-json\/wp\/v2\/media\/81405"}],"wp:attachment":[{"href":"http:\/\/cordobadirecto.com\/index.php\/wp-json\/wp\/v2\/media?parent=81404"}],"wp:term":[{"taxonomy":"category","embeddable":true,"href":"http:\/\/cordobadirecto.com\/index.php\/wp-json\/wp\/v2\/categories?post=81404"},{"taxonomy":"post_tag","embeddable":true,"href":"http:\/\/cordobadirecto.com\/index.php\/wp-json\/wp\/v2\/tags?post=81404"}],"curies":[{"name":"wp","href":"https:\/\/api.w.org\/{rel}","templated":true}]}}