{"id":81435,"date":"2022-10-08T04:16:59","date_gmt":"2022-10-08T04:16:59","guid":{"rendered":"https:\/\/www.bbc.com\/mundo\/noticias-internacional-63131657"},"modified":"2022-10-08T04:16:59","modified_gmt":"2022-10-08T04:16:59","slug":"que-quieren-decir-los-terminos-ultraizquierda-y-ultraderecha-y-como-se-usan-en-la-actualidad","status":"publish","type":"post","link":"http:\/\/cordobadirecto.com\/index.php\/2022\/10\/08\/que-quieren-decir-los-terminos-ultraizquierda-y-ultraderecha-y-como-se-usan-en-la-actualidad\/","title":{"rendered":"Qu\u00e9 quieren decir los t\u00e9rminos ultraizquierda y ultraderecha (y c\u00f3mo se usan en la actualidad)"},"content":{"rendered":"<div dir=\"ltr\" class=\"e1j2237y6 bbc-q4ibpr ebmt73l0\">\n<div class=\"bbc-1atl7vu euvj3t14\">\n<ul role=\"list\" class=\"bbc-k0l9bd euvj3t12\">\n<li role=\"listitem\" class=\"bbc-1a3w4ok euvj3t11\">Paula Rosas<\/li>\n<li role=\"listitem\" class=\"bbc-1p92jtu euvj3t10\">BBC News Mundo<\/li>\n<\/ul>\n<\/div>\n<\/div>\n<p><time datetime=\"2022-10-08\" class=\"bbc-1dafq0j e1mklfmt0\">37 minutos<\/time><\/p>\n<div dir=\"ltr\" class=\"bbc-1ka88fa ebmt73l0\">\n<figure class=\"bbc-1qdcvv9 e1aczekt0\">\n<div dir=\"ltr\" class=\"bbc-172p16q ebmt73l0\">\n<div dir=\"ltr\" class=\"bbc-189y18v ebmt73l0\" readability=\"6.5\">\n<div data-e2e=\"image-placeholder\" class=\"bbc-997y1y eihqrxw0\" readability=\"8\"><picture class=\"bbc-yfiktt e1mo64ex1\"><source srcset=\"https:\/\/ichef.bbci.co.uk\/news\/240\/cpsprodpb\/17F46\/production\/_126981189_gettyimages-1281634131.jpg.webp 240w, https:\/\/ichef.bbci.co.uk\/news\/320\/cpsprodpb\/17F46\/production\/_126981189_gettyimages-1281634131.jpg.webp 320w, https:\/\/ichef.bbci.co.uk\/news\/480\/cpsprodpb\/17F46\/production\/_126981189_gettyimages-1281634131.jpg.webp 480w, https:\/\/ichef.bbci.co.uk\/news\/624\/cpsprodpb\/17F46\/production\/_126981189_gettyimages-1281634131.jpg.webp 624w, https:\/\/ichef.bbci.co.uk\/news\/800\/cpsprodpb\/17F46\/production\/_126981189_gettyimages-1281634131.jpg.webp 800w\" type=\"image\/webp\" sizes=\"(min-width: 1008px) 645px, 100vw\"><source srcset=\"https:\/\/ichef.bbci.co.uk\/news\/240\/cpsprodpb\/17F46\/production\/_126981189_gettyimages-1281634131.jpg 240w, https:\/\/ichef.bbci.co.uk\/news\/320\/cpsprodpb\/17F46\/production\/_126981189_gettyimages-1281634131.jpg 320w, https:\/\/ichef.bbci.co.uk\/news\/480\/cpsprodpb\/17F46\/production\/_126981189_gettyimages-1281634131.jpg 480w, https:\/\/ichef.bbci.co.uk\/news\/624\/cpsprodpb\/17F46\/production\/_126981189_gettyimages-1281634131.jpg 624w, https:\/\/ichef.bbci.co.uk\/news\/800\/cpsprodpb\/17F46\/production\/_126981189_gettyimages-1281634131.jpg 800w\" type=\"image\/jpeg\" sizes=\"(min-width: 1008px) 645px, 100vw\"><img loading=\"lazy\" src=\"http:\/\/cordobadirecto.com\/wp-content\/uploads\/2022\/10\/que-quieren-decir-los-terminos-ultraizquierda-y-ultraderecha-y-como-se-usan-en-la-actualidad.jpg\" alt=\"Dos cerebros.\" width=\"976\" height=\"549\" class=\"e3vrtyk0 bbc-rb7xa0 e1mo64ex0\"><\/picture>\n<p role=\"text\" class=\"bbc-1s1cxbv ewbcsnk0\"><span class=\"bbc-1gnhmg2 ed7bp6y0\">Fuente de la imagen, <\/span><span lang=\"en-GB\">Getty Images<\/span><\/p>\n<\/div>\n<\/div>\n<\/div>\n<\/figure>\n<\/div>\n<div dir=\"ltr\" class=\"bbc-19j92fr ebmt73l0\" readability=\"7\">\n<p dir=\"ltr\" class=\"bbc-hhl7in e17g058b0\"><b>Todo empez\u00f3 por una cuesti\u00f3n de sillas.<\/b><\/p>\n<\/div>\n<div dir=\"ltr\" class=\"bbc-19j92fr ebmt73l0\" readability=\"8\">\n<p dir=\"ltr\" class=\"bbc-hhl7in e17g058b0\">Eran los d\u00edas agitados de la Revoluci\u00f3n Francesa y los diputados de la reci\u00e9n nacida Asamblea Constituyente discut\u00edan sobre el poder que deber\u00eda tener en la nueva Francia el rey Luis XVI.<\/p>\n<\/div>\n<div dir=\"ltr\" class=\"bbc-19j92fr ebmt73l0\" readability=\"11\">\n<p dir=\"ltr\" class=\"bbc-hhl7in e17g058b0\">La Asamblea contaba con cerca de 1.200 miembros, en su mayor\u00eda vociferantes, algunos bullangueros, todos con los \u00e1nimos caldeados. <\/p>\n<\/div>\n<div dir=\"ltr\" class=\"bbc-19j92fr ebmt73l0\" readability=\"13\">\n<p dir=\"ltr\" class=\"bbc-hhl7in e17g058b0\">Contar los votos era una pesadilla, as\u00ed que el presidente de la c\u00e1mara mand\u00f3 a un lado de la sala a los mon\u00e1rquicos, que quer\u00edan que el rey mantuviera un derecho de veto, y al opuesto a los m\u00e1s radicales, que quer\u00edan que el rey solo pudiera tener un veto parcial.<\/p>\n<\/div>\n<div dir=\"ltr\" class=\"bbc-19j92fr ebmt73l0\" readability=\"13\">\n<p dir=\"ltr\" class=\"bbc-hhl7in e17g058b0\">Y as\u00ed, por una simple cuesti\u00f3n de azar, unos acabaron a la derecha y otros a la izquierda. Y esas dos palabras se cargaron de un peso que hoy, m\u00e1s de 230 a\u00f1os despu\u00e9s, sigue convirti\u00e9ndose en una arma arrojadiza en calles y parlamentos del mundo entero.<\/p>\n<\/div>\n<div dir=\"ltr\" class=\"bbc-1ka88fa ebmt73l0\">\n<figure class=\"bbc-1qdcvv9 e1aczekt0\">\n<div dir=\"ltr\" class=\"bbc-172p16q ebmt73l0\">\n<div dir=\"ltr\" class=\"bbc-189y18v ebmt73l0\" readability=\"6.5\">\n<div data-e2e=\"image-placeholder\" class=\"bbc-997y1y eihqrxw0\" readability=\"8\"><noscript><picture class=\"bbc-yfiktt e1mo64ex1\"><source srcset=\"http:\/\/cordobadirecto.com\/wp-content\/uploads\/2022\/10\/que-quieren-decir-los-terminos-ultraizquierda-y-ultraderecha-y-como-se-usan-en-la-actualidad.webp 240w, http:\/\/cordobadirecto.com\/wp-content\/uploads\/2022\/10\/que-quieren-decir-los-terminos-ultraizquierda-y-ultraderecha-y-como-se-usan-en-la-actualidad-1.webp 320w, http:\/\/cordobadirecto.com\/wp-content\/uploads\/2022\/10\/que-quieren-decir-los-terminos-ultraizquierda-y-ultraderecha-y-como-se-usan-en-la-actualidad-2.webp 480w, http:\/\/cordobadirecto.com\/wp-content\/uploads\/2022\/10\/que-quieren-decir-los-terminos-ultraizquierda-y-ultraderecha-y-como-se-usan-en-la-actualidad-3.webp 624w, http:\/\/cordobadirecto.com\/wp-content\/uploads\/2022\/10\/que-quieren-decir-los-terminos-ultraizquierda-y-ultraderecha-y-como-se-usan-en-la-actualidad-4.webp 800w\" type=\"image\/webp\" sizes=\"(min-width: 1008px) 645px, 100vw\"><source srcset=\"https:\/\/ichef.bbci.co.uk\/news\/240\/cpsprodpb\/E306\/production\/_126981185_gettyimages-979012244.jpg 240w, https:\/\/ichef.bbci.co.uk\/news\/320\/cpsprodpb\/E306\/production\/_126981185_gettyimages-979012244.jpg 320w, https:\/\/ichef.bbci.co.uk\/news\/480\/cpsprodpb\/E306\/production\/_126981185_gettyimages-979012244.jpg 480w, https:\/\/ichef.bbci.co.uk\/news\/624\/cpsprodpb\/E306\/production\/_126981185_gettyimages-979012244.jpg 624w, https:\/\/ichef.bbci.co.uk\/news\/800\/cpsprodpb\/E306\/production\/_126981185_gettyimages-979012244.jpg 800w\" type=\"image\/jpeg\" sizes=\"(min-width: 1008px) 645px, 100vw\"><img loading=\"lazy\" src=\"http:\/\/cordobadirecto.com\/wp-content\/uploads\/2022\/10\/que-quieren-decir-los-terminos-ultraizquierda-y-ultraderecha-y-como-se-usan-en-la-actualidad-1.jpg\" alt=\"Diputados en la Revoluci\u00f3n Francesa.\" width=\"976\" height=\"549\" class=\"e3vrtyk0 bbc-rb7xa0 e1mo64ex0\"><\/picture><\/noscript><\/p>\n<p role=\"text\" class=\"bbc-1s1cxbv ewbcsnk0\"><span class=\"bbc-1gnhmg2 ed7bp6y0\">Fuente de la imagen, <\/span><span lang=\"en-GB\">Getty Images<\/span><\/p>\n<\/div>\n<\/div>\n<div dir=\"ltr\" class=\"bbc-3edg7g ebmt73l0\" readability=\"6.5\"><figcaption dir=\"ltr\" class=\"bbc-rhuvwm e6i104o0\" readability=\"3\"><span class=\"bbc-1gnhmg2 ed7bp6y0\">Pie de foto, <\/span><\/p>\n<p>La Revoluci\u00f3n Francesa dio origen a la terminolog\u00eda por la que conocemos el espectro pol\u00edtico actual de izquierda y derecha.<\/p>\n<\/figcaption><\/div>\n<\/div>\n<\/figure>\n<\/div>\n<div dir=\"ltr\" class=\"bbc-19j92fr ebmt73l0\" readability=\"10\">\n<p dir=\"ltr\" class=\"bbc-hhl7in e17g058b0\">El rey, por cierto, acab\u00f3 sin voz, voto y hasta sin cabeza.<\/p>\n<\/div>\n<div dir=\"ltr\" class=\"bbc-19j92fr ebmt73l0\" readability=\"9\">\n<p dir=\"ltr\" class=\"bbc-hhl7in e17g058b0\">Pero, \u00bfqu\u00e9 significa exactamente izquierda y derecha en pol\u00edtica? \u00bfQu\u00e9 quieren decir los t\u00e9rminos ultraizquierda y ultraderecha? \u00bfExiste realmente ese lugar m\u00edtico al que llamamos centro?<\/p>\n<\/div>\n<div dir=\"ltr\" class=\"bbc-19j92fr ebmt73l0\" readability=\"8\">\n<p dir=\"ltr\" class=\"bbc-hhl7in e17g058b0\">Como todo en la vida, la teor\u00eda y la pr\u00e1ctica no siempre coinciden.<\/p>\n<\/div>\n<div dir=\"ltr\" class=\"bbc-19j92fr ebmt73l0\" readability=\"11\">\n<p dir=\"ltr\" class=\"bbc-hhl7in e17g058b0\">&#8220;En realidad&#8221;, admite Marta Lorimer, ayudante de c\u00e1tedra del London School of Economics, &#8220;estos conceptos nunca existieron de forma pura&#8221;. <\/p>\n<\/div>\n<div dir=\"ltr\" class=\"bbc-19j92fr ebmt73l0\" readability=\"15\">\n<p dir=\"ltr\" class=\"bbc-hhl7in e17g058b0\">Su significado ha ido evolucionando a lo largo de los a\u00f1os &#8220;y, por ejemplo, lo que significaba izquierda y derecha en los a\u00f1os 50 es distinto a lo que supon\u00eda tras la irrupci\u00f3n de la conocida como &#8220;tercera v\u00eda&#8221;, y hoy vuelve a convertirse en algo diferente. Las l\u00edneas est\u00e1n borrosas, pero la verdad es que no creo que estuvieran nunca claras&#8221;, explica a BBC Mundo esta especialista en ideolog\u00edas pol\u00edticas.<\/p>\n<\/div>\n<div dir=\"ltr\" class=\"bbc-19j92fr ebmt73l0\" readability=\"7\">\n<p dir=\"ltr\" class=\"bbc-hhl7in e17g058b0\">Lo mismo sucede con los extremos.<\/p>\n<\/div>\n<div dir=\"ltr\" class=\"bbc-19j92fr ebmt73l0\" readability=\"13\">\n<p dir=\"ltr\" class=\"bbc-hhl7in e17g058b0\">Tradicionalmente, sin embargo, ciertas ideas y modelos de gobierno se pueden encasillar en una de esas categor\u00edas del espectro pol\u00edtico que buscan, de manera antag\u00f3nica, alcanzar el bienestar social. <\/p>\n<\/div>\n<div dir=\"ltr\" class=\"bbc-19j92fr ebmt73l0\" readability=\"11\">\n<p dir=\"ltr\" class=\"bbc-hhl7in e17g058b0\">Y, para entender los extremos, para saber qu\u00e9 quiere decir ultraizquierda y ultraderecha, primero hay que definir los conceptos de los que derivan.<\/p>\n<\/div>\n<div dir=\"ltr\" class=\"bbc-19j92fr ebmt73l0\" readability=\"9\">\n<p dir=\"ltr\" class=\"bbc-hhl7in e17g058b0\">Una idea central sustenta, en gran medida, el pensamiento de izquierdas:<b> la redistribuci\u00f3n.<\/b><\/p>\n<\/div>\n<div dir=\"ltr\" class=\"bbc-19j92fr ebmt73l0\" readability=\"13\">\n<p dir=\"ltr\" class=\"bbc-hhl7in e17g058b0\">Seg\u00fan esta ideolog\u00eda, para que la sociedad funcione mejor hay que crear un <b>E<\/b><b>stado de bienestar <\/b>del que puedan beneficiarse todas las personas. &#8220;La sociedad, considera la izquierda, debe buscar al m\u00e1ximo la igualdad&#8221;, desgrana Lorimer. <\/p>\n<\/div>\n<div dir=\"ltr\" class=\"bbc-19j92fr ebmt73l0\" readability=\"12\">\n<p dir=\"ltr\" class=\"bbc-hhl7in e17g058b0\">El \u00e9nfasis se pone, precisamente, en la sociedad, considerada como las personas que forman una <b>comunidad<\/b>. Por eso, muchos partidos de izquierdas se definen a s\u00ed mismos como &#8220;socialistas&#8221;.<\/p>\n<\/div>\n<div dir=\"ltr\" class=\"bbc-19j92fr ebmt73l0\" readability=\"11\">\n<p dir=\"ltr\" class=\"bbc-hhl7in e17g058b0\">A grandes rasgos, el pensamiento de izquierdas cree que, para beneficiar al conjunto de la sociedad, la riqueza debe redistribuirse. <\/p>\n<\/div>\n<div dir=\"ltr\" class=\"bbc-1ka88fa ebmt73l0\">\n<figure class=\"bbc-1qdcvv9 e1aczekt0\">\n<div dir=\"ltr\" class=\"bbc-172p16q ebmt73l0\">\n<div dir=\"ltr\" class=\"bbc-189y18v ebmt73l0\" readability=\"6.5\">\n<div data-e2e=\"image-placeholder\" class=\"bbc-997y1y eihqrxw0\" readability=\"8\"><noscript><picture class=\"bbc-yfiktt e1mo64ex1\"><source srcset=\"http:\/\/cordobadirecto.com\/wp-content\/uploads\/2022\/10\/que-quieren-decir-los-terminos-ultraizquierda-y-ultraderecha-y-como-se-usan-en-la-actualidad-5.webp 240w, http:\/\/cordobadirecto.com\/wp-content\/uploads\/2022\/10\/que-quieren-decir-los-terminos-ultraizquierda-y-ultraderecha-y-como-se-usan-en-la-actualidad-6.webp 320w, http:\/\/cordobadirecto.com\/wp-content\/uploads\/2022\/10\/que-quieren-decir-los-terminos-ultraizquierda-y-ultraderecha-y-como-se-usan-en-la-actualidad-7.webp 480w, http:\/\/cordobadirecto.com\/wp-content\/uploads\/2022\/10\/que-quieren-decir-los-terminos-ultraizquierda-y-ultraderecha-y-como-se-usan-en-la-actualidad-8.webp 624w, http:\/\/cordobadirecto.com\/wp-content\/uploads\/2022\/10\/que-quieren-decir-los-terminos-ultraizquierda-y-ultraderecha-y-como-se-usan-en-la-actualidad-9.webp 800w\" type=\"image\/webp\" sizes=\"(min-width: 1008px) 645px, 100vw\"><source srcset=\"https:\/\/ichef.bbci.co.uk\/news\/240\/cpsprodpb\/A616\/production\/_126981524_gettyimages-1344422233.jpg 240w, https:\/\/ichef.bbci.co.uk\/news\/320\/cpsprodpb\/A616\/production\/_126981524_gettyimages-1344422233.jpg 320w, https:\/\/ichef.bbci.co.uk\/news\/480\/cpsprodpb\/A616\/production\/_126981524_gettyimages-1344422233.jpg 480w, https:\/\/ichef.bbci.co.uk\/news\/624\/cpsprodpb\/A616\/production\/_126981524_gettyimages-1344422233.jpg 624w, https:\/\/ichef.bbci.co.uk\/news\/800\/cpsprodpb\/A616\/production\/_126981524_gettyimages-1344422233.jpg 800w\" type=\"image\/jpeg\" sizes=\"(min-width: 1008px) 645px, 100vw\"><img loading=\"lazy\" src=\"http:\/\/cordobadirecto.com\/wp-content\/uploads\/2022\/10\/que-quieren-decir-los-terminos-ultraizquierda-y-ultraderecha-y-como-se-usan-en-la-actualidad-2.jpg\" alt=\"Mujer alimenta a una anciana.\" width=\"976\" height=\"549\" class=\"e3vrtyk0 bbc-rb7xa0 e1mo64ex0\"><\/picture><\/noscript><\/p>\n<p role=\"text\" class=\"bbc-1s1cxbv ewbcsnk0\"><span class=\"bbc-1gnhmg2 ed7bp6y0\">Fuente de la imagen, <\/span><span lang=\"en-GB\">Getty Images<\/span><\/p>\n<\/div>\n<\/div>\n<div dir=\"ltr\" class=\"bbc-3edg7g ebmt73l0\" readability=\"6.5\"><figcaption dir=\"ltr\" class=\"bbc-rhuvwm e6i104o0\" readability=\"3\"><span class=\"bbc-1gnhmg2 ed7bp6y0\">Pie de foto, <\/span><\/p>\n<p>La izquierda busca crear un Estado redistributivo en el que los servicios b\u00e1sicos como la sanidad o la educaci\u00f3n sean p\u00fablicos.<\/p>\n<\/figcaption><\/div>\n<\/div>\n<\/figure>\n<\/div>\n<div dir=\"ltr\" class=\"bbc-19j92fr ebmt73l0\" readability=\"10\">\n<p dir=\"ltr\" class=\"bbc-hhl7in e17g058b0\">\u00bfC\u00f3mo se hace esto? Los m\u00e1s extremos pueden llegar a abogar por la nacionalizaci\u00f3n de los bienes y en la abolici\u00f3n de la propiedad privada para que &#8220;todo sea de todos&#8221;, como hicieron algunos reg\u00edmenes comunistas.<\/p>\n<\/div>\n<div dir=\"ltr\" class=\"bbc-19j92fr ebmt73l0\" readability=\"9\">\n<p dir=\"ltr\" class=\"bbc-hhl7in e17g058b0\">Sin embargo, la v\u00eda m\u00e1s habitual de redistribuci\u00f3n de la riqueza es mucho m\u00e1s simple y habitual: los <b>impuestos<\/b>. <\/p>\n<\/div>\n<div dir=\"ltr\" class=\"bbc-19j92fr ebmt73l0\" readability=\"12\">\n<p dir=\"ltr\" class=\"bbc-hhl7in e17g058b0\">La izquierda considera que<b> los que m\u00e1s tienen en la sociedad deben contribur m\u00e1s<\/b> para que los servicios b\u00e1sicos, como la educaci\u00f3n o la sanidad, puedan llegar a todos, incluidos aquellos que apenas tienen nada. <\/p>\n<\/div>\n<div dir=\"ltr\" class=\"bbc-19j92fr ebmt73l0\" readability=\"14\">\n<p dir=\"ltr\" class=\"bbc-hhl7in e17g058b0\">La redistribuci\u00f3n, apunta Guillermo Fern\u00e1ndez V\u00e1zquez, profesor de Ciencias Sociales en la Universidad Carlos III de Madrid, no solo ata\u00f1e a la riqueza: &#8220;las propuestas pol\u00edticas de la izquierda tambi\u00e9n tienden a<b> profundizar en la democracia<\/b> y buscan redistribur no solo dinero, sino tambi\u00e9n poder. Que los &#8220;muchos&#8221; tengan tambi\u00e9n m\u00e1s capacidad de decisi\u00f3n&#8221;.<\/p>\n<\/div>\n<p><h2 id=\"Derecha\" tabindex=\"-1\" class=\"bbc-1f03ibc eglt09e0\">Derecha<\/h2>\n<\/p>\n<div dir=\"ltr\" class=\"bbc-19j92fr ebmt73l0\" readability=\"9\">\n<p dir=\"ltr\" class=\"bbc-hhl7in e17g058b0\">Si la izquierda tiene como centro la redistribuci\u00f3n, la derecha ha hecho de la <b>libertad <\/b>su bandera.<\/p>\n<\/div>\n<div dir=\"ltr\" class=\"bbc-19j92fr ebmt73l0\" readability=\"8\">\n<p dir=\"ltr\" class=\"bbc-hhl7in e17g058b0\">Y donde la izquierda pone \u00e9nfasis en la sociedad, la derecha lo pone en el <b>individuo<\/b>.<\/p>\n<\/div>\n<div dir=\"ltr\" class=\"bbc-1ka88fa ebmt73l0\">\n<figure class=\"bbc-1qdcvv9 e1aczekt0\">\n<div dir=\"ltr\" class=\"bbc-172p16q ebmt73l0\">\n<div dir=\"ltr\" class=\"bbc-189y18v ebmt73l0\" readability=\"6.5\">\n<div data-e2e=\"image-placeholder\" class=\"bbc-997y1y eihqrxw0\" readability=\"8\"><noscript><picture class=\"bbc-yfiktt e1mo64ex1\"><source srcset=\"http:\/\/cordobadirecto.com\/wp-content\/uploads\/2022\/10\/que-quieren-decir-los-terminos-ultraizquierda-y-ultraderecha-y-como-se-usan-en-la-actualidad-10.webp 240w, http:\/\/cordobadirecto.com\/wp-content\/uploads\/2022\/10\/que-quieren-decir-los-terminos-ultraizquierda-y-ultraderecha-y-como-se-usan-en-la-actualidad-11.webp 320w, http:\/\/cordobadirecto.com\/wp-content\/uploads\/2022\/10\/que-quieren-decir-los-terminos-ultraizquierda-y-ultraderecha-y-como-se-usan-en-la-actualidad-12.webp 480w, http:\/\/cordobadirecto.com\/wp-content\/uploads\/2022\/10\/que-quieren-decir-los-terminos-ultraizquierda-y-ultraderecha-y-como-se-usan-en-la-actualidad-13.webp 624w, http:\/\/cordobadirecto.com\/wp-content\/uploads\/2022\/10\/que-quieren-decir-los-terminos-ultraizquierda-y-ultraderecha-y-como-se-usan-en-la-actualidad-14.webp 800w\" type=\"image\/webp\" sizes=\"(min-width: 1008px) 645px, 100vw\"><source srcset=\"https:\/\/ichef.bbci.co.uk\/news\/240\/cpsprodpb\/F436\/production\/_126981526_gettyimages-1128887915.jpg 240w, https:\/\/ichef.bbci.co.uk\/news\/320\/cpsprodpb\/F436\/production\/_126981526_gettyimages-1128887915.jpg 320w, https:\/\/ichef.bbci.co.uk\/news\/480\/cpsprodpb\/F436\/production\/_126981526_gettyimages-1128887915.jpg 480w, https:\/\/ichef.bbci.co.uk\/news\/624\/cpsprodpb\/F436\/production\/_126981526_gettyimages-1128887915.jpg 624w, https:\/\/ichef.bbci.co.uk\/news\/800\/cpsprodpb\/F436\/production\/_126981526_gettyimages-1128887915.jpg 800w\" type=\"image\/jpeg\" sizes=\"(min-width: 1008px) 645px, 100vw\"><img loading=\"lazy\" src=\"http:\/\/cordobadirecto.com\/wp-content\/uploads\/2022\/10\/que-quieren-decir-los-terminos-ultraizquierda-y-ultraderecha-y-como-se-usan-en-la-actualidad-3.jpg\" alt=\"Un hombre en una tienda.\" width=\"976\" height=\"549\" class=\"e3vrtyk0 bbc-rb7xa0 e1mo64ex0\"><\/picture><\/noscript><\/p>\n<p role=\"text\" class=\"bbc-1s1cxbv ewbcsnk0\"><span class=\"bbc-1gnhmg2 ed7bp6y0\">Fuente de la imagen, <\/span><span lang=\"en-GB\">Getty Images<\/span><\/p>\n<\/div>\n<\/div>\n<div dir=\"ltr\" class=\"bbc-3edg7g ebmt73l0\" readability=\"7\"><figcaption dir=\"ltr\" class=\"bbc-rhuvwm e6i104o0\" readability=\"4\"><span class=\"bbc-1gnhmg2 ed7bp6y0\">Pie de foto, <\/span><\/p>\n<p>La derecha considera que la econom\u00eda es el motor de la sociedad, que funciona gracias a la iniciativa privada.<\/p>\n<\/figcaption><\/div>\n<\/div>\n<\/figure>\n<\/div>\n<div dir=\"ltr\" class=\"bbc-19j92fr ebmt73l0\" readability=\"12\">\n<p dir=\"ltr\" class=\"bbc-hhl7in e17g058b0\">Para la ideolog\u00eda de derechas, la<b> iniciativa privada<\/b> de los individuos es importante porque consideran que as\u00ed es como se genera riqueza. El progreso econ\u00f3mico es, desde esta \u00f3ptica, el motor social. <\/p>\n<\/div>\n<div dir=\"ltr\" class=\"bbc-19j92fr ebmt73l0\" readability=\"13\">\n<p dir=\"ltr\" class=\"bbc-hhl7in e17g058b0\">En lugar de incidir en lo colectivo, la derecha &#8220;enfatiza m\u00e1s la libertad que se conoce en filosof\u00eda pol\u00edtica como &#8220;libertad negativa&#8221;, la libertad de que <b>el Estado no me impida hacer cosas<\/b>, que no me ponga trabas&#8221;, explica Fern\u00e1ndez V\u00e1zquez.<\/p>\n<\/div>\n<div dir=\"ltr\" class=\"bbc-19j92fr ebmt73l0\" readability=\"14\">\n<p dir=\"ltr\" class=\"bbc-hhl7in e17g058b0\">De esta forma, argumenta el experto, la derecha aspira a que &#8220;los individuos puedan <b>desarrollar sus vidas de la manera menos coactiva posible<\/b> porque entienden que esa es la manera en la que el ser humanos se va a desarrollar m\u00e1s y, si todo el mundo busca su propio beneficio, eso ahondar\u00e1 al final en el beneficio colectivo&#8221;.<\/p>\n<\/div>\n<div dir=\"ltr\" class=\"bbc-19j92fr ebmt73l0\" readability=\"18\">\n<p dir=\"ltr\" class=\"bbc-hhl7in e17g058b0\">La distribuci\u00f3n de la riqueza, adem\u00e1s, debe hacerse, seg\u00fan la derecha, de acuerdo con el esfuerzo de cada individuo. &#8220;La derecha tradicional considera que las personas son, de manera natural, desiguales, y si hay unos m\u00e1s ricos que otros se debe al <b>m\u00e9rito de cada uno y su esfuerzo<\/b>&#8220;, a\u00f1ade Marta Lorimer.<\/p>\n<\/div>\n<p><h2 id=\"Y-el-centro-existe\" tabindex=\"-1\" class=\"bbc-1f03ibc eglt09e0\">Y el centro, \u00bfexiste?<\/h2>\n<\/p>\n<div dir=\"ltr\" class=\"bbc-19j92fr ebmt73l0\" readability=\"11\">\n<p dir=\"ltr\" class=\"bbc-hhl7in e17g058b0\">&#8220;Depende de con qui\u00e9n hables&#8221;, opina la investigadora de LSE: &#8220;suelen ser partidos muy peque\u00f1os y, casi siempre, sus oponentes les acusan de ser de derecha o de izquierda&#8221;.<\/p>\n<\/div>\n<div dir=\"ltr\" class=\"bbc-19j92fr ebmt73l0\" readability=\"13\">\n<p dir=\"ltr\" class=\"bbc-hhl7in e17g058b0\">Por ser ese t\u00e9rmino medio idealizado, &#8220;es lo que todo el mundo quiere ser, porque es lo que mejor est\u00e1 considerado&#8221;, argumenta el soci\u00f3logo, que explica que las ideologias de centro suelen defender pol\u00edticas liberales en lo econ\u00f3mico y tambi\u00e9n en lo social.<\/p>\n<\/div>\n<p><h2 id=\"Progresismo-versus-tradicionalismo\" tabindex=\"-1\" class=\"bbc-1f03ibc eglt09e0\">Progresismo versus tradicionalismo<\/h2>\n<\/p>\n<div dir=\"ltr\" class=\"bbc-19j92fr ebmt73l0\" readability=\"11\">\n<p dir=\"ltr\" class=\"bbc-hhl7in e17g058b0\">Si en el marco econ\u00f3mico las diferencias, al menos formales, de la izquierda y la derecha son claras, en<b> el plano moral <\/b>la cuesti\u00f3n es un poco m\u00e1s borrosa.<\/p>\n<\/div>\n<div dir=\"ltr\" class=\"bbc-19j92fr ebmt73l0\" readability=\"12\">\n<p dir=\"ltr\" class=\"bbc-hhl7in e17g058b0\">Tradicionalmente, la izquierda se ha identificado con una idea progresista de la sociedad, en la que se valora la <b>diversidad<\/b>, mientras que la derecha ha defendido los <b>valores tradicionales y conservadores<\/b>. <\/p>\n<\/div>\n<div dir=\"ltr\" class=\"bbc-19j92fr ebmt73l0\" readability=\"9\">\n<p dir=\"ltr\" class=\"bbc-hhl7in e17g058b0\">Esto, sin embargo, no siempre ha sido as\u00ed.<\/p>\n<\/div>\n<div dir=\"ltr\" class=\"bbc-19j92fr ebmt73l0\" readability=\"15\">\n<p dir=\"ltr\" class=\"bbc-hhl7in e17g058b0\">La izquierda, apunta Fern\u00e1ndez V\u00e1zquez, no agrega a sus postulados el programa progresista hasta los a\u00f1os 60 del siglo pasado. Hasta entonces, sus ideas se centraban en lo econ\u00f3mico y en el aspecto democratista, pero a mediados del siglo XX se a\u00f1ade un nuevo pilar del izquierdismo como lo conocemos hoy en d\u00eda: aquel que tiene que ver con las <b>libertades morales, de modo de vida y la sexualidad. <\/b><\/p>\n<\/div>\n<div dir=\"ltr\" class=\"bbc-19j92fr ebmt73l0\" readability=\"14\">\n<p dir=\"ltr\" class=\"bbc-hhl7in e17g058b0\">La revoluci\u00f3n sexual es abrazada entonces por la izquierda, mientras que la derecha, que lo ve con m\u00e1s reticencias, agrega el soci\u00f3logo, &#8220;considera que todos los <b>avances en la libertad sexual pueden ser peligrosos<\/b>, ego\u00edstas o diluyen la familia tradicional&#8221;.<\/p>\n<\/div>\n<div dir=\"ltr\" class=\"bbc-1ka88fa ebmt73l0\">\n<figure class=\"bbc-1qdcvv9 e1aczekt0\">\n<div dir=\"ltr\" class=\"bbc-172p16q ebmt73l0\">\n<div dir=\"ltr\" class=\"bbc-189y18v ebmt73l0\" readability=\"6.5\">\n<div data-e2e=\"image-placeholder\" class=\"bbc-997y1y eihqrxw0\" readability=\"8\"><noscript><picture class=\"bbc-yfiktt e1mo64ex1\"><source srcset=\"http:\/\/cordobadirecto.com\/wp-content\/uploads\/2022\/10\/que-quieren-decir-los-terminos-ultraizquierda-y-ultraderecha-y-como-se-usan-en-la-actualidad-15.webp 240w, http:\/\/cordobadirecto.com\/wp-content\/uploads\/2022\/10\/que-quieren-decir-los-terminos-ultraizquierda-y-ultraderecha-y-como-se-usan-en-la-actualidad-16.webp 320w, http:\/\/cordobadirecto.com\/wp-content\/uploads\/2022\/10\/que-quieren-decir-los-terminos-ultraizquierda-y-ultraderecha-y-como-se-usan-en-la-actualidad-17.webp 480w, http:\/\/cordobadirecto.com\/wp-content\/uploads\/2022\/10\/que-quieren-decir-los-terminos-ultraizquierda-y-ultraderecha-y-como-se-usan-en-la-actualidad-18.webp 624w, http:\/\/cordobadirecto.com\/wp-content\/uploads\/2022\/10\/que-quieren-decir-los-terminos-ultraizquierda-y-ultraderecha-y-como-se-usan-en-la-actualidad-19.webp 800w\" type=\"image\/webp\" sizes=\"(min-width: 1008px) 645px, 100vw\"><source srcset=\"https:\/\/ichef.bbci.co.uk\/news\/240\/cpsprodpb\/13126\/production\/_126981187_3d0e0a26-1993-4d1e-bdaf-73c044322a1e.jpg 240w, https:\/\/ichef.bbci.co.uk\/news\/320\/cpsprodpb\/13126\/production\/_126981187_3d0e0a26-1993-4d1e-bdaf-73c044322a1e.jpg 320w, https:\/\/ichef.bbci.co.uk\/news\/480\/cpsprodpb\/13126\/production\/_126981187_3d0e0a26-1993-4d1e-bdaf-73c044322a1e.jpg 480w, https:\/\/ichef.bbci.co.uk\/news\/624\/cpsprodpb\/13126\/production\/_126981187_3d0e0a26-1993-4d1e-bdaf-73c044322a1e.jpg 624w, https:\/\/ichef.bbci.co.uk\/news\/800\/cpsprodpb\/13126\/production\/_126981187_3d0e0a26-1993-4d1e-bdaf-73c044322a1e.jpg 800w\" type=\"image\/jpeg\" sizes=\"(min-width: 1008px) 645px, 100vw\"><img loading=\"lazy\" src=\"http:\/\/cordobadirecto.com\/wp-content\/uploads\/2022\/10\/que-quieren-decir-los-terminos-ultraizquierda-y-ultraderecha-y-como-se-usan-en-la-actualidad-4.jpg\" alt=\"Mujeres subidas a hombros de varios hombres.\" width=\"1024\" height=\"746\" class=\"e3vrtyk0 bbc-rb7xa0 e1mo64ex0\"><\/picture><\/noscript><\/p>\n<p role=\"text\" class=\"bbc-1s1cxbv ewbcsnk0\"><span class=\"bbc-1gnhmg2 ed7bp6y0\">Fuente de la imagen, <\/span><span lang=\"en-GB\">Getty Images<\/span><\/p>\n<\/div>\n<\/div>\n<div dir=\"ltr\" class=\"bbc-3edg7g ebmt73l0\" readability=\"6.5\"><figcaption dir=\"ltr\" class=\"bbc-rhuvwm e6i104o0\" readability=\"3\"><span class=\"bbc-1gnhmg2 ed7bp6y0\">Pie de foto, <\/span><\/p>\n<p>Las revueltas de mayo de 1968 en Par\u00eds marcaron el inicio de la conocida como &#8220;revoluci\u00f3n sexual&#8221;.<\/p>\n<\/figcaption><\/div>\n<\/div>\n<\/figure>\n<\/div>\n<div dir=\"ltr\" class=\"bbc-19j92fr ebmt73l0\">\n<p dir=\"ltr\" class=\"bbc-hhl7in e17g058b0\">\u00bfEsto es as\u00ed siempre?<\/p>\n<\/div>\n<div dir=\"ltr\" class=\"bbc-19j92fr ebmt73l0\" readability=\"12\">\n<p dir=\"ltr\" class=\"bbc-hhl7in e17g058b0\">La respuesta es no. La izquierda comunista o marxista, o los reg\u00edmenes sovi\u00e9ticos, por ejemplo, eran muy de izquierdas en lo econ\u00f3mico, pero en lo moral no eran progresistas. <\/p>\n<\/div>\n<div dir=\"ltr\" class=\"bbc-19j92fr ebmt73l0\" readability=\"14\">\n<p dir=\"ltr\" class=\"bbc-hhl7in e17g058b0\">En general, explica el soci\u00f3logo, &#8220;todos los <b>reg\u00edmenes comunistas<\/b> que ha habido hasta ahora no han sido en absoluto liberales en lo moral. No pon\u00edan, por ejemplo, trabas a que la mujer se inorporara al mercado de trabajo, pero no les hac\u00eda particular gracia la revoluci\u00f3n sexual femenina&#8221;.<\/p>\n<\/div>\n<div dir=\"ltr\" class=\"bbc-19j92fr ebmt73l0\" readability=\"8\">\n<p dir=\"ltr\" class=\"bbc-hhl7in e17g058b0\">\u00bfSe puede ser de derechas en lo econ\u00f3mico y progresista en lo moral? Por supuesto. \u00bfY redistributivo pero tradicionalista? Tambi\u00e9n.<\/p>\n<\/div>\n<div dir=\"ltr\" class=\"bbc-19j92fr ebmt73l0\" readability=\"7\">\n<p dir=\"ltr\" class=\"bbc-hhl7in e17g058b0\"><b>Las ideolog\u00edas no son compartimentos estancos<\/b> es los que hay que comprar el paquete completo.<\/p>\n<\/div>\n<div dir=\"ltr\" class=\"bbc-19j92fr ebmt73l0\" readability=\"7\">\n<p dir=\"ltr\" class=\"bbc-hhl7in e17g058b0\"><b>Izquierda y <\/b><b>ultra<\/b><b>izquierda<\/b><\/p>\n<\/div>\n<div dir=\"ltr\" class=\"bbc-19j92fr ebmt73l0\" readability=\"10\">\n<p dir=\"ltr\" class=\"bbc-hhl7in e17g058b0\">Mientras que en lo moral ambas ideolog\u00edas apenas difieren en sus postulados -las dos abogan por una sociedad diversa-, las principales <b>diferencias entre la izquierda tradicional y la extrema izquierda <\/b><b>o ultraizquierda <\/b><b>radican en lo econ\u00f3mico<\/b>.<\/p>\n<\/div>\n<div dir=\"ltr\" class=\"bbc-19j92fr ebmt73l0\" readability=\"12\">\n<p dir=\"ltr\" class=\"bbc-hhl7in e17g058b0\">La izquierda y sistemas pol\u00edticos como la socialdemocracia han aceptado el liberalismo econ\u00f3mico y el capitalismo -en el que el funcionamiento del Estado gira en torno al capital-, &#8220;y lo que buscan es <b>introducir cambios y re<\/b><b>f<\/b><b>ormas para que el capitalismo redistribuya la riqueza <\/b>y haya un m\u00ednimo de igualdad social y econ\u00f3mica&#8221;, se\u00f1ala Guillermo Fern\u00e1ndez V\u00e1zquez.<\/p>\n<\/div>\n<div dir=\"ltr\" class=\"bbc-19j92fr ebmt73l0\" readability=\"14\">\n<p dir=\"ltr\" class=\"bbc-hhl7in e17g058b0\">La extrema izquierda, sin embargo, &#8220;es mucho m\u00e1s cr\u00edtica con el capitalismo y muchas veces se suele definir a s\u00ed misma como <b>anticapitalista<\/b>&#8220;, explica el investigador. En sus programas suele abundar la palabra &#8220;nacionalizar&#8221; o &#8220;estatalizar&#8221;, ya que pretenden sacar ciertos aspectos de la vida y de la econom\u00eda del mercado.<\/p>\n<\/div>\n<div dir=\"ltr\" class=\"bbc-1ka88fa ebmt73l0\">\n<figure class=\"bbc-1qdcvv9 e1aczekt0\">\n<div dir=\"ltr\" class=\"bbc-172p16q ebmt73l0\">\n<div dir=\"ltr\" class=\"bbc-189y18v ebmt73l0\" readability=\"6.5\">\n<div data-e2e=\"image-placeholder\" class=\"bbc-997y1y eihqrxw0\" readability=\"8\"><noscript><picture class=\"bbc-yfiktt e1mo64ex1\"><source srcset=\"http:\/\/cordobadirecto.com\/wp-content\/uploads\/2022\/10\/que-quieren-decir-los-terminos-ultraizquierda-y-ultraderecha-y-como-se-usan-en-la-actualidad-20.webp 240w, http:\/\/cordobadirecto.com\/wp-content\/uploads\/2022\/10\/que-quieren-decir-los-terminos-ultraizquierda-y-ultraderecha-y-como-se-usan-en-la-actualidad-21.webp 320w, http:\/\/cordobadirecto.com\/wp-content\/uploads\/2022\/10\/que-quieren-decir-los-terminos-ultraizquierda-y-ultraderecha-y-como-se-usan-en-la-actualidad-22.webp 480w, http:\/\/cordobadirecto.com\/wp-content\/uploads\/2022\/10\/que-quieren-decir-los-terminos-ultraizquierda-y-ultraderecha-y-como-se-usan-en-la-actualidad-23.webp 624w, http:\/\/cordobadirecto.com\/wp-content\/uploads\/2022\/10\/que-quieren-decir-los-terminos-ultraizquierda-y-ultraderecha-y-como-se-usan-en-la-actualidad-24.webp 800w\" type=\"image\/webp\" sizes=\"(min-width: 1008px) 645px, 100vw\"><source srcset=\"https:\/\/ichef.bbci.co.uk\/news\/240\/cpsprodpb\/57F6\/production\/_126981522_gettyimages-1234096099.jpg 240w, https:\/\/ichef.bbci.co.uk\/news\/320\/cpsprodpb\/57F6\/production\/_126981522_gettyimages-1234096099.jpg 320w, https:\/\/ichef.bbci.co.uk\/news\/480\/cpsprodpb\/57F6\/production\/_126981522_gettyimages-1234096099.jpg 480w, https:\/\/ichef.bbci.co.uk\/news\/624\/cpsprodpb\/57F6\/production\/_126981522_gettyimages-1234096099.jpg 624w, https:\/\/ichef.bbci.co.uk\/news\/800\/cpsprodpb\/57F6\/production\/_126981522_gettyimages-1234096099.jpg 800w\" type=\"image\/jpeg\" sizes=\"(min-width: 1008px) 645px, 100vw\"><img loading=\"lazy\" src=\"http:\/\/cordobadirecto.com\/wp-content\/uploads\/2022\/10\/que-quieren-decir-los-terminos-ultraizquierda-y-ultraderecha-y-como-se-usan-en-la-actualidad-5.jpg\" alt=\"Manifestaci\u00f3n antiglobalista.\" width=\"976\" height=\"549\" class=\"e3vrtyk0 bbc-rb7xa0 e1mo64ex0\"><\/picture><\/noscript><\/p>\n<p role=\"text\" class=\"bbc-1s1cxbv ewbcsnk0\"><span class=\"bbc-1gnhmg2 ed7bp6y0\">Fuente de la imagen, <\/span><span lang=\"en-GB\">Getty Images<\/span><\/p>\n<\/div>\n<\/div>\n<div dir=\"ltr\" class=\"bbc-3edg7g ebmt73l0\" readability=\"6\"><figcaption dir=\"ltr\" class=\"bbc-rhuvwm e6i104o0\" readability=\"2\"><span class=\"bbc-1gnhmg2 ed7bp6y0\">Pie de foto, <\/span><\/p>\n<p>El anticapitalismo y la antiglobalizaci\u00f3n son propios de la extrema izquierda.<\/p>\n<\/figcaption><\/div>\n<\/div>\n<\/figure>\n<\/div>\n<div dir=\"ltr\" class=\"bbc-19j92fr ebmt73l0\" readability=\"13\">\n<p dir=\"ltr\" class=\"bbc-hhl7in e17g058b0\">Adem\u00e1s, la izquierda radical &#8220;suele tener actitudes mucho m\u00e1s negativas hacia <b>instituciones internacionales<\/b>&#8220;, apunta Marta Lorimer. Esto puede verse en el euroescepticismo de partidos de ultraizquierda en Europa, por ejemplo, o la oposici\u00f3n a organizaciones como la OTAN.<\/p>\n<\/div>\n<div dir=\"ltr\" class=\"bbc-19j92fr ebmt73l0\">\n<p dir=\"ltr\" class=\"bbc-hhl7in e17g058b0\"><b>Derecha y <\/b><b>ultra<\/b><b>derecha<\/b><\/p>\n<\/div>\n<div dir=\"ltr\" class=\"bbc-19j92fr ebmt73l0\" readability=\"9\">\n<p dir=\"ltr\" class=\"bbc-hhl7in e17g058b0\">En este lado del espectro pol\u00edtico, el concepto de<b> identidad nacional <\/b>es el que marca la diferencia.<\/p>\n<\/div>\n<div dir=\"ltr\" class=\"bbc-19j92fr ebmt73l0\" readability=\"9\">\n<p dir=\"ltr\" class=\"bbc-hhl7in e17g058b0\">En general, los partidos de derecha y de extrema derecha comparten una aproximaci\u00f3n liberal a la econom\u00eda y no tienden a diferenciarse mucho. <\/p>\n<\/div>\n<div dir=\"ltr\" class=\"bbc-19j92fr ebmt73l0\" readability=\"15\">\n<p dir=\"ltr\" class=\"bbc-hhl7in e17g058b0\">La derecha radical es m\u00e1s conservadora en lo moral que la derecha convencional, y pone mucho m\u00e1s acento en las cuestiones que tienen que ver con, por ejemplo, la <b>eutanasia, el aborto o la familia tradicional<\/b>. La derecha cl\u00e1sica, sin embargo, acent\u00faa otras cuestiones como la <b>gesti\u00f3n econ\u00f3mica.<\/b><\/p>\n<\/div>\n<div dir=\"ltr\" class=\"bbc-19j92fr ebmt73l0\" readability=\"10\">\n<p dir=\"ltr\" class=\"bbc-hhl7in e17g058b0\">En lo que m\u00e1s se diferencian, argumenta Fern\u00e1ndez V\u00e1zquez, &#8220;es en lo que el polit\u00f3logo holand\u00e9s Cas Mudde llama &#8220;<b>nativismo<\/b>&#8220;.<\/p>\n<\/div>\n<div dir=\"ltr\" class=\"bbc-19j92fr ebmt73l0\" readability=\"15\">\n<p dir=\"ltr\" class=\"bbc-hhl7in e17g058b0\">Donde la derecha tradicional acepta la llegada de inmigrantes -siempre y cuando lo hagan a trav\u00e9s de una v\u00eda regular-, y no cree que existan culturas que sean completamente incompatibles con la cultura nacional de cada pa\u00eds, la extrema derecha &#8220;considera que las<b> naciones son casas<\/b>, en las que hay que poner muros, cerrar puertas&#8221;, analiza el soci\u00f3logo.<\/p>\n<\/div>\n<div dir=\"ltr\" class=\"bbc-19j92fr ebmt73l0\" readability=\"13\">\n<p dir=\"ltr\" class=\"bbc-hhl7in e17g058b0\">Para ellos, prosigue, &#8220;las naciones tienen unos propietarios y unos herederos leg\u00edtimos, que son el grupo &#8220;nativo&#8221;, frente a los individuos externos que solo pueden entrar como invitados&#8221;. Estos partidos suelen ser definidos como &#8220;<b>antiinmigraci\u00f3n<\/b>&#8220;.<\/p>\n<\/div>\n<div dir=\"ltr\" class=\"bbc-1ka88fa ebmt73l0\">\n<figure class=\"bbc-1qdcvv9 e1aczekt0\">\n<div dir=\"ltr\" class=\"bbc-172p16q ebmt73l0\">\n<div dir=\"ltr\" class=\"bbc-189y18v ebmt73l0\" readability=\"6.5\">\n<div data-e2e=\"image-placeholder\" class=\"bbc-997y1y eihqrxw0\" readability=\"8\"><noscript><picture class=\"bbc-yfiktt e1mo64ex1\"><source srcset=\"http:\/\/cordobadirecto.com\/wp-content\/uploads\/2022\/10\/que-quieren-decir-los-terminos-ultraizquierda-y-ultraderecha-y-como-se-usan-en-la-actualidad-25.webp 240w, http:\/\/cordobadirecto.com\/wp-content\/uploads\/2022\/10\/que-quieren-decir-los-terminos-ultraizquierda-y-ultraderecha-y-como-se-usan-en-la-actualidad-26.webp 320w, http:\/\/cordobadirecto.com\/wp-content\/uploads\/2022\/10\/que-quieren-decir-los-terminos-ultraizquierda-y-ultraderecha-y-como-se-usan-en-la-actualidad-27.webp 480w, http:\/\/cordobadirecto.com\/wp-content\/uploads\/2022\/10\/que-quieren-decir-los-terminos-ultraizquierda-y-ultraderecha-y-como-se-usan-en-la-actualidad-28.webp 624w, http:\/\/cordobadirecto.com\/wp-content\/uploads\/2022\/10\/que-quieren-decir-los-terminos-ultraizquierda-y-ultraderecha-y-como-se-usan-en-la-actualidad-29.webp 800w\" type=\"image\/webp\" sizes=\"(min-width: 1008px) 645px, 100vw\"><source srcset=\"https:\/\/ichef.bbci.co.uk\/news\/240\/cpsprodpb\/98CE\/production\/_126981193_gettyimages-1273608032.jpg 240w, https:\/\/ichef.bbci.co.uk\/news\/320\/cpsprodpb\/98CE\/production\/_126981193_gettyimages-1273608032.jpg 320w, https:\/\/ichef.bbci.co.uk\/news\/480\/cpsprodpb\/98CE\/production\/_126981193_gettyimages-1273608032.jpg 480w, https:\/\/ichef.bbci.co.uk\/news\/624\/cpsprodpb\/98CE\/production\/_126981193_gettyimages-1273608032.jpg 624w, https:\/\/ichef.bbci.co.uk\/news\/800\/cpsprodpb\/98CE\/production\/_126981193_gettyimages-1273608032.jpg 800w\" type=\"image\/jpeg\" sizes=\"(min-width: 1008px) 645px, 100vw\"><img loading=\"lazy\" src=\"http:\/\/cordobadirecto.com\/wp-content\/uploads\/2022\/10\/que-quieren-decir-los-terminos-ultraizquierda-y-ultraderecha-y-como-se-usan-en-la-actualidad-6.jpg\" alt=\"Chalecos salvavidas.\" width=\"976\" height=\"549\" class=\"e3vrtyk0 bbc-rb7xa0 e1mo64ex0\"><\/picture><\/noscript><\/p>\n<p role=\"text\" class=\"bbc-1s1cxbv ewbcsnk0\"><span class=\"bbc-1gnhmg2 ed7bp6y0\">Fuente de la imagen, <\/span><span lang=\"en-GB\">Getty Images<\/span><\/p>\n<\/div>\n<\/div>\n<div dir=\"ltr\" class=\"bbc-3edg7g ebmt73l0\" readability=\"7\"><figcaption dir=\"ltr\" class=\"bbc-rhuvwm e6i104o0\" readability=\"4\"><span class=\"bbc-1gnhmg2 ed7bp6y0\">Pie de foto, <\/span><\/p>\n<p>El discurso antiinmigraci\u00f3n es propio de la ideolog\u00eda de extrema derecha, aunque la derecha lo asume cada vez m\u00e1s.<\/p>\n<\/figcaption><\/div>\n<\/div>\n<\/figure>\n<\/div>\n<div dir=\"ltr\" class=\"bbc-19j92fr ebmt73l0\" readability=\"12\">\n<p dir=\"ltr\" class=\"bbc-hhl7in e17g058b0\">Frente a esta postura, la visi\u00f3n liberal de las naciones considera que estas son algo contruido, algo que van haciendo los ciudadanos, no son esencias del pasado que heredamos y que hay que mantener frente a los invasores. <\/p>\n<\/div>\n<div dir=\"ltr\" class=\"bbc-19j92fr ebmt73l0\" readability=\"11\">\n<p dir=\"ltr\" class=\"bbc-hhl7in e17g058b0\">Si embargo, este argumentario, que tradicionalmente no formaba parte de los principios tradicionales de la derecha, <b>cada vez m\u00e1s ha pasado a formar parte de su discurso.<\/b><\/p>\n<\/div>\n<div dir=\"ltr\" class=\"bbc-19j92fr ebmt73l0\" readability=\"10\">\n<p dir=\"ltr\" class=\"bbc-hhl7in e17g058b0\">&#8220;La derecha cada vez se inclina m\u00e1s a la extrema derecha, han empezado a copiar sus mensajes y se han desplazado peligrosamente hacia sus postulados&#8221;, razona la investigadora de LSE.<\/p>\n<\/div>\n<div dir=\"ltr\" class=\"bbc-19j92fr ebmt73l0\" readability=\"8\">\n<p dir=\"ltr\" class=\"bbc-hhl7in e17g058b0\">\u00bfSucede lo mismo con la izquierda y la extrema izquierda? Para algunos, tambi\u00e9n.<\/p>\n<\/div>\n<div dir=\"ltr\" class=\"bbc-19j92fr ebmt73l0\" readability=\"16\">\n<p dir=\"ltr\" class=\"bbc-hhl7in e17g058b0\">Como explica Guillermo Fern\u00e1ndez V\u00e1zquez, &#8220;existe una parte de la izquierda que considera que sus partidos han olvidado al pueblo con una <b>agenda mundialista,<\/b> que han dejado de representar a la gente corriente, a la que le dicen, por ejemplo, que comer carne est\u00e1 mal, que no est\u00e1 bien que su padre cace los fines de semana en el pueblo&#8230; Critican que ya no defienden a los obreros sino a los &#8216;progres'&#8221;. <\/p>\n<\/div>\n<p><h2 id=\"El-eje-del-populismo\" tabindex=\"-1\" class=\"bbc-1f03ibc eglt09e0\">El eje del populismo<\/h2>\n<\/p>\n<div dir=\"ltr\" class=\"bbc-19j92fr ebmt73l0\" readability=\"8\">\n<p dir=\"ltr\" class=\"bbc-hhl7in e17g058b0\">En este espectro pol\u00edtico, \u00bfc\u00f3mo encaja el populismo?<\/p>\n<\/div>\n<div dir=\"ltr\" class=\"bbc-19j92fr ebmt73l0\" readability=\"10\">\n<p dir=\"ltr\" class=\"bbc-hhl7in e17g058b0\">Si la izquierda y la derecha existen en un eje horizontal, el populismo<b> trastoca completamente esta din\u00e1mica<\/b> e introduce una l\u00f3gica vertical: arriba y abajo, pueblo y \u00e9lite. <\/p>\n<\/div>\n<div dir=\"ltr\" class=\"bbc-1ka88fa ebmt73l0\">\n<figure class=\"bbc-1qdcvv9 e1aczekt0\">\n<div dir=\"ltr\" class=\"bbc-172p16q ebmt73l0\">\n<div dir=\"ltr\" class=\"bbc-189y18v ebmt73l0\" readability=\"6.5\">\n<div data-e2e=\"image-placeholder\" class=\"bbc-997y1y eihqrxw0\" readability=\"8\"><noscript><picture class=\"bbc-yfiktt e1mo64ex1\"><source srcset=\"http:\/\/cordobadirecto.com\/wp-content\/uploads\/2022\/10\/que-quieren-decir-los-terminos-ultraizquierda-y-ultraderecha-y-como-se-usan-en-la-actualidad-30.webp 240w, http:\/\/cordobadirecto.com\/wp-content\/uploads\/2022\/10\/que-quieren-decir-los-terminos-ultraizquierda-y-ultraderecha-y-como-se-usan-en-la-actualidad-31.webp 320w, http:\/\/cordobadirecto.com\/wp-content\/uploads\/2022\/10\/que-quieren-decir-los-terminos-ultraizquierda-y-ultraderecha-y-como-se-usan-en-la-actualidad-32.webp 480w, http:\/\/cordobadirecto.com\/wp-content\/uploads\/2022\/10\/que-quieren-decir-los-terminos-ultraizquierda-y-ultraderecha-y-como-se-usan-en-la-actualidad-33.webp 624w, http:\/\/cordobadirecto.com\/wp-content\/uploads\/2022\/10\/que-quieren-decir-los-terminos-ultraizquierda-y-ultraderecha-y-como-se-usan-en-la-actualidad-34.webp 800w\" type=\"image\/webp\" sizes=\"(min-width: 1008px) 645px, 100vw\"><source srcset=\"https:\/\/ichef.bbci.co.uk\/news\/240\/cpsprodpb\/4AAE\/production\/_126981191_gettyimages-510359785.jpg 240w, https:\/\/ichef.bbci.co.uk\/news\/320\/cpsprodpb\/4AAE\/production\/_126981191_gettyimages-510359785.jpg 320w, https:\/\/ichef.bbci.co.uk\/news\/480\/cpsprodpb\/4AAE\/production\/_126981191_gettyimages-510359785.jpg 480w, https:\/\/ichef.bbci.co.uk\/news\/624\/cpsprodpb\/4AAE\/production\/_126981191_gettyimages-510359785.jpg 624w, https:\/\/ichef.bbci.co.uk\/news\/800\/cpsprodpb\/4AAE\/production\/_126981191_gettyimages-510359785.jpg 800w\" type=\"image\/jpeg\" sizes=\"(min-width: 1008px) 645px, 100vw\"><img loading=\"lazy\" src=\"http:\/\/cordobadirecto.com\/wp-content\/uploads\/2022\/10\/que-quieren-decir-los-terminos-ultraizquierda-y-ultraderecha-y-como-se-usan-en-la-actualidad-7.jpg\" alt=\"Un mu\u00f1eco levanta los brazos frente a otros mu\u00f1ecos.\" width=\"976\" height=\"549\" class=\"e3vrtyk0 bbc-rb7xa0 e1mo64ex0\"><\/picture><\/noscript><\/p>\n<p role=\"text\" class=\"bbc-1s1cxbv ewbcsnk0\"><span class=\"bbc-1gnhmg2 ed7bp6y0\">Fuente de la imagen, <\/span><span lang=\"en-GB\">Getty Images<\/span><\/p>\n<\/div>\n<\/div>\n<\/div>\n<\/figure>\n<\/div>\n<div dir=\"ltr\" class=\"bbc-19j92fr ebmt73l0\" readability=\"12\">\n<p dir=\"ltr\" class=\"bbc-hhl7in e17g058b0\">Pero, ojo, porque, aunque lo sacude, no lo elimina del todo: existe un populismo de derechas y un populismo de izquierdas.<\/p>\n<\/div>\n<div dir=\"ltr\" class=\"bbc-19j92fr ebmt73l0\" readability=\"11\">\n<p dir=\"ltr\" class=\"bbc-hhl7in e17g058b0\">En ambos la pregunta que se hace es &#8220;\u00bfcon qui\u00e9n est\u00e1s, con el pueblo o con las \u00e9lites?, explica el experto de la Universidad Carlos III. Sin embargo, \u00bf<b>qu\u00e9 es el &#8220;pueblo&#8221;<\/b> para cada uno de ellos?<\/p>\n<\/div>\n<div dir=\"ltr\" class=\"bbc-19j92fr ebmt73l0\" readability=\"14\">\n<p dir=\"ltr\" class=\"bbc-hhl7in e17g058b0\">&#8220;El populismo de izquierdas suele identificar a los de abajo con la gente humilde, trabajadora; mientras que el populismo de derechas piensa que el pueblo es la gente que tiene una forma de ser que ellos consideran &#8220;de toda la vida&#8221;, como podr\u00eda ser el &#8220;redneck&#8221; en Estados Unidos, por ejemplo&#8221;, razona Fern\u00e1ndez V\u00e1zquez.<\/p>\n<\/div>\n<div dir=\"ltr\" class=\"bbc-19j92fr ebmt73l0\" readability=\"8\">\n<p dir=\"ltr\" class=\"bbc-hhl7in e17g058b0\">El baile de sillas de aquella Asamblea Constituyente francesa sigue hoy tan vibrante como aquel primer d\u00eda de 1789. \u00bfCu\u00e1l es la suya?<\/p>\n<\/div>\n<div dir=\"ltr\" class=\"bbc-1ka88fa ebmt73l0\">\n<figure class=\"bbc-1qdcvv9 e1aczekt0\">\n<div dir=\"ltr\" class=\"bbc-172p16q ebmt73l0\">\n<div dir=\"ltr\" class=\"bbc-189y18v ebmt73l0\">\n<div data-e2e=\"image-placeholder\" class=\"bbc-997y1y eihqrxw0\"><noscript><picture class=\"bbc-yfiktt e1mo64ex1\"><source srcset=\"http:\/\/cordobadirecto.com\/wp-content\/uploads\/2022\/10\/que-quieren-decir-los-terminos-ultraizquierda-y-ultraderecha-y-como-se-usan-en-la-actualidad-35.webp 240w, http:\/\/cordobadirecto.com\/wp-content\/uploads\/2022\/10\/que-quieren-decir-los-terminos-ultraizquierda-y-ultraderecha-y-como-se-usan-en-la-actualidad-36.webp 320w, http:\/\/cordobadirecto.com\/wp-content\/uploads\/2022\/10\/que-quieren-decir-los-terminos-ultraizquierda-y-ultraderecha-y-como-se-usan-en-la-actualidad-37.webp 464w\" type=\"image\/webp\" sizes=\"(min-width: 1008px) 645px, 100vw\"><source srcset=\"https:\/\/ichef.bbci.co.uk\/news\/240\/cpsprodpb\/CCD1\/production\/_105033425_464x2_line.jpg 240w, https:\/\/ichef.bbci.co.uk\/news\/320\/cpsprodpb\/CCD1\/production\/_105033425_464x2_line.jpg 320w, https:\/\/ichef.bbci.co.uk\/news\/464\/cpsprodpb\/CCD1\/production\/_105033425_464x2_line.jpg 464w\" type=\"image\/jpeg\" sizes=\"(min-width: 1008px) 645px, 100vw\"><img loading=\"lazy\" src=\"http:\/\/cordobadirecto.com\/wp-content\/uploads\/2022\/10\/que-quieren-decir-los-terminos-ultraizquierda-y-ultraderecha-y-como-se-usan-en-la-actualidad-8.jpg\" alt=\"L\u00ednea\" width=\"464\" height=\"2\" class=\"e3vrtyk0 bbc-rb7xa0 e1mo64ex0\"><\/picture><\/noscript><\/div>\n<\/div>\n<\/div>\n<\/figure>\n<\/div>\n<div dir=\"ltr\" class=\"bbc-19j92fr ebmt73l0\" readability=\"8\">\n<p dir=\"ltr\" class=\"bbc-hhl7in e17g058b0\"><i class=\"bbc-h1y5j7 eih42320\">Ahora puedes recibir notificaciones de BBC News Mundo. Descarga la nueva versi\u00f3n de nuestra app y act\u00edvalas para no perderte nuestro mejor contenido.<\/i><\/p>\n<\/div>\n","protected":false},"excerpt":{"rendered":"<p>Paula Rosas BBC News Mundo 37 minutos Fuente de la imagen, Getty Images Todo empez\u00f3 por una cuesti\u00f3n de sillas. Eran los d\u00edas agitados de la Revoluci\u00f3n Francesa y los diputados de la reci\u00e9n nacida Asamblea Constituyente discut\u00edan sobre el poder que deber\u00eda tener en la nueva Francia el rey Luis XVI. La Asamblea contaba [&hellip;]<\/p>\n","protected":false},"author":1,"featured_media":81436,"comment_status":"closed","ping_status":"closed","sticky":false,"template":"","format":"standard","meta":[],"categories":[24],"tags":[],"_links":{"self":[{"href":"http:\/\/cordobadirecto.com\/index.php\/wp-json\/wp\/v2\/posts\/81435"}],"collection":[{"href":"http:\/\/cordobadirecto.com\/index.php\/wp-json\/wp\/v2\/posts"}],"about":[{"href":"http:\/\/cordobadirecto.com\/index.php\/wp-json\/wp\/v2\/types\/post"}],"author":[{"embeddable":true,"href":"http:\/\/cordobadirecto.com\/index.php\/wp-json\/wp\/v2\/users\/1"}],"replies":[{"embeddable":true,"href":"http:\/\/cordobadirecto.com\/index.php\/wp-json\/wp\/v2\/comments?post=81435"}],"version-history":[{"count":0,"href":"http:\/\/cordobadirecto.com\/index.php\/wp-json\/wp\/v2\/posts\/81435\/revisions"}],"wp:featuredmedia":[{"embeddable":true,"href":"http:\/\/cordobadirecto.com\/index.php\/wp-json\/wp\/v2\/media\/81436"}],"wp:attachment":[{"href":"http:\/\/cordobadirecto.com\/index.php\/wp-json\/wp\/v2\/media?parent=81435"}],"wp:term":[{"taxonomy":"category","embeddable":true,"href":"http:\/\/cordobadirecto.com\/index.php\/wp-json\/wp\/v2\/categories?post=81435"},{"taxonomy":"post_tag","embeddable":true,"href":"http:\/\/cordobadirecto.com\/index.php\/wp-json\/wp\/v2\/tags?post=81435"}],"curies":[{"name":"wp","href":"https:\/\/api.w.org\/{rel}","templated":true}]}}