{"id":81482,"date":"2022-10-08T05:21:16","date_gmt":"2022-10-08T05:21:16","guid":{"rendered":"http:\/\/cordobadirecto.com\/index.php\/2022\/10\/08\/el-turismo-carretera-se-presento-oficialmente-y-pone-segunda-en-la-copa-de-oro\/"},"modified":"2022-10-08T05:21:16","modified_gmt":"2022-10-08T05:21:16","slug":"el-turismo-carretera-se-presento-oficialmente-y-pone-segunda-en-la-copa-de-oro","status":"publish","type":"post","link":"http:\/\/cordobadirecto.com\/index.php\/2022\/10\/08\/el-turismo-carretera-se-presento-oficialmente-y-pone-segunda-en-la-copa-de-oro\/","title":{"rendered":"El Turismo Carretera se present\u00f3 oficialmente y pone segunda en la Copa de Oro"},"content":{"rendered":"<figure class=\"mb-3\"><img loading=\"lazy\" src=\"http:\/\/cordobadirecto.com\/wp-content\/uploads\/2022\/10\/el-turismo-carretera-se-presento-oficialmente-y-pone-segunda-en-la-copa-de-oro.jpg\" width=\"100%\" height=\"100%\" alt=\"Foto Martin Levicoy\"><figcaption> Foto: Martin Levicoy <\/figcaption><\/figure>\n<p>El Turismo Carretera iniciar\u00e1 este s\u00e1bado su actividad en Chubut, en el marco de la 12a fecha de su calendario, y segunda de la Copa de Oro, que definir\u00e1 al campe\u00f3n de la temporada, en una carrera que se disputar\u00e1 el domingo en el aut\u00f3dromo General San Mart\u00edn de Comodoro Rivadavia.<\/p>\n<h2 class>Las pruebas<\/h2>\n<p>La actividad en el trazado de 3.804 metros de extensi\u00f3n comenzar\u00e1 con dos tandas de entrenamiento del TC (10.10 y 13.13) y dos de la telonera TC Pista (9.30 y 12.05).<\/p>\n<p>A las 15.05 comenzar\u00e1 la clasificaci\u00f3n del TC Pista y, a las 16.05 lo har\u00e1 el TC para el ordenamiento de las tres series clasificatorias del domingo.<\/p>\n<p>A las 17.17 y 17.40, se disputar\u00e1n las dos series clasificatorias del TC Pista, a cinco vueltas cada una.<\/p>\n<blockquote class=\"twitter-tweet\" readability=\"9.4501718213058\">\n<p lang=\"es\" dir=\"ltr\">Aut\u00f3dromo Gral. San Mart\u00edn de Comodoro Rivadavia, Chubut \ud83d\udccd<\/p>\n<p>Comodoro nos espera, y el r\u00e9cord sigue en manos del Rey Guillermo \ud83d\udc51<\/p>\n<p>\u00bfPodr\u00e1 mejorarlo alguien?<br \/>\u00bfQui\u00e9nes ser\u00e1n los ganadores de TC y TCP? <a href=\"https:\/\/t.co\/8fEASjtsbL\">pic.twitter.com\/8fEASjtsbL<\/a><\/p>\n<p>\u2014 Turismo Carretera ACTC (@actcargentina) <a href=\"https:\/\/twitter.com\/actcargentina\/status\/1578443242051624960?ref_src=twsrc%5Etfw\">October 7, 2022<\/a><\/p><\/blockquote>\n<h2 class>Por la Copa Oro<\/h2>\n<p>En la primera fecha de la Copa de Oro, corrida en el aut\u00f3dromo puntano Rosendo Hern\u00e1ndez, se impuso el entrerriano Mariano Werner (Ford, escoltado por el rionegrino Jos\u00e9 Manuel Urcera (Torino) y el balcarce\u00f1o Santiago Mangoni (Chevrolet).<\/p>\n<p>Disputada una fecha de la Copa de Oro, encabeza las posiciones el arrecife\u00f1o Agustin Canapino (Chevrolet), con 55.5 puntos, seguido por Urcera (Torino), 50, Werner (Ford), 47, Mangoni (Chevrolet), 46.5, y el tandilense Leonel Pern\u00eda (Torino), 39.<\/p>\n<p>Cierran los diez primeros, el quilme\u00f1o Esteban Gini (Torino), 35, el balcarce\u00f1o Jonatan Castellano (Dodge), el santafesino Facundo Ardusso (Torino), 23.5, el arrecife\u00f1o Luis Jos\u00e9 Di Palma (Ford), 23.5, y el mendocino Juli\u00e1n Santero (Ford), 19.<\/p>\n<p>La Copa de Plata del TC Pista, tiene como l\u00edder al bonaerense Otto Fritzler (Ford), con 68.5 unidades, y detr\u00e1s se ubican el bonaerense Santiago Alvarez (Dodge), 67, el salte\u00f1o Jerem\u00edas Olmedo (Ford), 46.5, el cordob\u00e9s Facundo Chapur (Torino), 39, el bonaerense Diego Azar (Torino), 36, y el bonaerense Nicol\u00e1s Impiumbato (Chevrolet), 32.5.<\/p>\n<figure class=\"mb-3\"><img loading=\"lazy\" src=\"http:\/\/cordobadirecto.com\/wp-content\/uploads\/2022\/10\/el-turismo-carretera-se-presento-oficialmente-y-pone-segunda-en-la-copa-de-oro-1.jpg\" width=\"100%\" height=\"100%\" alt=\"Foto Martin Levicoy\"><figcaption> Foto: Martin Levicoy <\/figcaption><\/figure>\n<h2 class>Presentaci\u00f3n oficial<\/h2>\n<p>Este viernes, en un hotel c\u00e9ntrico de Comodoro Rivadavia fue la ceremonia oficial de la fecha que se disputar\u00e1 sobre el trazado del Aut\u00f3dromo General San Mart\u00edn, que ser\u00e1 el Gran Premio Provincia del Chubut.<\/p>\n<p>Autoridades locales, los pilotos locales Marcelo Agrelo y Gustavo Micheloud -que correr\u00e1n en el Turismo Carretera- el \u00faltimo ganador Josito Di Palma, y Juan Pablo Gianini. Adem\u00e1s integraron la delegaci\u00f3n de dirigentes de la ACTC Fernando Miori (Gerente general) y Enrique Verde (Presidente del AutoMoto Club de Comodoro Rivadavia).<\/p>\n<blockquote class=\"twitter-tweet\" readability=\"10.211699164345\">\n<p lang=\"es\" dir=\"ltr\">Este mediod\u00eda, mediante conferencia de prensa, se llev\u00f3 acabo la presentaci\u00f3n del Gran Premio Provincia Chubut \ud83d\udc4f\ud83c\udffc<\/p>\n<p>Contamos con la presencia de los pilotos Marcelo Agrelo, Josito Di Palma, Gustavo Micheloud y Juan Pablo Gianini.<a href=\"https:\/\/twitter.com\/hashtag\/ComodoroRivadivia?src=hash&amp;ref_src=twsrc%5Etfw\">#ComodoroRivadivia<\/a> <a href=\"https:\/\/twitter.com\/hashtag\/ACTC?src=hash&amp;ref_src=twsrc%5Etfw\">#ACTC<\/a> <a href=\"https:\/\/twitter.com\/hashtag\/TCenComodoro?src=hash&amp;ref_src=twsrc%5Etfw\">#TCenComodoro<\/a> <a href=\"https:\/\/t.co\/0RzT2adeH5\">pic.twitter.com\/0RzT2adeH5<\/a><\/p>\n<p>\u2014 Turismo Carretera ACTC (@actcargentina) <a href=\"https:\/\/twitter.com\/actcargentina\/status\/1578406804782022659?ref_src=twsrc%5Etfw\">October 7, 2022<\/a><\/p><\/blockquote>\n<figure class=\"mb-3\"><img loading=\"lazy\" src=\"http:\/\/cordobadirecto.com\/wp-content\/uploads\/2022\/10\/el-turismo-carretera-se-presento-oficialmente-y-pone-segunda-en-la-copa-de-oro-2.jpg\" width=\"100%\" height=\"100%\" alt=\"Foto Martin Levicoy\"><figcaption> Foto: Martin Levicoy <\/figcaption><\/figure>\n<p><\/p>\n<figure class=\"mb-3\"><img loading=\"lazy\" src=\"http:\/\/cordobadirecto.com\/wp-content\/uploads\/2022\/10\/el-turismo-carretera-se-presento-oficialmente-y-pone-segunda-en-la-copa-de-oro-3.jpg\" width=\"100%\" height=\"100%\" alt=\"Foto Martin Levicoy\"><figcaption> Foto: Martin Levicoy <\/figcaption><\/figure>\n<p><\/p>\n<figure class=\"mb-3\"><img loading=\"lazy\" src=\"http:\/\/cordobadirecto.com\/wp-content\/uploads\/2022\/10\/el-turismo-carretera-se-presento-oficialmente-y-pone-segunda-en-la-copa-de-oro-4.jpg\" width=\"100%\" height=\"100%\" alt=\"Foto Martin Levicoy\"><figcaption> Foto: Martin Levicoy <\/figcaption><\/figure>\n<p><\/p>\n<figure class=\"mb-3\"><img loading=\"lazy\" src=\"http:\/\/cordobadirecto.com\/wp-content\/uploads\/2022\/10\/el-turismo-carretera-se-presento-oficialmente-y-pone-segunda-en-la-copa-de-oro-5.jpg\" width=\"100%\" height=\"100%\" alt=\"Foto Martin Levicoy\"><figcaption> Foto: Martin Levicoy <\/figcaption><\/figure>\n<p><\/p>\n<figure class=\"mb-3\"><img loading=\"lazy\" src=\"http:\/\/cordobadirecto.com\/wp-content\/uploads\/2022\/10\/el-turismo-carretera-se-presento-oficialmente-y-pone-segunda-en-la-copa-de-oro-6.jpg\" width=\"100%\" height=\"100%\" alt=\"Foto Martin Levicoy\"><figcaption> Foto: Martin Levicoy <\/figcaption><\/figure>\n","protected":false},"excerpt":{"rendered":"<p>Foto: Martin Levicoy El Turismo Carretera iniciar\u00e1 este s\u00e1bado su actividad en Chubut, en el marco de la 12a fecha de su calendario, y segunda de la Copa de Oro, que definir\u00e1 al campe\u00f3n de la temporada, en una carrera que se disputar\u00e1 el domingo en el aut\u00f3dromo General San Mart\u00edn de Comodoro Rivadavia. Las [&hellip;]<\/p>\n","protected":false},"author":1,"featured_media":81483,"comment_status":"closed","ping_status":"closed","sticky":false,"template":"","format":"standard","meta":[],"categories":[21],"tags":[],"_links":{"self":[{"href":"http:\/\/cordobadirecto.com\/index.php\/wp-json\/wp\/v2\/posts\/81482"}],"collection":[{"href":"http:\/\/cordobadirecto.com\/index.php\/wp-json\/wp\/v2\/posts"}],"about":[{"href":"http:\/\/cordobadirecto.com\/index.php\/wp-json\/wp\/v2\/types\/post"}],"author":[{"embeddable":true,"href":"http:\/\/cordobadirecto.com\/index.php\/wp-json\/wp\/v2\/users\/1"}],"replies":[{"embeddable":true,"href":"http:\/\/cordobadirecto.com\/index.php\/wp-json\/wp\/v2\/comments?post=81482"}],"version-history":[{"count":0,"href":"http:\/\/cordobadirecto.com\/index.php\/wp-json\/wp\/v2\/posts\/81482\/revisions"}],"wp:featuredmedia":[{"embeddable":true,"href":"http:\/\/cordobadirecto.com\/index.php\/wp-json\/wp\/v2\/media\/81483"}],"wp:attachment":[{"href":"http:\/\/cordobadirecto.com\/index.php\/wp-json\/wp\/v2\/media?parent=81482"}],"wp:term":[{"taxonomy":"category","embeddable":true,"href":"http:\/\/cordobadirecto.com\/index.php\/wp-json\/wp\/v2\/categories?post=81482"},{"taxonomy":"post_tag","embeddable":true,"href":"http:\/\/cordobadirecto.com\/index.php\/wp-json\/wp\/v2\/tags?post=81482"}],"curies":[{"name":"wp","href":"https:\/\/api.w.org\/{rel}","templated":true}]}}