{"id":81517,"date":"2022-10-08T01:20:42","date_gmt":"2022-10-08T01:20:42","guid":{"rendered":"https:\/\/www.cordoba.gob.ar\/?p=34358"},"modified":"2022-10-08T01:20:42","modified_gmt":"2022-10-08T01:20:42","slug":"feria-del-libro-2022-artistas-urbanos-realizan-una-intervencion-en-plaza-italia","status":"publish","type":"post","link":"http:\/\/cordobadirecto.com\/index.php\/2022\/10\/08\/feria-del-libro-2022-artistas-urbanos-realizan-una-intervencion-en-plaza-italia\/","title":{"rendered":"Feria del Libro 2022: artistas urbanos realizan una intervenci\u00f3n en Plaza Italia"},"content":{"rendered":"<div><img src=\"http:\/\/cordobadirecto.com\/wp-content\/uploads\/2022\/10\/feria-del-libro-2022-artistas-urbanos-realizan-una-intervencion-en-plaza-italia.jpg\" class=\"ff-og-image-inserted\"><\/div>\n<ul>\n<li><strong>Muralistas que forman parte del programa Arte de Nuestra Gente, pintaron en vivo sobre \u201ct\u00f3tems\u201d, reinterpretando la obra del historietista cordob\u00e9s Juan Ferreyra.<\/strong><\/li>\n<\/ul>\n<hr>\n<p>En el marco de la Feria del Libro C\u00f3rdoba 2022 y el espacio de historietas del Ciclo Subte, se realiz\u00f3 una intervenci\u00f3n art\u00edstica en vivo reinterpretando la obra del historietista cordob\u00e9s Juan Eduardo Ferreyra.<\/p>\n<p>La actividad se desarroll\u00f3 en la Plaza Italia y estuvo a cargo de 8 artistas del programa municipal de arte urbano \u201cArte de Nuestra Gente\u201d, convocados por el director de Industrias Culturales, Creativas e Innovaci\u00f3n de la Municipalidad de C\u00f3rdoba, Jos\u00e9 Manuel Lezcano.<\/p>\n<p>Entre los artistas seleccionados se encontraron Enzo Scuti, Meli Pagana, Rodrigo Mathot Rodo, Juan Manqueo Wan, Fernando Le\u00f3n Gonz\u00e1lez Junior, Mirko Ferry, Marcelo Ariel Gonzalez y \u201cJhavi\u201d Javier Ra\u00fal Alejandro Molina.<\/p>\n<p>Cada \u201ctotem\u201d donde se intervino estuvo conformado por una estructura de ca\u00f1o de 1.80 de alto con tres caras, cuyos frentes, de madera enchapada, fueron intervenidos y en donde cada uno de los artistas convocados pint\u00f3 con temas referidos a los comics de Ferreyra.<\/p>\n<p>Los 8 trabajos ser\u00e1n expuestos en la Plaza Italia, para poder ser visitados por vecinos y turistas hasta el final de la Feria del Libro.<\/p>\n<p><strong>Sobre Juan Ferreyra<\/strong><\/p>\n<p>Ferreyra es un dibujante cordob\u00e9s Egresado de la Academia Arg\u00fcello y dibujante de comics como profesi\u00f3n.<\/p>\n<p>Realiz\u00f3 su primer comic, \u2018Elvisman\u2019, junto a Diego Cort\u00e9s (de Llanto de Mudo) cuando apenas ten\u00eda 18 a\u00f1os, y a los 25 public\u00f3 su primer comic en Estados Unidos, en Image Comics.<\/p>\n<p>Particip\u00f3 con su obra de un videoclip para la banda Radiohead y desde el 2004 trabaja profesionalmente para las editoriales de c\u00f3mics m\u00e1s importantes del mundo, especialmente para el mercado norteamericano, habiendo publicado en grandes sellos editoriales como Image Comics (Small Gods, Rex Mundi), Dark Horse (Promehteus, Falling Skies, Kiss Me Satan, Colder), DC Comics (Green Arrow) y Marvel (Punisher, Wolverine, Hulk).<\/p>\n<p>Al artista le gusta narrar historias, y en cierto modo se diferencia de la mayor\u00eda de los dibujantes que hacen comics para USA ya que realiza su trabajo en varias etapas del producto final.<\/p>\n<p>Para conocer las propuestas del Domo Inclusivo y todas las que ofrece la FLC 2022, pod\u00e9s encontrarlas en este link: <a href=\"https:\/\/feriadellibro.cordoba.gob.ar\/actividades\/\">https:\/\/feriadellibro.cordoba.gob.ar\/actividades\/<\/a><\/p>\n","protected":false},"excerpt":{"rendered":"<p>Muralistas que forman parte del programa Arte de Nuestra Gente, pintaron en vivo sobre \u201ct\u00f3tems\u201d, reinterpretando la obra del historietista cordob\u00e9s Juan Ferreyra. En el marco de la Feria del Libro C\u00f3rdoba 2022 y el espacio de historietas del Ciclo Subte, se realiz\u00f3 una intervenci\u00f3n art\u00edstica en vivo reinterpretando la obra del historietista cordob\u00e9s Juan [&hellip;]<\/p>\n","protected":false},"author":1,"featured_media":81518,"comment_status":"closed","ping_status":"closed","sticky":false,"template":"","format":"standard","meta":[],"categories":[44],"tags":[],"_links":{"self":[{"href":"http:\/\/cordobadirecto.com\/index.php\/wp-json\/wp\/v2\/posts\/81517"}],"collection":[{"href":"http:\/\/cordobadirecto.com\/index.php\/wp-json\/wp\/v2\/posts"}],"about":[{"href":"http:\/\/cordobadirecto.com\/index.php\/wp-json\/wp\/v2\/types\/post"}],"author":[{"embeddable":true,"href":"http:\/\/cordobadirecto.com\/index.php\/wp-json\/wp\/v2\/users\/1"}],"replies":[{"embeddable":true,"href":"http:\/\/cordobadirecto.com\/index.php\/wp-json\/wp\/v2\/comments?post=81517"}],"version-history":[{"count":0,"href":"http:\/\/cordobadirecto.com\/index.php\/wp-json\/wp\/v2\/posts\/81517\/revisions"}],"wp:featuredmedia":[{"embeddable":true,"href":"http:\/\/cordobadirecto.com\/index.php\/wp-json\/wp\/v2\/media\/81518"}],"wp:attachment":[{"href":"http:\/\/cordobadirecto.com\/index.php\/wp-json\/wp\/v2\/media?parent=81517"}],"wp:term":[{"taxonomy":"category","embeddable":true,"href":"http:\/\/cordobadirecto.com\/index.php\/wp-json\/wp\/v2\/categories?post=81517"},{"taxonomy":"post_tag","embeddable":true,"href":"http:\/\/cordobadirecto.com\/index.php\/wp-json\/wp\/v2\/tags?post=81517"}],"curies":[{"name":"wp","href":"https:\/\/api.w.org\/{rel}","templated":true}]}}