{"id":81519,"date":"2022-10-08T01:05:53","date_gmt":"2022-10-08T01:05:53","guid":{"rendered":"https:\/\/www.cordoba.gob.ar\/?p=34354"},"modified":"2022-10-08T01:05:53","modified_gmt":"2022-10-08T01:05:53","slug":"se-viene-la-segunda-edicion-de-la-feria-de-moda-circular-sin-desperdicio","status":"publish","type":"post","link":"http:\/\/cordobadirecto.com\/index.php\/2022\/10\/08\/se-viene-la-segunda-edicion-de-la-feria-de-moda-circular-sin-desperdicio\/","title":{"rendered":"Se viene la segunda edici\u00f3n de la Feria de Moda Circular \u201cSin Desperdicio\u201d"},"content":{"rendered":"<div><img src=\"http:\/\/cordobadirecto.com\/wp-content\/uploads\/2022\/10\/se-viene-la-segunda-edicion-de-la-feria-de-moda-circular-sin-desperdicio.jpg\" class=\"ff-og-image-inserted\"><\/div>\n<ul>\n<li><strong>Se realizar\u00e1 los d\u00edas 14 y 15 de octubre en la supermanzana de la Intendencia.<\/strong><\/li>\n<li><strong>&nbsp;La primera edici\u00f3n convoc\u00f3 a m\u00e1s de 15 mil personas.<\/strong><\/li>\n<\/ul>\n<hr>\n<p>Los d\u00edas 14 y 15 de octubre se llevar\u00e1 adelante la 2da. Edici\u00f3n de la Feria de Moda Circular y Econom\u00eda Popular \u201cSin Desperdicio\u201d, en supermanzana de la Intendencia y la plaza de la Intendencia-H\u00e9roes de Malvinas.<\/p>\n<p>Este nuevo encuentro contar\u00e1 una vez m\u00e1s con la participaci\u00f3n de feriantes, y sumar\u00e1 el servicio de reacondicionamiento y remiendo de prendas, adem\u00e1s de un espacio destinado especialmente a dise\u00f1adores de moda.<\/p>\n<p>La Municipalidad de C\u00f3rdoba acompa\u00f1ar\u00e1 el desarrollo de la feria con carpas, gazebos y escenario con pantalla gigante de primera calidad para albergar esta propuesta que busca fomentar nuevas conductas de consumo consciente, el compromiso por el ambiente, la sostenibilidad y las econom\u00edas circulares.<\/p>\n<p>Cabe recordar que la primera edici\u00f3n de \u201cSin Desperdicio\u201d convoc\u00f3 a m\u00e1s de 15 mil personas y hubo m\u00e1s de 3.000 prendas comercializadas en las dos jornadas.<\/p>\n","protected":false},"excerpt":{"rendered":"<p>Se realizar\u00e1 los d\u00edas 14 y 15 de octubre en la supermanzana de la Intendencia. &nbsp;La primera edici\u00f3n convoc\u00f3 a m\u00e1s de 15 mil personas. Los d\u00edas 14 y 15 de octubre se llevar\u00e1 adelante la 2da. Edici\u00f3n de la Feria de Moda Circular y Econom\u00eda Popular \u201cSin Desperdicio\u201d, en supermanzana de la Intendencia y [&hellip;]<\/p>\n","protected":false},"author":1,"featured_media":81520,"comment_status":"closed","ping_status":"closed","sticky":false,"template":"","format":"standard","meta":[],"categories":[44],"tags":[],"_links":{"self":[{"href":"http:\/\/cordobadirecto.com\/index.php\/wp-json\/wp\/v2\/posts\/81519"}],"collection":[{"href":"http:\/\/cordobadirecto.com\/index.php\/wp-json\/wp\/v2\/posts"}],"about":[{"href":"http:\/\/cordobadirecto.com\/index.php\/wp-json\/wp\/v2\/types\/post"}],"author":[{"embeddable":true,"href":"http:\/\/cordobadirecto.com\/index.php\/wp-json\/wp\/v2\/users\/1"}],"replies":[{"embeddable":true,"href":"http:\/\/cordobadirecto.com\/index.php\/wp-json\/wp\/v2\/comments?post=81519"}],"version-history":[{"count":0,"href":"http:\/\/cordobadirecto.com\/index.php\/wp-json\/wp\/v2\/posts\/81519\/revisions"}],"wp:featuredmedia":[{"embeddable":true,"href":"http:\/\/cordobadirecto.com\/index.php\/wp-json\/wp\/v2\/media\/81520"}],"wp:attachment":[{"href":"http:\/\/cordobadirecto.com\/index.php\/wp-json\/wp\/v2\/media?parent=81519"}],"wp:term":[{"taxonomy":"category","embeddable":true,"href":"http:\/\/cordobadirecto.com\/index.php\/wp-json\/wp\/v2\/categories?post=81519"},{"taxonomy":"post_tag","embeddable":true,"href":"http:\/\/cordobadirecto.com\/index.php\/wp-json\/wp\/v2\/tags?post=81519"}],"curies":[{"name":"wp","href":"https:\/\/api.w.org\/{rel}","templated":true}]}}