{"id":81521,"date":"2022-10-08T15:33:49","date_gmt":"2022-10-08T15:33:49","guid":{"rendered":"http:\/\/cordobadirecto.com\/index.php\/2022\/10\/08\/micaela-chauque-dara-un-concierto-por-el-dia-del-respeto-a-la-diversidad-cultural\/"},"modified":"2022-10-08T15:33:49","modified_gmt":"2022-10-08T15:33:49","slug":"micaela-chauque-dara-un-concierto-por-el-dia-del-respeto-a-la-diversidad-cultural","status":"publish","type":"post","link":"http:\/\/cordobadirecto.com\/index.php\/2022\/10\/08\/micaela-chauque-dara-un-concierto-por-el-dia-del-respeto-a-la-diversidad-cultural\/","title":{"rendered":"Micaela Chauque dar\u00e1 un concierto por el D\u00eda del Respeto a la Diversidad Cultural"},"content":{"rendered":"<figure class=\"mb-3\"><img loading=\"lazy\" src=\"http:\/\/cordobadirecto.com\/wp-content\/uploads\/2022\/10\/micaela-chauque-dara-un-concierto-por-el-dia-del-respeto-a-la-diversidad-cultural.jpg\" width=\"100%\" height=\"100%\" alt=\"Micaela Chauque naci hace 43 aos en Iruya Salta Foto Prensa\"><figcaption> Micaela Chauque naci\u00f3 hace 43 a\u00f1os en Iruya, Salta \/ Foto Prensa <\/figcaption><\/figure>\n<p>La cantante kolla <strong>Micaela Chauque (43), el grupo juje\u00f1o Pacha Runa, la agrupaci\u00f3n de sikuris Ayllu Sarta\u00f1ani y el grupo de danzas bolivianas Pachakuti<\/strong> tomar\u00e1n parte de un espect\u00e1culo de m\u00fasica andina que se desarrollar\u00e1 en el Congreso de la Nacional en el marco de la conmemorac\u00ed\u00f3n del D\u00eda del Respeto a la Diversidad Cultural.<\/p>\n<p>El concierto tendr\u00e1 lugar el martes 11 a las 18 en el Sal\u00f3n de las Provincias del Palacio Legislativo (Hip\u00f3lito Yrigoyen 1849) con <strong>entrada libre y gratuita<\/strong>.<\/p>\n<p>La celebraci\u00f3n estar\u00e1 encabezada por Micaela Chauque, que recorre con su canto el pa\u00eds y el mundo acompa\u00f1\u00e1ndose con la quena y el siku; tambi\u00e9n estar\u00e1 presente el grupo juje\u00f1o Pacha Runa, que difunde la musicalidad de los pueblos andinos; la Banda de Sikuris Ayllu Sarta\u00f1ani, integrada por cantores e instrumentistas de sikus que debe su nombre a la voz aimara que significa &#8220;comunidad levant\u00e9monos&#8221; y el grupo de danza Pachakuti que a trav\u00e9s de elementos y lenguajes actuales potencia la cultura boliviana pero sin perder sus ra\u00edces.<\/p>\n<p>La presentaci\u00f3n se podr\u00e1 seguir en vivo por el canal de <a href=\"http:\/\/youtube.com\/senadotvargentina\" target=\"_blank\" rel=\"noopener\">YouTube del Senado<\/a>&nbsp;y por la p\u00e1gina de <a href=\"http:\/\/facebook.com\/culturadiputados\" target=\"_blank\" rel=\"noopener\">Facebook de Cultura de la C\u00e1mara de Diputados<\/a>.<\/p>\n<p>Adem\u00e1s, la artista se presentar\u00e1 en los \u00faltimos encuentros de la gira<strong> &#8220;20 a\u00f1os junto a los vientos andinos&#8221; <\/strong>este 8 de octubre en Moreno -Plaza Buj\u00e1n-, el 9 en Tecn\u00f3polis, el 10 en Iguaz\u00fa -Misiones- y el 155 en C\u00f3rdoba -C C Graciela Carena. Noviembre tambi\u00e9n est\u00e1 cargado de shows para Chauque: el 3 en La Pampa -Audiotorio Medasur-, el 4 en Necochea -Catena- y el 5 en Mar del Plata -Cuatro Elementos-.&nbsp;&nbsp;<\/p>\n<blockquote class=\"instagram-media\" data-instgrm-captioned data-instgrm-permalink=\"https:\/\/www.instagram.com\/p\/CjA8g2KOrlA\/?utm_source=ig_embed&amp;utm_campaign=loading\" data-instgrm-version=\"14\" readability=\"-0.19626168224299\"><\/blockquote>\n","protected":false},"excerpt":{"rendered":"<p>Micaela Chauque naci\u00f3 hace 43 a\u00f1os en Iruya, Salta \/ Foto Prensa La cantante kolla Micaela Chauque (43), el grupo juje\u00f1o Pacha Runa, la agrupaci\u00f3n de sikuris Ayllu Sarta\u00f1ani y el grupo de danzas bolivianas Pachakuti tomar\u00e1n parte de un espect\u00e1culo de m\u00fasica andina que se desarrollar\u00e1 en el Congreso de la Nacional en el [&hellip;]<\/p>\n","protected":false},"author":1,"featured_media":81522,"comment_status":"closed","ping_status":"closed","sticky":false,"template":"","format":"standard","meta":[],"categories":[20],"tags":[],"_links":{"self":[{"href":"http:\/\/cordobadirecto.com\/index.php\/wp-json\/wp\/v2\/posts\/81521"}],"collection":[{"href":"http:\/\/cordobadirecto.com\/index.php\/wp-json\/wp\/v2\/posts"}],"about":[{"href":"http:\/\/cordobadirecto.com\/index.php\/wp-json\/wp\/v2\/types\/post"}],"author":[{"embeddable":true,"href":"http:\/\/cordobadirecto.com\/index.php\/wp-json\/wp\/v2\/users\/1"}],"replies":[{"embeddable":true,"href":"http:\/\/cordobadirecto.com\/index.php\/wp-json\/wp\/v2\/comments?post=81521"}],"version-history":[{"count":0,"href":"http:\/\/cordobadirecto.com\/index.php\/wp-json\/wp\/v2\/posts\/81521\/revisions"}],"wp:featuredmedia":[{"embeddable":true,"href":"http:\/\/cordobadirecto.com\/index.php\/wp-json\/wp\/v2\/media\/81522"}],"wp:attachment":[{"href":"http:\/\/cordobadirecto.com\/index.php\/wp-json\/wp\/v2\/media?parent=81521"}],"wp:term":[{"taxonomy":"category","embeddable":true,"href":"http:\/\/cordobadirecto.com\/index.php\/wp-json\/wp\/v2\/categories?post=81521"},{"taxonomy":"post_tag","embeddable":true,"href":"http:\/\/cordobadirecto.com\/index.php\/wp-json\/wp\/v2\/tags?post=81521"}],"curies":[{"name":"wp","href":"https:\/\/api.w.org\/{rel}","templated":true}]}}