{"id":81523,"date":"2022-10-08T15:33:52","date_gmt":"2022-10-08T15:33:52","guid":{"rendered":"http:\/\/cordobadirecto.com\/index.php\/2022\/10\/08\/los-fundamentalistas-del-aire-acondicionado-vuelven-al-unico-de-la-plata\/"},"modified":"2022-10-08T15:33:52","modified_gmt":"2022-10-08T15:33:52","slug":"los-fundamentalistas-del-aire-acondicionado-vuelven-al-unico-de-la-plata","status":"publish","type":"post","link":"http:\/\/cordobadirecto.com\/index.php\/2022\/10\/08\/los-fundamentalistas-del-aire-acondicionado-vuelven-al-unico-de-la-plata\/","title":{"rendered":"Los Fundamentalistas del Aire Acondicionado vuelven al \u00danico de La Plata"},"content":{"rendered":"<figure class=\"mb-3\"><img loading=\"lazy\" src=\"http:\/\/cordobadirecto.com\/wp-content\/uploads\/2022\/10\/los-fundamentalistas-del-aire-acondicionado-vuelven-al-unico-de-la-plata.jpg\" width=\"100%\" height=\"100%\" alt=\"El ltimo show de Los Fundamentalistas en La Plata Foto Camila Godoy\"><figcaption> El \u00faltimo show de Los Fundamentalistas en La Plata \/ Foto Camila Godoy <\/figcaption><\/figure>\n<p>La banda del &#8220;Indio&#8221; Solari, Los Fundamentalistas del Aire Acondicionado, vuelven al estadio \u00danico de La Plata Diego Armando Maradona para un show que se desarrollar\u00e1 el pr\u00f3ximo s\u00e1bado 12 de noviembre, anunciaron en redes.<\/p>\n<p>&#8220;Cerramos esta etapa en el lugar donde comenz\u00f3, el Estadio \u00danico de La Plata, Diego Armando Maradona. \u00daltimo show de &#8216;Rock and Roll&#8217;. Entradas a la venta a partir del lunes a las 20hs en tuentrada.com&#8221;, reza el mensaje que la banda public\u00f3 en sus canales oficiales y que contiene una foto de fondo del recinto platense.<\/p>\n<blockquote class=\"instagram-media\" data-instgrm-captioned data-instgrm-permalink=\"https:\/\/www.instagram.com\/p\/CjbPgYOOJAb\/?utm_source=ig_embed&amp;utm_campaign=loading\" data-instgrm-version=\"14\" readability=\"-0.1875\"><\/blockquote>\n<p>Gaspar Benegas y Baltasar Comotto, en voz y guitarra; Pablo Sbaraglia, en voz, teclados y guitarra; Fernando Nal\u00e9, en voz y bajo; Deborah Dixon y Luciana Palacios, en coros; Sergio Colombo, en voz y saxo; Miguel Angel Tallarita, en trompeta; y Ramiro L\u00f3pez Naguil, en bater\u00eda, vienen de presentarse en un <a href=\"https:\/\/www.telam.com.ar\/notas\/202208\/601685-el-indio-solari-presente-pero-virtual-en-san-luis-durante-el-show-de-los-fundamentalistas.html\" target=\"_blank\" rel=\"noopener\">multitudinario show en San Luis en agosto pasado<\/a>, donde, como es habitual en los \u00faltimos recitales, el Indio Solari apareci\u00f3 para una participaci\u00f3n virtual.<\/p>\n<p>El 11 y 12 de diciembre del a\u00f1o pasado el combo hab\u00eda ofrecido dos shows a estadio lleno en el \u00danico en la vuelta a la presencialidad luego de la interrupci\u00f3n de las presentaciones en vivo que impuso la pandemia.<\/p>\n","protected":false},"excerpt":{"rendered":"<p>El \u00faltimo show de Los Fundamentalistas en La Plata \/ Foto Camila Godoy La banda del &#8220;Indio&#8221; Solari, Los Fundamentalistas del Aire Acondicionado, vuelven al estadio \u00danico de La Plata Diego Armando Maradona para un show que se desarrollar\u00e1 el pr\u00f3ximo s\u00e1bado 12 de noviembre, anunciaron en redes. &#8220;Cerramos esta etapa en el lugar donde [&hellip;]<\/p>\n","protected":false},"author":1,"featured_media":81524,"comment_status":"closed","ping_status":"closed","sticky":false,"template":"","format":"standard","meta":[],"categories":[20],"tags":[],"_links":{"self":[{"href":"http:\/\/cordobadirecto.com\/index.php\/wp-json\/wp\/v2\/posts\/81523"}],"collection":[{"href":"http:\/\/cordobadirecto.com\/index.php\/wp-json\/wp\/v2\/posts"}],"about":[{"href":"http:\/\/cordobadirecto.com\/index.php\/wp-json\/wp\/v2\/types\/post"}],"author":[{"embeddable":true,"href":"http:\/\/cordobadirecto.com\/index.php\/wp-json\/wp\/v2\/users\/1"}],"replies":[{"embeddable":true,"href":"http:\/\/cordobadirecto.com\/index.php\/wp-json\/wp\/v2\/comments?post=81523"}],"version-history":[{"count":0,"href":"http:\/\/cordobadirecto.com\/index.php\/wp-json\/wp\/v2\/posts\/81523\/revisions"}],"wp:featuredmedia":[{"embeddable":true,"href":"http:\/\/cordobadirecto.com\/index.php\/wp-json\/wp\/v2\/media\/81524"}],"wp:attachment":[{"href":"http:\/\/cordobadirecto.com\/index.php\/wp-json\/wp\/v2\/media?parent=81523"}],"wp:term":[{"taxonomy":"category","embeddable":true,"href":"http:\/\/cordobadirecto.com\/index.php\/wp-json\/wp\/v2\/categories?post=81523"},{"taxonomy":"post_tag","embeddable":true,"href":"http:\/\/cordobadirecto.com\/index.php\/wp-json\/wp\/v2\/tags?post=81523"}],"curies":[{"name":"wp","href":"https:\/\/api.w.org\/{rel}","templated":true}]}}