{"id":81527,"date":"2022-10-08T11:03:57","date_gmt":"2022-10-08T11:03:57","guid":{"rendered":"https:\/\/www.ole.com.ar\/autos\/verstappen-pole-gp-japon-f1_0_g27uJfGlXi.html"},"modified":"2022-10-08T11:03:57","modified_gmt":"2022-10-08T11:03:57","slug":"verstappen-logra-la-pole-en-japon-y-acaricia-el-bicampeonato","status":"publish","type":"post","link":"http:\/\/cordobadirecto.com\/index.php\/2022\/10\/08\/verstappen-logra-la-pole-en-japon-y-acaricia-el-bicampeonato\/","title":{"rendered":"Verstappen logra la pole en Jap\u00f3n y acaricia el bicampeonato"},"content":{"rendered":"<p><strong><a alt=\"max-verstappen\" class=\"slug\" href=\"https:\/\/www.ole.com.ar\/tema\/max-verstappen.html\" target=\"_blank\" title=\"max-verstappen\" rel=\"noopener\">Max Verstappen<\/a><\/strong> saldr\u00e1 desde la <strong>primera posici\u00f3n<\/strong> de la grilla de largada en el Gran Premio de Jap\u00f3n el domingo para tratar de conquistar su<strong> segundo t\u00edtulo consecutivo<\/strong> en la <a alt=\"formula-1\" class=\"slug\" href=\"https:\/\/www.ole.com.ar\/tema\/formula-1.html\" target=\"_blank\" title=\"formula-1\" rel=\"noopener\">F\u00f3rmula 1<\/a>.<\/p>\n<div class=\"sp__SM\">\n<div class=\"content-new \">\n<span class=\"tit-mobile\">Mir\u00e1 tambi\u00e9n<\/span><\/p>\n<div class=\"mg\">\n<div class=\"wrap-figure\">\n<picture>\n<a href=\"https:\/\/www.ole.com.ar\/autos\/gp-suzuka-f1-hora-tv-verstappen_0_5kOiMErqz9.html\" target=\"_self\" rel=\"noopener\"><br \/>\n<img class=\"img-responsive\" alt=\"GP de Suzuka: hora, TV y todo lo que ten\u00e9s que saber\" src=\"http:\/\/cordobadirecto.com\/wp-content\/uploads\/2022\/10\/verstappen-logra-la-pole-en-japon-y-acaricia-el-bicampeonato.jpg\" loading=\"lazy\"><br \/>\n<\/a>\n<\/picture>\n<\/div>\n<\/div><\/div>\n<\/div>\n<p>La del s\u00e1bado fue la quinta pole del piloto holand\u00e9s de Red Bull esta temporada. Esto no ha sido crucial en su desempe\u00f1o, ya que ha subido a lo m\u00e1s alto del podio en 11 carreras, la mayor\u00eda tras arrancar fuera del caj\u00f3n del primer puesto.<\/p>\n<div class=\"sp__Normal\">\n<div class=\"image-embeb image-trigger\" readability=\"6\">\n<picture><source media=\"(min-width: 720px)\" srcset=\"http:\/\/cordobadirecto.com\/wp-content\/uploads\/2022\/10\/verstappen-logra-la-pole-en-japon-y-acaricia-el-bicampeonato-1.jpg\"><img itemprop=\"image\" src=\"http:\/\/cordobadirecto.com\/wp-content\/uploads\/2022\/10\/verstappen-logra-la-pole-en-japon-y-acaricia-el-bicampeonato-1.jpg\" loading=\"lazy\" alt=\"Max Verstappen hizo el mejor tiempo y se qued\u00f3 con la pole.\">\n<\/picture><figcaption readability=\"2\">\n<p>Max Verstappen hizo el mejor tiempo y se qued\u00f3 con la pole.\n<\/p>\n<\/figcaption><\/div>\n<\/div>\n<p><mark><strong><a alt=\"verstappen\" class=\"slug\" href=\"https:\/\/www.ole.com.ar\/tema\/verstappen.html\" target=\"_blank\" title=\"verstappen\" rel=\"noopener\">Verstappen<\/a><\/strong> registr\u00f3 el mejor tiempo en la sesi\u00f3n de clasificaci\u00f3n del s\u00e1bado, con 1 minuto, 29.304 segundos.<\/mark> Por detr\u00e1s de \u00e9l saldr\u00e1n los Ferrari de <a alt=\"charles-leclerc\" class=\"slug\" href=\"https:\/\/www.ole.com.ar\/tema\/charles-leclerc.html\" target=\"_blank\" title=\"charles-leclerc\" rel=\"noopener\">Charles Leclerc<\/a> y <a alt=\"carlos-sainz\" class=\"slug\" href=\"https:\/\/www.ole.com.ar\/tema\/carlos-sainz.html\" target=\"_blank\" title=\"carlos-sainz\" rel=\"noopener\">Carlos Sainz<\/a>, respectivamente, y el monoplaza de su compa\u00f1ero de escuder\u00eda, el mexicano Sergio Checo&nbsp;P\u00e9rez.<\/p>\n<p><mark>El holand\u00e9s se alzar\u00e1 con el campeonato si cruza el primero la meta del circuito de Suzuka y obtiene un punto de bonificaci\u00f3n por vuelta r\u00e1pida. Tambi\u00e9n podr\u00eda coronarse con un resultado menor, en funci\u00f3n de lo que hagan sus rivales.<\/mark><\/p>\n<div class=\"sp__SM\">\n<div class=\"content-new \">\n<span class=\"tit-mobile\">Mir\u00e1 tambi\u00e9n<\/span><\/p>\n<div class=\"mg\">\n<div class=\"wrap-figure\">\n<picture>\n<a href=\"https:\/\/www.ole.com.ar\/autos\/verstappen-susuka-formula1-campeon-_0_VcHlIeXLlh.html\" target=\"_self\" rel=\"noopener\"><br \/>\n<img class=\"img-responsive\" alt=\"\u00bfQu\u00e9 necesita Verstappen para ser campe\u00f3n en Suzuka?\" src=\"http:\/\/cordobadirecto.com\/wp-content\/uploads\/2022\/10\/verstappen-logra-la-pole-en-japon-y-acaricia-el-bicampeonato-2.jpg\" loading=\"lazy\"><br \/>\n<\/a>\n<\/picture>\n<\/div>\n<\/div><\/div>\n<\/div>\n<p>&#8220;No pienso demasiado en eso&#8221;, dijo<strong> <a alt=\"verstappen\" class=\"slug\" href=\"https:\/\/www.ole.com.ar\/tema\/verstappen.html\" target=\"_blank\" title=\"verstappen\" rel=\"noopener\">Verstappen<\/a> <\/strong>acerca de la carrera del domingo. &#8220;Voy d\u00eda a d\u00eda. Creo que lo m\u00e1s importante es que tengamos un coche competitivo, y hoy claramente lo hemos tenido en la clasificaci\u00f3n. Y, por supuesto, ma\u00f1ana en la carrera va a ser lo mismo&#8221;.<\/p>\n<p>Un dato no menor es que, por las caracter\u00edsticas del circuito, adelantar en Suzuka es muy complicado, por lo que la clasificaci\u00f3n cobra especial importancia: <mark>seg\u00fan las estad\u00edsticas, el poleman gana el 90% de las carreras.<\/mark><\/p>\n<p>Aunque fracase en Jap\u00f3n, Verstappen podr\u00eda tener otra oportunidad en dos semanas en el Gran Premio de Estados Unidos en Austin, Texas.<\/p>\n<p>Tiene una enorme<strong> ventaja de 104 puntos sobre el segundo<\/strong> en la clasificaci\u00f3n, <a alt=\"charles-leclerc\" class=\"slug\" href=\"https:\/\/www.ole.com.ar\/tema\/charles-leclerc.html\" target=\"_blank\" title=\"charles-leclerc\" rel=\"noopener\">Leclerc<\/a>, a falta de cinco carreras, incluyendo la del domingo. La brecha aumenta a 106 con respecto a P\u00e9rez, el \u00fanico otro piloto con posibilidades de arrebatarle matem\u00e1ticamente el cetro.<\/p>\n<div class=\"sp__Normal\">\n<div class=\"image-embeb image-trigger\" readability=\"7\">\n<picture><source media=\"(min-width: 720px)\" srcset=\"http:\/\/cordobadirecto.com\/wp-content\/uploads\/2022\/10\/verstappen-logra-la-pole-en-japon-y-acaricia-el-bicampeonato-3.jpg\"><img itemprop=\"image\" src=\"http:\/\/cordobadirecto.com\/wp-content\/uploads\/2022\/10\/verstappen-logra-la-pole-en-japon-y-acaricia-el-bicampeonato-3.jpg\" loading=\"lazy\" alt=\"Verstappen junto a Leclerc y Sainz, de Ferrari, tras la clasificaci\u00f3n.\">\n<\/picture><figcaption readability=\"4\">\n<p>Verstappen junto a Leclerc y Sainz, de Ferrari, tras la clasificaci\u00f3n.\n<\/p>\n<\/figcaption><\/div>\n<\/div>\n<p><a alt=\"verstappen\" class=\"slug\" href=\"https:\/\/www.ole.com.ar\/tema\/verstappen.html\" target=\"_blank\" title=\"verstappen\" rel=\"noopener\">Verstappen<\/a> ha dominado la competencia durante toda la temporada y <mark>est\u00e1 a dos victorias de igualar el r\u00e9cord de Michael Schumacher y Sebastian Vettel,<\/mark> que ganaron 13 grandes premios en un a\u00f1o.<\/p>\n<p>La clasificaci\u00f3n del s\u00e1bado se disput\u00f3 sobre el asfalto seco, pero<strong> la previsi\u00f3n meteorol\u00f3gica contempla lluvias<\/strong> para el centro de Jap\u00f3n el domingo, como ocurri\u00f3 en las pr\u00e1cticas del viernes.<\/p>\n<div class=\"sp__SM\">\n<div class=\"content-new \">\n<span class=\"tit-mobile\">Mir\u00e1 tambi\u00e9n<\/span><\/p>\n<div class=\"mg\">\n<div class=\"wrap-figure\">\n<picture>\n<a href=\"https:\/\/www.ole.com.ar\/autos\/fabrizio-romano-formula-1-pierre-gasly_0_rxzX27CnFG.html\" target=\"_self\" rel=\"noopener\"><br \/>\n<img class=\"img-responsive\" alt=\"Fabrizio Romano cambi\u00f3 de deporte y anunci\u00f3 un fichaje de la \u00a1F\u00f3rmula 1!\" src=\"http:\/\/cordobadirecto.com\/wp-content\/uploads\/2022\/10\/verstappen-logra-la-pole-en-japon-y-acaricia-el-bicampeonato-4.jpg\" loading=\"lazy\"><br \/>\n<\/a>\n<\/picture>\n<\/div>\n<\/div><\/div>\n<\/div>\n<p>Los comisarios de carrera examinaron m\u00e1s tarde el incidente ocurrido en el tercer entreno libre entre el Red Bull de Verstappen y el McLaren de Lando Norris. El brit\u00e1nico tuvo que desviarse para no golpear a <a alt=\"max-verstappen\" class=\"slug\" href=\"https:\/\/www.ole.com.ar\/tema\/max-verstappen.html\" target=\"_blank\" title=\"max-verstappen\" rel=\"noopener\">Verstappen<\/a>, que recibi\u00f3 una reprimenda pero mantuvo la pole.<\/p>\n<div class=\"entry-tags\">\n<h2>TEMAS QUE APARECEN EN ESTA NOTA<\/h2>\n<\/p><\/div>\n","protected":false},"excerpt":{"rendered":"<p>Max Verstappen saldr\u00e1 desde la primera posici\u00f3n de la grilla de largada en el Gran Premio de Jap\u00f3n el domingo para tratar de conquistar su segundo t\u00edtulo consecutivo en la F\u00f3rmula 1. Mir\u00e1 tambi\u00e9n La del s\u00e1bado fue la quinta pole del piloto holand\u00e9s de Red Bull esta temporada. Esto no ha sido crucial en [&hellip;]<\/p>\n","protected":false},"author":1,"featured_media":81528,"comment_status":"closed","ping_status":"closed","sticky":false,"template":"","format":"standard","meta":[],"categories":[21],"tags":[],"_links":{"self":[{"href":"http:\/\/cordobadirecto.com\/index.php\/wp-json\/wp\/v2\/posts\/81527"}],"collection":[{"href":"http:\/\/cordobadirecto.com\/index.php\/wp-json\/wp\/v2\/posts"}],"about":[{"href":"http:\/\/cordobadirecto.com\/index.php\/wp-json\/wp\/v2\/types\/post"}],"author":[{"embeddable":true,"href":"http:\/\/cordobadirecto.com\/index.php\/wp-json\/wp\/v2\/users\/1"}],"replies":[{"embeddable":true,"href":"http:\/\/cordobadirecto.com\/index.php\/wp-json\/wp\/v2\/comments?post=81527"}],"version-history":[{"count":0,"href":"http:\/\/cordobadirecto.com\/index.php\/wp-json\/wp\/v2\/posts\/81527\/revisions"}],"wp:featuredmedia":[{"embeddable":true,"href":"http:\/\/cordobadirecto.com\/index.php\/wp-json\/wp\/v2\/media\/81528"}],"wp:attachment":[{"href":"http:\/\/cordobadirecto.com\/index.php\/wp-json\/wp\/v2\/media?parent=81527"}],"wp:term":[{"taxonomy":"category","embeddable":true,"href":"http:\/\/cordobadirecto.com\/index.php\/wp-json\/wp\/v2\/categories?post=81527"},{"taxonomy":"post_tag","embeddable":true,"href":"http:\/\/cordobadirecto.com\/index.php\/wp-json\/wp\/v2\/tags?post=81527"}],"curies":[{"name":"wp","href":"https:\/\/api.w.org\/{rel}","templated":true}]}}