{"id":81529,"date":"2022-10-07T20:54:16","date_gmt":"2022-10-07T20:54:16","guid":{"rendered":"https:\/\/www.ole.com.ar\/autos\/fabrizio-romano-formula-1-pierre-gasly_0_rxzX27CnFG.html"},"modified":"2022-10-07T20:54:16","modified_gmt":"2022-10-07T20:54:16","slug":"fabrizio-romano-cambio-de-deporte-y-anuncio-un-fichaje-de-la-formula-1","status":"publish","type":"post","link":"http:\/\/cordobadirecto.com\/index.php\/2022\/10\/07\/fabrizio-romano-cambio-de-deporte-y-anuncio-un-fichaje-de-la-formula-1\/","title":{"rendered":"Fabrizio Romano cambi\u00f3 de deporte y anunci\u00f3 un fichaje de la \u00a1F\u00f3rmula 1!"},"content":{"rendered":"<p>A pesar de encontrarse en Jap\u00f3n a horas de correr una de las \u00faltimas cinco fechas, la 17ma, el mercado de pases dentro de la <strong><a alt=\"formula-1\" class=\"slug\" href=\"https:\/\/www.ole.com.ar\/tema\/formula-1.html\" target=\"_blank\" title=\"formula-1\" rel=\"noopener\">F\u00f3rmula 1<\/a><\/strong> sigue activo. Sin embargo, esta vez eligieron un camino diferente para anunciar el cambio de equipo de un piloto:<strong> <a alt=\"fabrizio-romano\" class=\"slug\" href=\"https:\/\/www.ole.com.ar\/tema\/fabrizio-romano.html\" target=\"_blank\" title=\"fabrizio-romano\" rel=\"noopener\">Fabrizio Romano<\/a>, el especialista en fichajes, public\u00f3 en su cuenta de Twitter la llegada de <a alt=\"pierre-gasly\" class=\"slug\" href=\"https:\/\/www.ole.com.ar\/tema\/pierre-gasly.html\" target=\"_blank\" title=\"pierre-gasly\" rel=\"noopener\">Pierre Gasly<\/a> a Alpine <\/strong>para la pr\u00f3xima temporada.<\/p>\n<div class=\"sp__Normal htmlLibre\">\n<div class=\"embed-responsive-c\" readability=\"7.0863509749304\">\n<blockquote class=\"twitter-tweet\" readability=\"7.9721448467967\">\n<p lang=\"en\" dir=\"ltr\">Different kind of Here we go today! \ud83d\ude0f\ud83d\ude09 For some minutes I\u2019ll be into Formula 1. I understand Pierre Gasly will join BWT Alpine F1 Team from Alpha Tauri from the end of the season.<\/p>\n<p>Personal terms all signed and an official announcement is expected in the coming hours. \ud83d\udd1f <a href=\"https:\/\/t.co\/jPA6tKNnlZ\">pic.twitter.com\/jPA6tKNnlZ<\/a><\/p>\n<p>\u2014 Fabrizio Romano (@FabrizioRomano) <a href=\"https:\/\/twitter.com\/FabrizioRomano\/status\/1578399763199889409?ref_src=twsrc%5Etfw\">October 7, 2022<\/a><\/p><\/blockquote><\/div>\n<\/div>\n<p> &#8220;\u00a1Un diferente &#8216;Here we go&#8217; hoy! Por algunos minutos me meter\u00e9 en el mundo de la F\u00f3rmula 1. <strong>Entiendo que Pierre Gasly se unir\u00e1 a BWT Alpine F1 Team procedente de Alpha Tauri desde el final de esta temporada<\/strong>&#8220;, escribi\u00f3 el comunicador, que tiene unos 12.2 millones de seguidores en la red social del pajarito.<\/p>\n<div class=\"sp__Normal\">\n<div class=\"image-embeb image-trigger\" readability=\"6\">\n<picture><source media=\"(min-width: 720px)\" srcset=\"http:\/\/cordobadirecto.com\/wp-content\/uploads\/2022\/10\/fabrizio-romano-cambio-de-deporte-y-anuncio-un-fichaje-de-la-formula-1.jpg\"><img itemprop=\"image\" src=\"http:\/\/cordobadirecto.com\/wp-content\/uploads\/2022\/10\/fabrizio-romano-cambio-de-deporte-y-anuncio-un-fichaje-de-la-formula-1.jpg\" loading=\"lazy\" alt=\"Gasly pasar\u00e1 a Alpine. (AP)\">\n<\/picture><figcaption readability=\"2\">\n<p>Gasly pasar\u00e1 a Alpine. (AP)\n<\/p>\n<\/figcaption><\/div>\n<\/div>\n<div class=\"sp__SM\">\n<div class=\"content-new \">\n<span class=\"tit-mobile\">Mir\u00e1 tambi\u00e9n<\/span><\/p>\n<div class=\"mg\">\n<div class=\"wrap-figure\">\n<picture>\n<a href=\"https:\/\/www.ole.com.ar\/tenis\/novak-djokovic-astana-khachanov-medvedev_0_C7DEusl0LL.html\" target=\"_self\" rel=\"noopener\"><br \/>\n<img class=\"img-responsive\" alt=\"Djokovic: del sentido festejo a una racha infernal en el circuito\" src=\"http:\/\/cordobadirecto.com\/wp-content\/uploads\/2022\/10\/fabrizio-romano-cambio-de-deporte-y-anuncio-un-fichaje-de-la-formula-1-1.jpg\" loading=\"lazy\"><br \/>\n<\/a>\n<\/picture>\n<\/div>\n<\/div><\/div>\n<\/div>\n<p> Adem\u00e1s, agreg\u00f3: &#8220;Los t\u00e9rminos personales ya fueron firmados y <strong>el anuncio oficial est\u00e1 programado para ser comunicado en las pr\u00f3ximas horas<\/strong>&#8220;. Luego de este tuit, no tardaron en llegar las respuestas de diferentes equipos de la M\u00e1xima. De hecho, el primero en responder fue el propio Alpine que opt\u00f3 por poner \u00fanicamente un emoji con una carita pensativa. Mercedes tambi\u00e9n se sum\u00f3 a la movida con un &#8220;Here we go, go, go&#8230;&#8221; y Aston Martin eligi\u00f3 una foto de Sebastian Vettel y Lance Stroll juntos viendo un celular.<\/p>\n<div class=\"sp__SM\">\n<div class=\"content-new \">\n<span class=\"tit-mobile\">Mir\u00e1 tambi\u00e9n<\/span><\/p>\n<div class=\"mg\">\n<div class=\"wrap-figure\">\n<picture>\n<a href=\"https:\/\/www.ole.com.ar\/autos\/russell-rapido-entrenamiento-japon-f1_0_1rSeRZ6sAB.html\" target=\"_self\" rel=\"noopener\"><br \/>\n<img class=\"img-responsive\" alt=\"Russell, el m\u00e1s r\u00e1pido en la segunda tanda de entrenamientos en Jap\u00f3n\" src=\"http:\/\/cordobadirecto.com\/wp-content\/uploads\/2022\/10\/fabrizio-romano-cambio-de-deporte-y-anuncio-un-fichaje-de-la-formula-1-2.jpg\" loading=\"lazy\"><br \/>\n<\/a>\n<\/picture>\n<\/div>\n<\/div><\/div>\n<\/div>\n<p>Lo curioso es que Gasly, que pas\u00f3 en su momento por Red Bull tras un largo per\u00edodo en su academia, <strong>hab\u00eda firmado el 24 de junio pasado un nuevo contrato con Alpha Tauri<\/strong> para continuar ligado a esa escuder\u00eda durante la pr\u00f3xima temporada. Sin embargo, la salida de Fernando Alonso rumbo a Aston Martin y la negativa de Oscar Piastri, quien finalmente recal\u00f3 en McLaren luego de un litigio judicial, obligaron a Alpine a apostar por alguien que lleva varios a\u00f1os en la parrilla. Y los franceses decidieron apostar otra vez por un piloto franc\u00e9s, dado que Esteban Ocon seguir\u00e1 formando parte del equipo.<\/p>\n<div class=\"sp__Normal\">\n<div class=\"image-embeb image-trigger\" readability=\"6\">\n<picture><source media=\"(min-width: 720px)\" srcset=\"http:\/\/cordobadirecto.com\/wp-content\/uploads\/2022\/10\/fabrizio-romano-cambio-de-deporte-y-anuncio-un-fichaje-de-la-formula-1-3.jpg\"><img itemprop=\"image\" src=\"http:\/\/cordobadirecto.com\/wp-content\/uploads\/2022\/10\/fabrizio-romano-cambio-de-deporte-y-anuncio-un-fichaje-de-la-formula-1-3.jpg\" loading=\"lazy\" alt=\"de Vries ya debut\u00f3 este a\u00f1o en la M\u00e1xima. (AFP)\">\n<\/picture><figcaption readability=\"2\">\n<p>de Vries ya debut\u00f3 este a\u00f1o en la M\u00e1xima. (AFP)\n<\/p>\n<\/figcaption><\/div>\n<\/div>\n<h2><strong>\u00bfC\u00f3mo reaccionar\u00e1 Alpha Tauri?<\/strong><\/h2>\n<p> Dado que existe una buena relaci\u00f3n con Gasly por el tiempo juntos, Alpha Tauri no pondr\u00eda trabas para liberarlo rumbo a Alpine y, en ese caso, <strong>ir\u00eda con todo a buscar a Nyck de Vries<\/strong>. El neerland\u00e9s debut\u00f3 esta temporada en la F1 en el GP de Monza, donde finaliz\u00f3 noveno por la baja de Alex Albon, quien hab\u00eda sufrido una operaci\u00f3n de urgencia por apendicitis.<\/p>\n<div class=\"sp__SM\">\n<div class=\"content-new \">\n<span class=\"tit-mobile\">Mir\u00e1 tambi\u00e9n<\/span><\/p>\n<div class=\"mg\">\n<div class=\"wrap-figure\">\n<picture>\n<a href=\"https:\/\/www.ole.com.ar\/voley\/panteras-voley-mundial-italia_0_kO8VOuSAxc.html\" target=\"_self\" rel=\"noopener\"><br \/>\n<img class=\"img-responsive\" alt=\"Las Panteras lucharon, pero no pudieron contra Italia\" src=\"http:\/\/cordobadirecto.com\/wp-content\/uploads\/2022\/10\/fabrizio-romano-cambio-de-deporte-y-anuncio-un-fichaje-de-la-formula-1-4.jpg\" loading=\"lazy\"><br \/>\n<\/a>\n<\/picture>\n<\/div>\n<\/div><\/div>\n<\/div>\n<div class=\"entry-tags\">\n<h2>TEMAS QUE APARECEN EN ESTA NOTA<\/h2>\n<\/p><\/div>\n","protected":false},"excerpt":{"rendered":"<p>A pesar de encontrarse en Jap\u00f3n a horas de correr una de las \u00faltimas cinco fechas, la 17ma, el mercado de pases dentro de la F\u00f3rmula 1 sigue activo. Sin embargo, esta vez eligieron un camino diferente para anunciar el cambio de equipo de un piloto: Fabrizio Romano, el especialista en fichajes, public\u00f3 en su [&hellip;]<\/p>\n","protected":false},"author":1,"featured_media":81530,"comment_status":"closed","ping_status":"closed","sticky":false,"template":"","format":"standard","meta":[],"categories":[21],"tags":[],"_links":{"self":[{"href":"http:\/\/cordobadirecto.com\/index.php\/wp-json\/wp\/v2\/posts\/81529"}],"collection":[{"href":"http:\/\/cordobadirecto.com\/index.php\/wp-json\/wp\/v2\/posts"}],"about":[{"href":"http:\/\/cordobadirecto.com\/index.php\/wp-json\/wp\/v2\/types\/post"}],"author":[{"embeddable":true,"href":"http:\/\/cordobadirecto.com\/index.php\/wp-json\/wp\/v2\/users\/1"}],"replies":[{"embeddable":true,"href":"http:\/\/cordobadirecto.com\/index.php\/wp-json\/wp\/v2\/comments?post=81529"}],"version-history":[{"count":0,"href":"http:\/\/cordobadirecto.com\/index.php\/wp-json\/wp\/v2\/posts\/81529\/revisions"}],"wp:featuredmedia":[{"embeddable":true,"href":"http:\/\/cordobadirecto.com\/index.php\/wp-json\/wp\/v2\/media\/81530"}],"wp:attachment":[{"href":"http:\/\/cordobadirecto.com\/index.php\/wp-json\/wp\/v2\/media?parent=81529"}],"wp:term":[{"taxonomy":"category","embeddable":true,"href":"http:\/\/cordobadirecto.com\/index.php\/wp-json\/wp\/v2\/categories?post=81529"},{"taxonomy":"post_tag","embeddable":true,"href":"http:\/\/cordobadirecto.com\/index.php\/wp-json\/wp\/v2\/tags?post=81529"}],"curies":[{"name":"wp","href":"https:\/\/api.w.org\/{rel}","templated":true}]}}