{"id":81531,"date":"2022-10-08T15:34:12","date_gmt":"2022-10-08T15:34:12","guid":{"rendered":"https:\/\/www.ole.com.ar\/futbol-ascenso\/b-nacional\/leyendeker-patada-zeballos-agropecuario_0_PUjDTnWne9.html"},"modified":"2022-10-08T15:34:12","modified_gmt":"2022-10-08T15:34:12","slug":"leyendeker-cumplio-la-sancion-y-puede-volver-a-jugar","status":"publish","type":"post","link":"http:\/\/cordobadirecto.com\/index.php\/2022\/10\/08\/leyendeker-cumplio-la-sancion-y-puede-volver-a-jugar\/","title":{"rendered":"Leyendeker cumpli\u00f3 la sanci\u00f3n y puede volver a jugar"},"content":{"rendered":"<div><img src=\"http:\/\/cordobadirecto.com\/wp-content\/uploads\/2022\/10\/leyendeker-cumplio-la-sancion-y-puede-volver-a-jugar.jpg\" class=\"ff-og-image-inserted\"><\/div>\n<p>Despu\u00e9s de casi dos meses de espera, <strong><a alt=\"milton-leyendeker\" class=\"slug\" href=\"https:\/\/www.ole.com.ar\/tema\/milton-leyendeker.html\" target=\"_blank\" title=\"milton-leyendeker\" rel=\"noopener\">Milton Leyendeker<\/a><\/strong> est\u00e1 en condiciones de volver a las canchas.<strong> <a href=\"https:\/\/www.ole.com.ar\/boca-juniors\/leyendeker-zeballos-fractura-fechas_0_uLM65ZVkVL.html\" target=\"_blank\" rel=\"noopener\">Tras cumplir la sanci\u00f3n de ocho fechas que recibi\u00f3 por parte del Tribunal de Disciplina por fracturar a Exequiel Zeballos<\/a><\/strong>, el jugador de <strong><a alt=\"agropecuario\" class=\"slug\" href=\"https:\/\/www.ole.com.ar\/tema\/agropecuario.html\" target=\"_blank\" title=\"agropecuario\" rel=\"noopener\">Agropecuario<\/a><\/strong> cuenta con la habilitaci\u00f3n para reaparecer este s\u00e1bado, desde las 15, ante Deportivo Mor\u00f3n, partido correspondiente a la \u00faltima fecha de la Primera Nacional.<\/p>\n<p><strong>El 10 de agosto, durante el partido por Copa Argentina, el Changuito sufri\u00f3 una lesi\u00f3n por la que no podr\u00e1 volver a jugar en <a alt=\"boca-juniors\" class=\"slug\" href=\"https:\/\/www.ole.com.ar\/tema\/boca-juniors.html\" target=\"_blank\" title=\"boca-juniors\" rel=\"noopener\">Boca<\/a> hasta 2023.<\/strong> El diagn\u00f3stico oficial del departamento m\u00e9dico de Boca hab\u00eda sido <strong>&#8220;lesi\u00f3n de la sindesmosis tibioperonea distal con lesi\u00f3n del ligamento deltoideo y avulsi\u00f3n del mal\u00e9olo posterior del tobillo derecho&#8221;<\/strong>, por lo que fue intervenido quir\u00fargicamente.<\/p>\n<p>En tanto,<strong> Leyendeker el mismo d\u00eda se disculp\u00f3 con su rival y asegur\u00f3 que no hab\u00eda tenido mala intenci\u00f3n, sino que Zeballos punte\u00f3 la pelota cuando \u00e9l intent\u00f3 rechazar.<\/strong> Despu\u00e9s, transmiti\u00f3 su angustia y pidi\u00f3 que no le corten la carrera, cuando se supo que tendr\u00eda una sanci\u00f3n alta. A pesar de sus palabras<strong>, la AFA le impuso una de las sanciones m\u00e1s fuertes que se recuerden&nbsp;por acciones de juego contra rivales.<\/strong><\/p>\n<p>Tras no poder estar presente ante<strong> G\u00fcemes, Deportivo Riestra, Belgrano, Villa D\u00e1lmine, Almirante Brown, Gimnasia de Jujuy, Almirante Brown y Temperley<\/strong>, Leyendeker tendr\u00e1 la chance de reaparecer antes del receso debido a que Agropecuario<strong> no cuenta con posibilidades de clasificar al Reducido por el segundo ascenso a Primera.<\/strong><\/p>\n<h2><strong>As\u00ed trabaja Zeballos en la recuperaci\u00f3n\u200b<\/strong><br \/><\/h2>\n<h2><strong>El fallo, con disidencias<\/strong><\/h2>\n<p>La resoluci\u00f3n indic\u00f3&nbsp;que 1\u00b0) Se sanciona con ocho (8) fechas de suspensi\u00f3n al jugador del Club Atl\u00e9tico Agropecuario, Milton Ram\u00f3n LEYENDEKER (Arts. 199\u00ba, 35\u00ba y 36\u00ba del R.T.y P.).- 2\u00b0) Se extiende el \u00e1mbito de cumplimiento a toda competencia oficial organizada por la Asociaci\u00f3n del F\u00fatbol Argentino (Arts. 32\u00ba, 33\u00ba, 219\u00ba, 221\u00ba inc. a), 229\u00ba y 287\u00ba del R.T.y P.).<\/p>\n<p>Pero al mismo no se lleg\u00f3 por decisi\u00f3n un\u00e1nime. En el bolet\u00edn publicado por AFA, <strong>el Dr. Sergio Fern\u00e1ndez disiente con sus colegas del Tribunal en relaci\u00f3n a la magnitud de la sanci\u00f3n aplicada <\/strong>porque, a su entender, &#8220;la conducta consciente y voluntaria \u2013y a la vez brutal- en la acci\u00f3n que generara un da\u00f1o cierto y concreto&#8221;, por lo que considera apropiado &#8220;fijar una sanci\u00f3n de 16 fechas de suspensi\u00f3n, aplicable a la totalidad de los Torneos Oficiales&#8221;.<\/p>\n<p>En tanto que el Lic. Jorge Gallelli indic\u00f3&nbsp;que la sanci\u00f3n &#8220;debe ampliarse a nueve (9) fechas de suspensi\u00f3n, y ello as\u00ed por cuanto estimo que el jugador Milton Ram\u00f3n Leyendeker no deber\u00eda volver a jugar en ninguna competici\u00f3n oficial de AFA del a\u00f1o en curso&#8221;.<\/p>\n<div class=\"entry-tags\">\n<h2>TEMAS QUE APARECEN EN ESTA NOTA<\/h2>\n<\/p><\/div>\n","protected":false},"excerpt":{"rendered":"<p>Despu\u00e9s de casi dos meses de espera, Milton Leyendeker est\u00e1 en condiciones de volver a las canchas. Tras cumplir la sanci\u00f3n de ocho fechas que recibi\u00f3 por parte del Tribunal de Disciplina por fracturar a Exequiel Zeballos, el jugador de Agropecuario cuenta con la habilitaci\u00f3n para reaparecer este s\u00e1bado, desde las 15, ante Deportivo Mor\u00f3n, [&hellip;]<\/p>\n","protected":false},"author":1,"featured_media":81532,"comment_status":"closed","ping_status":"closed","sticky":false,"template":"","format":"standard","meta":[],"categories":[21],"tags":[],"_links":{"self":[{"href":"http:\/\/cordobadirecto.com\/index.php\/wp-json\/wp\/v2\/posts\/81531"}],"collection":[{"href":"http:\/\/cordobadirecto.com\/index.php\/wp-json\/wp\/v2\/posts"}],"about":[{"href":"http:\/\/cordobadirecto.com\/index.php\/wp-json\/wp\/v2\/types\/post"}],"author":[{"embeddable":true,"href":"http:\/\/cordobadirecto.com\/index.php\/wp-json\/wp\/v2\/users\/1"}],"replies":[{"embeddable":true,"href":"http:\/\/cordobadirecto.com\/index.php\/wp-json\/wp\/v2\/comments?post=81531"}],"version-history":[{"count":0,"href":"http:\/\/cordobadirecto.com\/index.php\/wp-json\/wp\/v2\/posts\/81531\/revisions"}],"wp:featuredmedia":[{"embeddable":true,"href":"http:\/\/cordobadirecto.com\/index.php\/wp-json\/wp\/v2\/media\/81532"}],"wp:attachment":[{"href":"http:\/\/cordobadirecto.com\/index.php\/wp-json\/wp\/v2\/media?parent=81531"}],"wp:term":[{"taxonomy":"category","embeddable":true,"href":"http:\/\/cordobadirecto.com\/index.php\/wp-json\/wp\/v2\/categories?post=81531"},{"taxonomy":"post_tag","embeddable":true,"href":"http:\/\/cordobadirecto.com\/index.php\/wp-json\/wp\/v2\/tags?post=81531"}],"curies":[{"name":"wp","href":"https:\/\/api.w.org\/{rel}","templated":true}]}}