{"id":81540,"date":"2022-10-08T23:31:00","date_gmt":"2022-10-08T23:31:00","guid":{"rendered":"http:\/\/cordobadirecto.com\/index.php\/2022\/10\/08\/miles-se-manifestaron-por-el-derecho-al-aborto-a-un-mes-de-elecciones-clave\/"},"modified":"2022-10-08T23:31:00","modified_gmt":"2022-10-08T23:31:00","slug":"miles-se-manifestaron-por-el-derecho-al-aborto-a-un-mes-de-elecciones-clave","status":"publish","type":"post","link":"http:\/\/cordobadirecto.com\/index.php\/2022\/10\/08\/miles-se-manifestaron-por-el-derecho-al-aborto-a-un-mes-de-elecciones-clave\/","title":{"rendered":"Miles se manifestaron por el derecho al aborto a un mes de elecciones clave"},"content":{"rendered":"<figure class=\"mb-3\"><img loading=\"lazy\" src=\"http:\/\/cordobadirecto.com\/wp-content\/uploads\/2022\/10\/miles-se-manifestaron-por-el-derecho-al-aborto-a-un-mes-de-elecciones-clave.jpg\" width=\"100%\" height=\"100%\" alt=\"Marcha en Washington Foto AFP\"><figcaption> Marcha en Washington \/ Foto AFP <\/figcaption><\/figure>\n<p>Miles de personas se manifestaron este s\u00e1bado en ciudades de todo Estados Unidos para protestar por la anulaci\u00f3n del derecho federal al aborto por parte de la Corte Suprema y para instar a los votantes a que elijan a los dem\u00f3cratas en las&nbsp;<a href=\"https:\/\/www.telam.com.ar\/notas\/202210\/607260-la-democracia-a-examen-en-eeuu-una-votacion-llena-de-candidatos-desconfiados-del-proceso-electoral.html\" target=\"_blank\" rel=\"noopener\">elecciones de mitad de mandato del pr\u00f3ximo 8 de noviembre<\/a>.<\/p>\n<p>En&nbsp;<strong>Washington<\/strong>, una multitud, en su mayor\u00eda mujeres, core\u00f3 &#8220;no volveremos atr\u00e1s&#8221; mientras marchaba con carteles pidiendo un &#8220;tsunami feminista&#8221; e instando a la gente a &#8220;votar para salvar los derechos de las mujeres&#8221;.<\/p>\n<p>&#8220;No quiero tener que volver a una \u00e9poca diferente&#8221;, dijo a la agencia AFP Emily Bobal, una estudiante de 18 a\u00f1os.<\/p>\n<p>&#8220;Es un poco rid\u00edculo que todav\u00eda tengamos que hacer esto en 2022&#8221;, manifest\u00f3, y a\u00f1adi\u00f3 que le preocupa que la Corte Suprema, dominada por los conservadores, pueda poner en la mira al matrimonio entre personas del mismo sexo.<\/p>\n<p>Varios manifestantes llevaban brazaletes o pa\u00f1uelos verdes, el s\u00edmbolo de la campa\u00f1a a favor de la legalizaci\u00f3n del aborto en Argentina que se extendi\u00f3 por todo el mundo.<\/p>\n<p>Otros vest\u00edan de azul -el color del Partido Dem\u00f3crata-, con enormes banderas y pancartas en las que ped\u00edan una &#8220;ola azul&#8221; de votantes que acudan a las urnas el 8 de noviembre.<\/p>\n<p>En ciudades como&nbsp;<strong>Nueva York y Denver&nbsp;<\/strong>hubo concentraciones similares.<\/p>\n<figure class=\"mb-3\"><img loading=\"lazy\" src=\"http:\/\/cordobadirecto.com\/wp-content\/uploads\/2022\/10\/miles-se-manifestaron-por-el-derecho-al-aborto-a-un-mes-de-elecciones-clave-1.jpg\" width=\"100%\" height=\"100%\" alt=\"Protesta en la ciudad de Nueva York Foto AFP\"><figcaption> Protesta en la ciudad de Nueva York \/ Foto AFP <\/figcaption><\/figure>\n<p>Las encuestas muestran que los dem\u00f3cratas tienen una leve posibilidad de mantener el control de la C\u00e1mara de Representantes, pero sus chances son mejores en el Senado, donde cada partido tiene 50 votos y la vicepresidenta Kamala Harris desempata.<\/p>\n<p>La campa\u00f1a de los republicanos para los comicios del pr\u00f3ximo mes se ha centrado principalmente en la inflaci\u00f3n, la preocupaci\u00f3n por la inmigraci\u00f3n y la delincuencia, mientras que los dem\u00f3cratas, liderados por el presidente <a href=\"https:\/\/www.telam.com.ar\/notas\/202208\/600578-biden-aborto-eeuu.html\" target=\"_blank\" rel=\"noopener\">Joe Biden<\/a>, se han focalizado en el debate sobre el derecho al aborto y la defensa de la democracia.<\/p>\n<p><a href=\"https:\/\/www.telam.com.ar\/notas\/202206\/596483-aborto-estados-unidos.html\" target=\"_blank\" rel=\"noopener\">A fines de junio, la Corte Suprema puso fin a d\u00e9cadas de protecci\u00f3n federal del derecho al aborto<\/a>, dejando en manos de cada estado la posibilidad de establecer sus propias normas.<\/p>\n<p>Desde entonces, varios estados liderados por republicanos han prohibido o restringido severamente el acceso al procedimiento<\/p>\n<p>De hecho, en las \u00faltimas horas la Justicia bloque\u00f3 leyes que restring\u00edan el derecho al aborto en Arizona y Ohio.<\/p>\n<p>El Tribunal federal de Apelaciones de Arizona decidi\u00f3 suspender este viernes la decisi\u00f3n de una corte de primera instancia que permit\u00eda la aplicaci\u00f3n de una prohibici\u00f3n casi total del aborto que databa del siglo XIX, por lo que regir\u00e1 la ley aprobada este a\u00f1o, que autoriza la interrupci\u00f3n voluntaria del embarazo (IVE) hasta las 15 semanas.<\/p>\n<p>A la vez, en Ohio, en el noreste del pa\u00eds, la Corte de Causas Comunes del Condado de Hamilton anunci\u00f3 ayer que conceder\u00e1 la solicitud de los proveedores y defensores del aborto de una orden judicial preliminar contra una ley que proh\u00edbe la IVE despu\u00e9s de aproximadamente seis semanas de embarazo.<\/p>\n<p>Como resultado de esta decisi\u00f3n, el aborto hasta las 22 semanas de embarazo seguir\u00e1 siendo legal en Ohio mientras contin\u00fae el litigio. <\/p>\n","protected":false},"excerpt":{"rendered":"<p>Marcha en Washington \/ Foto AFP Miles de personas se manifestaron este s\u00e1bado en ciudades de todo Estados Unidos para protestar por la anulaci\u00f3n del derecho federal al aborto por parte de la Corte Suprema y para instar a los votantes a que elijan a los dem\u00f3cratas en las&nbsp;elecciones de mitad de mandato del pr\u00f3ximo [&hellip;]<\/p>\n","protected":false},"author":1,"featured_media":81541,"comment_status":"closed","ping_status":"closed","sticky":false,"template":"","format":"standard","meta":[],"categories":[24],"tags":[],"_links":{"self":[{"href":"http:\/\/cordobadirecto.com\/index.php\/wp-json\/wp\/v2\/posts\/81540"}],"collection":[{"href":"http:\/\/cordobadirecto.com\/index.php\/wp-json\/wp\/v2\/posts"}],"about":[{"href":"http:\/\/cordobadirecto.com\/index.php\/wp-json\/wp\/v2\/types\/post"}],"author":[{"embeddable":true,"href":"http:\/\/cordobadirecto.com\/index.php\/wp-json\/wp\/v2\/users\/1"}],"replies":[{"embeddable":true,"href":"http:\/\/cordobadirecto.com\/index.php\/wp-json\/wp\/v2\/comments?post=81540"}],"version-history":[{"count":0,"href":"http:\/\/cordobadirecto.com\/index.php\/wp-json\/wp\/v2\/posts\/81540\/revisions"}],"wp:featuredmedia":[{"embeddable":true,"href":"http:\/\/cordobadirecto.com\/index.php\/wp-json\/wp\/v2\/media\/81541"}],"wp:attachment":[{"href":"http:\/\/cordobadirecto.com\/index.php\/wp-json\/wp\/v2\/media?parent=81540"}],"wp:term":[{"taxonomy":"category","embeddable":true,"href":"http:\/\/cordobadirecto.com\/index.php\/wp-json\/wp\/v2\/categories?post=81540"},{"taxonomy":"post_tag","embeddable":true,"href":"http:\/\/cordobadirecto.com\/index.php\/wp-json\/wp\/v2\/tags?post=81540"}],"curies":[{"name":"wp","href":"https:\/\/api.w.org\/{rel}","templated":true}]}}