{"id":81544,"date":"2022-10-08T00:54:48","date_gmt":"2022-10-08T00:54:48","guid":{"rendered":"https:\/\/www.cordoba.gob.ar\/?p=34350"},"modified":"2022-10-08T00:54:48","modified_gmt":"2022-10-08T00:54:48","slug":"la-plaza-jeronimo-del-barco-incorpora-un-espacio-para-mascotas","status":"publish","type":"post","link":"http:\/\/cordobadirecto.com\/index.php\/2022\/10\/08\/la-plaza-jeronimo-del-barco-incorpora-un-espacio-para-mascotas\/","title":{"rendered":"La Plaza Jer\u00f3nimo del Barco incorpora un espacio para mascotas"},"content":{"rendered":"<div><img src=\"http:\/\/cordobadirecto.com\/wp-content\/uploads\/2022\/10\/la-plaza-jeronimo-del-barco-incorpora-un-espacio-para-mascotas.jpg\" class=\"ff-og-image-inserted\"><\/div>\n<ul>\n<li><strong>&nbsp;Comenz\u00f3 la construcci\u00f3n de un canil para perros.<\/strong><\/li>\n<li><strong>&nbsp;Mientras tanto, los vecinos ya disfrutan de la plaza recuperada por la Municipalidad de C\u00f3rdoba.<\/strong><\/li>\n<\/ul>\n<hr>\n<p>En los pr\u00f3ximos d\u00edas la plaza Jer\u00f3nimo del Barco tendr\u00e1 un canil para perros, \u00e1rea espec\u00edfica para mascotas que desde hace tiempo era solicitada por los vecinos de Alto Alberdi y la zona.<\/p>\n<p>La Municipalidad de C\u00f3rdoba se encuentra colocando el piso drenante, base donde se montar\u00e1 la zona enrejada que contendr\u00e1 infraestructura para mascotas.<\/p>\n<p>El canil est\u00e1 dise\u00f1ado y equipado para perros bajo el control de sus due\u00f1os. Cuenta con bancos de hormig\u00f3n para el descanso de las personas mientras sus perros juegan con otros canes en los tubos de gateo.<\/p>\n<p>La plaza tiene una superficie de m\u00e1s de 10.000 m\u00b2 y est\u00e1 ubicada en avenida Col\u00f3n al 2.700. Es uno de los espacios p\u00fablicos m\u00e1s populares y familiares de la zona, con una gran concurrencia de personas todos los d\u00edas y a\u00fan m\u00e1s los fines de semana, cuando se instala la feria que integra los Paseos de la Econom\u00eda Social.<\/p>\n<p><strong>Los vecinos ya disfrutan de las nuevas instalaciones<\/strong><\/p>\n<p>La gesti\u00f3n del intendente Mart\u00edn Llaryora ya complet\u00f3 diversas etapas del plan de recuperaci\u00f3n de la plaza Jer\u00f3nimo del Barco, que se encontraba muy deteriorada por falta de inversiones en mantenimiento y mejoras.<\/p>\n<p>Todas las veredas internas fueron renovadas con losetas gran\u00edticas y se colocaron senderos podot\u00e1ctiles en el per\u00edmetro. En las esquinas se construyeron amplias rampas de acceso.<\/p>\n<p>Adem\u00e1s, ahora la plaza tiene un Patio de las Infancias con juegos de vanguardia y piso antigolpes, nuevas mesas, bancos de hormig\u00f3n, bicicleteros y bebederos.<\/p>\n<p>Cuenta con una estaci\u00f3n solar que brinda agua caliente por un pico y agua a temperatura ambiente por otra salida. El dispositivo adem\u00e1s tiene puertos de carga para dispositivos m\u00f3viles.<\/p>\n<p>Todo el paisaje verde se interviene mediante una extensa parquizaci\u00f3n con rejas bajas en canteros y distintas variedades de \u00e1rboles, arbustos, gram\u00edneas, herb\u00e1ceas, junto al nivelado con tierra negra y colocaci\u00f3n de champas de c\u00e9sped. Y para mantener la vegetaci\u00f3n se instala un sistema de riego automatizado por aspersi\u00f3n.<\/p>\n<p>Otras mejoras incluyen nueva iluminaci\u00f3n LED, la recuperaci\u00f3n y puesta en funcionamiento de la fuente.<\/p>\n<p>Las acciones forman parte del programa \u201cLa Plaza de tu Barrio\u201d, a cargo de la Secretar\u00eda de Ambiente y Sostenibilidad y ejecutada a trav\u00e9s de la Direcci\u00f3n de Espacios Verdes. S\u00f3lo en el a\u00f1o 2021 la inversi\u00f3n del Municipio fue de 1.100 millones de pesos y se proyectan otros 2.000 millones de pesos para el corriente a\u00f1o.<\/p>\n","protected":false},"excerpt":{"rendered":"<p>&nbsp;Comenz\u00f3 la construcci\u00f3n de un canil para perros. &nbsp;Mientras tanto, los vecinos ya disfrutan de la plaza recuperada por la Municipalidad de C\u00f3rdoba. En los pr\u00f3ximos d\u00edas la plaza Jer\u00f3nimo del Barco tendr\u00e1 un canil para perros, \u00e1rea espec\u00edfica para mascotas que desde hace tiempo era solicitada por los vecinos de Alto Alberdi y la [&hellip;]<\/p>\n","protected":false},"author":1,"featured_media":81545,"comment_status":"closed","ping_status":"closed","sticky":false,"template":"","format":"standard","meta":[],"categories":[44],"tags":[],"_links":{"self":[{"href":"http:\/\/cordobadirecto.com\/index.php\/wp-json\/wp\/v2\/posts\/81544"}],"collection":[{"href":"http:\/\/cordobadirecto.com\/index.php\/wp-json\/wp\/v2\/posts"}],"about":[{"href":"http:\/\/cordobadirecto.com\/index.php\/wp-json\/wp\/v2\/types\/post"}],"author":[{"embeddable":true,"href":"http:\/\/cordobadirecto.com\/index.php\/wp-json\/wp\/v2\/users\/1"}],"replies":[{"embeddable":true,"href":"http:\/\/cordobadirecto.com\/index.php\/wp-json\/wp\/v2\/comments?post=81544"}],"version-history":[{"count":0,"href":"http:\/\/cordobadirecto.com\/index.php\/wp-json\/wp\/v2\/posts\/81544\/revisions"}],"wp:featuredmedia":[{"embeddable":true,"href":"http:\/\/cordobadirecto.com\/index.php\/wp-json\/wp\/v2\/media\/81545"}],"wp:attachment":[{"href":"http:\/\/cordobadirecto.com\/index.php\/wp-json\/wp\/v2\/media?parent=81544"}],"wp:term":[{"taxonomy":"category","embeddable":true,"href":"http:\/\/cordobadirecto.com\/index.php\/wp-json\/wp\/v2\/categories?post=81544"},{"taxonomy":"post_tag","embeddable":true,"href":"http:\/\/cordobadirecto.com\/index.php\/wp-json\/wp\/v2\/tags?post=81544"}],"curies":[{"name":"wp","href":"https:\/\/api.w.org\/{rel}","templated":true}]}}