{"id":81546,"date":"2022-10-06T18:14:42","date_gmt":"2022-10-06T18:14:42","guid":{"rendered":"https:\/\/cordoba.gob.ar\/?p=34323"},"modified":"2022-10-06T18:14:42","modified_gmt":"2022-10-06T18:14:42","slug":"nueva-etapa-para-las-obras-de-plaza-espana-reparan-las-siete-fuentes-de-agua","status":"publish","type":"post","link":"http:\/\/cordobadirecto.com\/index.php\/2022\/10\/06\/nueva-etapa-para-las-obras-de-plaza-espana-reparan-las-siete-fuentes-de-agua\/","title":{"rendered":"Nueva etapa para las obras de Plaza Espa\u00f1a: reparan las siete fuentes de agua"},"content":{"rendered":"<div><img src=\"http:\/\/cordobadirecto.com\/wp-content\/uploads\/2022\/10\/nueva-etapa-para-las-obras-de-plaza-espana-reparan-las-siete-fuentes-de-agua.jpg\" class=\"ff-og-image-inserted\"><\/div>\n<ul>\n<li><strong>Los trabajos permitir\u00e1n recuperar el conjunto arquitect\u00f3nico que desde hace a\u00f1os estaba fuera de servicio.<\/strong><\/li>\n<li><strong>Adem\u00e1s, ya finalizaron las obras de impermeabilizaci\u00f3n de la cubierta.<\/strong><\/li>\n<li><strong>Es el marco del plan de remediaci\u00f3n puesto en marcha por la actual gesti\u00f3n municipal.<\/strong><\/li>\n<\/ul>\n<hr>\n<p>Como parte del plan de remediaci\u00f3n de la Plaza Espa\u00f1a, la Municipalidad de C\u00f3rdoba inici\u00f3 las obras de recuperaci\u00f3n de las siete fuentes que conforman el conjunto arquitect\u00f3nico existente en este espacio.<\/p>\n<p>Se trata de cuatro fuentes cuadradas (de entre 5 y 7 metros por lado) ubicadas en los extremos de la plaza y otras tres lineales, de 20 metros de largo y 3 de ancho, que bordean el sector central del predio.<\/p>\n<p>Entre otros trabajos, se realizaron obras de cambio y reparaci\u00f3n de bombas hidr\u00e1ulicas, construcci\u00f3n de z\u00f3calos de concreto, espejos de agua, tareas de impermeabilizaci\u00f3n, moldura y desag\u00fce.<\/p>\n<p>La intervenci\u00f3n se desarrolla en el marco del plan de remediaci\u00f3n puesto en marcha por la administraci\u00f3n del intendente Mart\u00edn Llaryora para solucionar los problemas derivados de las filtraciones y hundimientos en el edificio inaugurado en 2019 por la anterior gesti\u00f3n municipal.<\/p>\n<p>Nueva membrana de impermeabilizaci\u00f3n<\/p>\n<p>Ya qued\u00f3 colocada la membrana de impermeabilizaci\u00f3n de la cubierta, que impedir\u00e1 el ingreso de agua al subsuelo. Se trata de una membrana de alto impacto, colocada en cuatro pa\u00f1os (sur, norte, este y oeste) de entre 30 y 40 metros de largo por 8 a 10 de ancho.<\/p>\n<p>Estas tareas se concretaron luego del operativo de remoci\u00f3n de toda la cubierta vidriada.<\/p>\n","protected":false},"excerpt":{"rendered":"<p>Los trabajos permitir\u00e1n recuperar el conjunto arquitect\u00f3nico que desde hace a\u00f1os estaba fuera de servicio. Adem\u00e1s, ya finalizaron las obras de impermeabilizaci\u00f3n de la cubierta. Es el marco del plan de remediaci\u00f3n puesto en marcha por la actual gesti\u00f3n municipal. Como parte del plan de remediaci\u00f3n de la Plaza Espa\u00f1a, la Municipalidad de C\u00f3rdoba inici\u00f3 [&hellip;]<\/p>\n","protected":false},"author":1,"featured_media":81547,"comment_status":"closed","ping_status":"closed","sticky":false,"template":"","format":"standard","meta":[],"categories":[44],"tags":[],"_links":{"self":[{"href":"http:\/\/cordobadirecto.com\/index.php\/wp-json\/wp\/v2\/posts\/81546"}],"collection":[{"href":"http:\/\/cordobadirecto.com\/index.php\/wp-json\/wp\/v2\/posts"}],"about":[{"href":"http:\/\/cordobadirecto.com\/index.php\/wp-json\/wp\/v2\/types\/post"}],"author":[{"embeddable":true,"href":"http:\/\/cordobadirecto.com\/index.php\/wp-json\/wp\/v2\/users\/1"}],"replies":[{"embeddable":true,"href":"http:\/\/cordobadirecto.com\/index.php\/wp-json\/wp\/v2\/comments?post=81546"}],"version-history":[{"count":0,"href":"http:\/\/cordobadirecto.com\/index.php\/wp-json\/wp\/v2\/posts\/81546\/revisions"}],"wp:featuredmedia":[{"embeddable":true,"href":"http:\/\/cordobadirecto.com\/index.php\/wp-json\/wp\/v2\/media\/81547"}],"wp:attachment":[{"href":"http:\/\/cordobadirecto.com\/index.php\/wp-json\/wp\/v2\/media?parent=81546"}],"wp:term":[{"taxonomy":"category","embeddable":true,"href":"http:\/\/cordobadirecto.com\/index.php\/wp-json\/wp\/v2\/categories?post=81546"},{"taxonomy":"post_tag","embeddable":true,"href":"http:\/\/cordobadirecto.com\/index.php\/wp-json\/wp\/v2\/tags?post=81546"}],"curies":[{"name":"wp","href":"https:\/\/api.w.org\/{rel}","templated":true}]}}