{"id":81670,"date":"2022-10-06T17:32:14","date_gmt":"2022-10-06T17:32:14","guid":{"rendered":"https:\/\/cordoba.gob.ar\/?p=34315"},"modified":"2022-10-06T17:32:14","modified_gmt":"2022-10-06T17:32:14","slug":"cordoba-capital-promociono-su-oferta-turistica-ante-mas-de-100-mil-personas-en-la-fit-2022","status":"publish","type":"post","link":"http:\/\/cordobadirecto.com\/index.php\/2022\/10\/06\/cordoba-capital-promociono-su-oferta-turistica-ante-mas-de-100-mil-personas-en-la-fit-2022\/","title":{"rendered":"C\u00f3rdoba capital promocion\u00f3 su oferta tur\u00edstica ante m\u00e1s de 100 mil personas en la FIT 2022"},"content":{"rendered":"<div><img src=\"http:\/\/cordobadirecto.com\/wp-content\/uploads\/2022\/10\/cordoba-capital-promociono-su-oferta-turistica-ante-mas-de-100-mil-personas-en-la-fit-2022.jpg\" class=\"ff-og-image-inserted\"><\/div>\n<p>Durante cuatro jornadas, la ciudad particip\u00f3 de la edici\u00f3n 26 de la Feria Internacional de Turismo, el encuentro tur\u00edstico m\u00e1s importante de Am\u00e9rica Latina, junto a todas las provincias de Argentina y m\u00e1s de 40 pa\u00edses, la cual convoc\u00f3 a 81.243 visitantes, y m\u00e1s de 23.000 profesionales del turismo.<\/p>\n<p>En un stand que represent\u00f3 la identidad cordobesa, el municipio brind\u00f3 informaci\u00f3n sobre el destino con diferentes recursos interactivos que invitaron al p\u00fablico a descubrir y vivir experiencias que los vincularon con los atractivos de la ciudad. El foco de la intervenci\u00f3n estuvo puesto en el uso de nuevas tecnolog\u00edas y en la sustentabilidad. Adem\u00e1s, se mostraron y entregaron productos con bajo impacto ambiental y alto impacto social, realizados en la ciudad de C\u00f3rdoba por el COyS, con material reciclado, dentro del proceso de la Econom\u00eda Circular, uno de los ejes de la gesti\u00f3n municipal.<\/p>\n<p><strong>Menci\u00f3n especial como destino tur\u00edstico inteligente<\/strong><\/p>\n<p>Con la presencia del Intendente Mart\u00edn Llaryora, junto al Presidente de la Agencia C\u00f3rdoba Turismo, Esteban Avil\u00e9s, el Secretario de Gobierno y Gesti\u00f3n General Gabinete, Miguel Siciliano y el Director General de Promoci\u00f3n de la ciudad, la Capital de C\u00f3rdoba recibi\u00f3 un reconocimiento de la Red Argentina de Destinos Inteligentes, por haber sido elegida dentro del pa\u00eds y junto a otros 9 destinos internacionales, para participar del programa Turismo Futuro, impulsado por el BID.<\/p>\n<p>Cabe destacar que la ciudad forma parte de la Red de Destinos Inteligentes, junto a 110 municipios, y participa en este espacio de intercambio de experiencias y conocimientos creado por el Instituto Ciudades del Futuro, que tiene como finalidad impulsar la inteligencia tur\u00edstica municipal en la gesti\u00f3n de la informaci\u00f3n.<\/p>\n<p>En ese marco, el intendente brind\u00f3 detalles sobre c\u00f3mo la ciudad capital de la provincia da prioridad al trabajo para transformarse en un destino tur\u00edstico inteligente, que gestiona adecuada y coordinadamente la informaci\u00f3n, y define estrategias que mejoren su sostenibilidad, accesibilidad y resiliencia, impactando directamente sobre la calidad de vida de los ciudadanos y en la experiencia tur\u00edstica de sus visitantes.<\/p>\n<p><strong>Reuniones y acuerdos<\/strong><\/p>\n<p>Adem\u00e1s, las autoridades municipales y provinciales participaron del lanzamiento oficial del 3\u00b0 Congreso Argentino de Turismo M\u00e9dico Internacional 2022 que se realizar\u00e1 el mi\u00e9rcoles 26 del corriente mes en el Predio Ferial C\u00f3rdoba.<\/p>\n<p>Durante la feria, los funcionarios tuvieron una intensa agenda de reuniones con distintas ciudades, donde se concretaron acuerdos. Uno de ellos fue el acuerdo de Turismo Religioso con el Municipio de San Fernando del Valle de Catamarca, celebrado por ambos intendentes.<br \/>El mismo tiene por objeto reflejar el compromiso conjunto y rec\u00edproco de las partes para el fomento, desarrollo y promoci\u00f3n de la actividad tur\u00edstica de los destinos, en lo referente a Turismo Religioso.<\/p>\n<p>Tambi\u00e9n se estableci\u00f3 un Acuerdo de Turismo de Emisi\u00f3n rec\u00edproca con R\u00edo Cuarto que tendr\u00e1 incidencia en toda la zona sur de la provincia y en la capital cordobesa.<\/p>\n<p>Adem\u00e1s se celebraron alianzas claves con empresas de transporte, como Chevallier, Urquiza y Flecha Bus, y Sierras de C\u00f3rdoba.<\/p>\n<p><strong>Presentaci\u00f3n del nuevo sitio web oficial de turismo<\/strong><\/p>\n<p>En la \u00faltima jornada de la Feria Internacional de Turismo 2022, el municipio present\u00f3 la nueva plataforma de Turismo. Entre las novedades del sitio se destacan un cat\u00e1logo con un amplio universo de circuitos, experiencias y un detalle de los gu\u00edas profesionales de turismo, junto con sus propuestas de visitas guiadas. En <a href=\"https:\/\/turismo.cordoba.gob.ar\/\">https:\/\/turismo.cordoba.gob.ar\/<\/a> es posible encontrar toda la informaci\u00f3n para planificar la estad\u00eda en la ciudad.<\/p>\n","protected":false},"excerpt":{"rendered":"<p>Durante cuatro jornadas, la ciudad particip\u00f3 de la edici\u00f3n 26 de la Feria Internacional de Turismo, el encuentro tur\u00edstico m\u00e1s importante de Am\u00e9rica Latina, junto a todas las provincias de Argentina y m\u00e1s de 40 pa\u00edses, la cual convoc\u00f3 a 81.243 visitantes, y m\u00e1s de 23.000 profesionales del turismo. En un stand que represent\u00f3 la [&hellip;]<\/p>\n","protected":false},"author":1,"featured_media":81671,"comment_status":"closed","ping_status":"closed","sticky":false,"template":"","format":"standard","meta":[],"categories":[44],"tags":[],"_links":{"self":[{"href":"http:\/\/cordobadirecto.com\/index.php\/wp-json\/wp\/v2\/posts\/81670"}],"collection":[{"href":"http:\/\/cordobadirecto.com\/index.php\/wp-json\/wp\/v2\/posts"}],"about":[{"href":"http:\/\/cordobadirecto.com\/index.php\/wp-json\/wp\/v2\/types\/post"}],"author":[{"embeddable":true,"href":"http:\/\/cordobadirecto.com\/index.php\/wp-json\/wp\/v2\/users\/1"}],"replies":[{"embeddable":true,"href":"http:\/\/cordobadirecto.com\/index.php\/wp-json\/wp\/v2\/comments?post=81670"}],"version-history":[{"count":0,"href":"http:\/\/cordobadirecto.com\/index.php\/wp-json\/wp\/v2\/posts\/81670\/revisions"}],"wp:featuredmedia":[{"embeddable":true,"href":"http:\/\/cordobadirecto.com\/index.php\/wp-json\/wp\/v2\/media\/81671"}],"wp:attachment":[{"href":"http:\/\/cordobadirecto.com\/index.php\/wp-json\/wp\/v2\/media?parent=81670"}],"wp:term":[{"taxonomy":"category","embeddable":true,"href":"http:\/\/cordobadirecto.com\/index.php\/wp-json\/wp\/v2\/categories?post=81670"},{"taxonomy":"post_tag","embeddable":true,"href":"http:\/\/cordobadirecto.com\/index.php\/wp-json\/wp\/v2\/tags?post=81670"}],"curies":[{"name":"wp","href":"https:\/\/api.w.org\/{rel}","templated":true}]}}