{"id":8207,"date":"2021-06-13T14:08:00","date_gmt":"2021-06-13T14:08:00","guid":{"rendered":"https:\/\/lmdiario.com.ar\/contenido\/293190\/el-cine-cordobes-fue-premiado-en-el-festival-de-malaga"},"modified":"2021-06-13T14:08:00","modified_gmt":"2021-06-13T14:08:00","slug":"el-cine-cordobes-fue-premiado-en-el-festival-de-malaga","status":"publish","type":"post","link":"http:\/\/cordobadirecto.com\/index.php\/2021\/06\/13\/el-cine-cordobes-fue-premiado-en-el-festival-de-malaga\/","title":{"rendered":"El cine cordob\u00e9s fue premiado en el Festival de M\u00e1laga"},"content":{"rendered":"<div readability=\"33\"> <img alt=\"prensa-las-motitos-2\" class=\"img-responsive\" height=\"666\" loading=\"lazy\" sizes=\"auto\" src=\"http:\/\/cordobadirecto.com\/wp-content\/uploads\/2021\/06\/el-cine-cordobes-fue-premiado-en-el-festival-de-malaga.jpg\" srcset=\"http:\/\/cordobadirecto.com\/wp-content\/uploads\/2021\/06\/el-cine-cordobes-fue-premiado-en-el-festival-de-malaga.jpg 1000w, http:\/\/cordobadirecto.com\/wp-content\/uploads\/2021\/06\/el-cine-cordobes-fue-premiado-en-el-festival-de-malaga-1.jpg 400w\" width=\"1000\"> <\/p>\n<p> <span>Carla Gusolfino obtuvo tambi\u00e9n el premio a la mejor interpretaci\u00f3n femenina por el mismo film. <\/span> <span>Foto: gentileza<\/span> <\/p>\n<\/p><\/div>\n<div readability=\"70\">\n<p><strong>En la 24\u00aa edici\u00f3n del &#8220;Festival de M\u00e1laga Cine en Espa\u00f1ol&#8221; el film &#8220;Las motitos&#8221;, dirigido por In\u00e9s Mar\u00eda Barrionuevo y Gabriela Vidal, y producido por Gualicho Cine<\/strong> con apoyo del Polo Audiovisual del Gobierno de C\u00f3rdoba, se consagr\u00f3 con la <strong>Biznaga de Plata a la mejor pel\u00edcula iberoamericana.<\/strong><\/p>\n<p><strong>Carla Gusolfino obtuvo tambi\u00e9n el premio a la mejor interpretaci\u00f3n femenina por el mismo film.<\/strong> En el festival, adem\u00e1s, <strong>&#8220;Homenaje a la obra de Phillip Henry Gosse&#8221;, del cordob\u00e9s Pablo Mart\u00edn Weber, gan\u00f3 la Biznaga de Plata al mejor cortometraje documental.<\/strong><\/p>\n<p>&#8220;Las motitos&#8221; fue protagonizada por Gusolfino, junto a Ignacio Pedrone, Carolina Godoy, Miguel \u00c1ngel Simmons y Erika Cuello, entre otros. Cuenta la historia de Juliana y Lautaro, dos j\u00f3venes que viven en un barrio humilde sitiado por polic\u00edas. Ambos tienen que sortear una situaci\u00f3n muy dif\u00edcil, entre la ilegalidad y el desamparo.<\/p>\n<p>El gui\u00f3n es de Gabriela Vidal; Marcos Rostagno fue el director de fotograf\u00eda, la m\u00fasica es de Andr\u00e9s Toch, Atilio S\u00e1nchez fue director de sonido y Carolina Vergara, directora de arte. Mart\u00edn Paolorossi fue el productor del largometraje, que hab\u00eda recibido varios premios en la \u00faltima edici\u00f3n del Festival Internacional de Mar del Plata.<\/p>\n<p>De esta manera, la industria audiovisual cordobesa sigue dando pruebas de su calidad cosechando reconocimientos en todo el mundo.<\/p>\n<\/p><\/div>\n","protected":false},"excerpt":{"rendered":"<p>Carla Gusolfino obtuvo tambi\u00e9n el premio a la mejor interpretaci\u00f3n femenina por el mismo film. Foto: gentileza En la 24\u00aa edici\u00f3n del &#8220;Festival de M\u00e1laga Cine en Espa\u00f1ol&#8221; el film &#8220;Las motitos&#8221;, dirigido por In\u00e9s Mar\u00eda Barrionuevo y Gabriela Vidal, y producido por Gualicho Cine con apoyo del Polo Audiovisual del Gobierno de C\u00f3rdoba, se [&hellip;]<\/p>\n","protected":false},"author":1,"featured_media":8208,"comment_status":"closed","ping_status":"closed","sticky":false,"template":"","format":"standard","meta":[],"categories":[20],"tags":[],"_links":{"self":[{"href":"http:\/\/cordobadirecto.com\/index.php\/wp-json\/wp\/v2\/posts\/8207"}],"collection":[{"href":"http:\/\/cordobadirecto.com\/index.php\/wp-json\/wp\/v2\/posts"}],"about":[{"href":"http:\/\/cordobadirecto.com\/index.php\/wp-json\/wp\/v2\/types\/post"}],"author":[{"embeddable":true,"href":"http:\/\/cordobadirecto.com\/index.php\/wp-json\/wp\/v2\/users\/1"}],"replies":[{"embeddable":true,"href":"http:\/\/cordobadirecto.com\/index.php\/wp-json\/wp\/v2\/comments?post=8207"}],"version-history":[{"count":0,"href":"http:\/\/cordobadirecto.com\/index.php\/wp-json\/wp\/v2\/posts\/8207\/revisions"}],"wp:featuredmedia":[{"embeddable":true,"href":"http:\/\/cordobadirecto.com\/index.php\/wp-json\/wp\/v2\/media\/8208"}],"wp:attachment":[{"href":"http:\/\/cordobadirecto.com\/index.php\/wp-json\/wp\/v2\/media?parent=8207"}],"wp:term":[{"taxonomy":"category","embeddable":true,"href":"http:\/\/cordobadirecto.com\/index.php\/wp-json\/wp\/v2\/categories?post=8207"},{"taxonomy":"post_tag","embeddable":true,"href":"http:\/\/cordobadirecto.com\/index.php\/wp-json\/wp\/v2\/tags?post=8207"}],"curies":[{"name":"wp","href":"https:\/\/api.w.org\/{rel}","templated":true}]}}