{"id":8243,"date":"2021-06-14T20:59:10","date_gmt":"2021-06-14T20:59:10","guid":{"rendered":"https:\/\/cordoba.gob.ar\/?p=10227"},"modified":"2021-06-14T20:59:10","modified_gmt":"2021-06-14T20:59:10","slug":"se-conocieron-los-resultados-de-la-convocatoria-promotores-y-promotoras-culturales-comunitarias","status":"publish","type":"post","link":"http:\/\/cordobadirecto.com\/index.php\/2021\/06\/14\/se-conocieron-los-resultados-de-la-convocatoria-promotores-y-promotoras-culturales-comunitarias\/","title":{"rendered":"Se conocieron los resultados de la convocatoria Promotores y Promotoras Culturales Comunitarias"},"content":{"rendered":"<div><img src=\"http:\/\/cordobadirecto.com\/wp-content\/uploads\/2021\/06\/se-conocieron-los-resultados-de-la-convocatoria-promotores-y-promotoras-culturales-comunitarias.jpg\" class=\"ff-og-image-inserted\"><\/div>\n<ul>\n<li><strong>Destinado a la capacitaci\u00f3n de referentes culturales de los barrios de la Ciudad.<\/strong><\/li>\n<\/ul>\n<hr>\n<p>Dentro del Plan de Compromiso Cultural, la Subsecretar\u00eda de Cultura de la Municipalidad de C\u00f3rdoba da a conocer los resultados del Programa Promotores y Promotoras Culturales Comunitarias. El mismo, se concreta con una beca para un taller de formaci\u00f3n orientado a fortalecer el papel de quienes promueven la cultura en los barrios locales.<\/p>\n<p>Participaron del llamado referentes de m\u00e1s de 40 barrios y organizaciones de la ciudad de C\u00f3rdoba, entre centros culturales, bibliotecas, orquestas barriales, grupos de canto, de teatro, ferias, clubes, merenderos y centros vecinales. Se han recibido 114 postulaciones y se seleccionaron 60 personas, a trav\u00e9s de un jurado integrado por Franco Pellini, representante de la Facultad de Artes de la UNC; Paola Nicol\u00e1s, representante de la Facultad de Arte y Dise\u00f1o de la UPC; Jorge Tuschi, subdirector de Derechos Humanos de la Municipalidad de C\u00f3rdoba; y Lucrecia Gonz\u00e1lez Leahy, jefa de Programas de la Direcci\u00f3n de Cultura Viva de la Municipalidad de C\u00f3rdoba.<\/p>\n<p>Cabe destacar que los elegidos para la edici\u00f3n 2021 del mencionado programa, forman parte de organizaciones comunitarias y realizan actividades culturales, a quienes se les otorgar\u00e1 una beca por 10.000 mil pesos para participar del Taller \u201cFormaci\u00f3n de promotores y promotoras culturales\u201d. Dicha capacitaci\u00f3n tiene como objetivo incorporar recursos y herramientas que permitan abordar, analizar y proponer proyectos culturales comunitarios, con una perspectiva de g\u00e9nero y territorial.<\/p>\n<p>A continuaci\u00f3n, se detallan los beneficiados que formar\u00e1n parte del Programa Promotores y Promotoras Culturales Comunitarias:<\/p>\n<p>Mar\u00eda Adela Castillo, Eugenia Paola Gait\u00e1n, Viviana Beatriz Allend, Marcia Alejandra Burgue\u00f1o, Mar\u00eda Trinidad C\u00f3rdoba, Gabriela Lurdes N\u00fa\u00f1ez, Yamila Vanesa Gonz\u00e1lez, Fabrizio Santiago Segura, Milagros Coluccini, Silvina Anabel Santucho, Milagros Antonella Venier, Alan Ezequiel Garc\u00eda, Nerina \u00c1vila, Carla Milena Gospietro, Ver\u00f3nica Fabiana Ledesma, Gabriela Soledad G\u00f3mez, Ver\u00f3nica Romina Peralta, Rodrigo Ezequiel Peredo Sampellegrini, Eugenia Mar\u00eda In\u00e9s Carrizo, Valeria del Carmen Quipildor, Amuyen Anah\u00ed V\u00e1zquez, Jonathan Nattino, Oscar Antonio Ferreyra, Jonathan Braian Pati\u00f1o, Mar\u00eda Daniela Ocampo, Claudia Noem\u00ed Tello, Mariela Paula Carreras, David Emanuel Heredia, Norma Graciela Sosa, Andrea Beatriz Valenziano, Paola Soledad Ar\u00e9valo, Carmen del Valle Torres, Rosa Alicia Gonz\u00e1lez, Mar\u00eda Lina del Castillo, Xioxoix Antero Gonz\u00e1lez Navarro, Miriam Soledad da Massa, Juana Susana Corzo C\u00e1ceres, Flavia Ver\u00f3nica Pereira Paradiso, Carla Viviana Iturralde Tej\u00f3n, Guadalupe G\u00f3mez, Nao Yain Boj, Mirta Laura Tello, Lara Nicole Leyria, Mar\u00eda Soledad Pintos, Milagros Anah\u00ed Gonz\u00e1lez, Camila Desiree Contreras Prado, Julieta Veliz Rodr\u00edguez, Mar\u00eda Celeste Az\u00e1bal, Mar\u00eda Lourdes Ferreyra, Melania Corzo C\u00e1ceres, Eliana Vezzoso, Mar\u00eda Agustina Ruiz D\u00edaz, Mayra Graciela Soledad Saiz, Ana Victoria de las Mercedes Billone, Aldana Vanesa Sarracini, Nadia Rosal\u00eda C\u00f3rdoba, Blanca N\u00e9lida Barrera, Melani Antonella Carballo, Mar\u00eda Julieta Albornoz y Yanina Vanesa Foco.<\/p>\n<p>Las pr\u00f3ximas convocatorias, para los programas del PCC, son las siguientes:<\/p>\n<p>\u2013 Territorios. Programa de fortalecimiento a organizaciones de la cultura viva comunitaria: 21 de junio al 4 de julio.<br \/>\u2013 Apoyo a bibliotecas populares. \u201cLa Biblio te cuenta\u201d: 19 de julio al 1\u00ba de agosto.<br \/>\u2013 Proyectar la alegr\u00eda. Programa de formaci\u00f3n continua en Carnavales: 16 al 29 de agosto.<br \/>\u2013 Ritmos urbanos. Programa de fomento a expresiones de m\u00fasica y danza de la cultura urbana: 6 al 20 de septiembre.<br \/>\u2013 Fortalecimiento para Salas y Espacios de Artes Esc\u00e9nicas: fecha a definir.<\/p>\n<p>Sobre el Plan de Compromiso Cultural<\/p>\n<p>Organizado por la Municipalidad de C\u00f3rdoba, se desarrolla desde el a\u00f1o 2020 y resume un conjunto de acciones extraordinarias para contener y acompa\u00f1ar al sector cultural fuertemente afectado por la crisis socio-sanitaria. Se concreta con 11 programas de apoyo, y un aporte global de m\u00e1s de 17 millones de pesos.<\/p>\n<p>Este a\u00f1o el conjunto de medidas renueva los programas Cultura en movimiento, Arte hoy, Territorios, Escenas al encuentro, y Formaci\u00f3n de promotores y promotoras culturales comunitarias; al tiempo que se suman programas en apoyo y fomento a bibliotecas populares, agrupaciones art\u00edsticas carnavaleras, generaci\u00f3n y fortalecimiento de elencos barriales, promoci\u00f3n del arte y cultura urbana, formaci\u00f3n en carnavales, y apoyo a centros de promoci\u00f3n, producci\u00f3n y difusi\u00f3n cultural y salas.<\/p>\n","protected":false},"excerpt":{"rendered":"<p>Destinado a la capacitaci\u00f3n de referentes culturales de los barrios de la Ciudad. Dentro del Plan de Compromiso Cultural, la Subsecretar\u00eda de Cultura de la Municipalidad de C\u00f3rdoba da a conocer los resultados del Programa Promotores y Promotoras Culturales Comunitarias. El mismo, se concreta con una beca para un taller de formaci\u00f3n orientado a fortalecer [&hellip;]<\/p>\n","protected":false},"author":1,"featured_media":8244,"comment_status":"closed","ping_status":"closed","sticky":false,"template":"","format":"standard","meta":[],"categories":[44],"tags":[],"_links":{"self":[{"href":"http:\/\/cordobadirecto.com\/index.php\/wp-json\/wp\/v2\/posts\/8243"}],"collection":[{"href":"http:\/\/cordobadirecto.com\/index.php\/wp-json\/wp\/v2\/posts"}],"about":[{"href":"http:\/\/cordobadirecto.com\/index.php\/wp-json\/wp\/v2\/types\/post"}],"author":[{"embeddable":true,"href":"http:\/\/cordobadirecto.com\/index.php\/wp-json\/wp\/v2\/users\/1"}],"replies":[{"embeddable":true,"href":"http:\/\/cordobadirecto.com\/index.php\/wp-json\/wp\/v2\/comments?post=8243"}],"version-history":[{"count":0,"href":"http:\/\/cordobadirecto.com\/index.php\/wp-json\/wp\/v2\/posts\/8243\/revisions"}],"wp:featuredmedia":[{"embeddable":true,"href":"http:\/\/cordobadirecto.com\/index.php\/wp-json\/wp\/v2\/media\/8244"}],"wp:attachment":[{"href":"http:\/\/cordobadirecto.com\/index.php\/wp-json\/wp\/v2\/media?parent=8243"}],"wp:term":[{"taxonomy":"category","embeddable":true,"href":"http:\/\/cordobadirecto.com\/index.php\/wp-json\/wp\/v2\/categories?post=8243"},{"taxonomy":"post_tag","embeddable":true,"href":"http:\/\/cordobadirecto.com\/index.php\/wp-json\/wp\/v2\/tags?post=8243"}],"curies":[{"name":"wp","href":"https:\/\/api.w.org\/{rel}","templated":true}]}}