{"id":8250,"date":"2021-06-14T20:35:58","date_gmt":"2021-06-14T20:35:58","guid":{"rendered":"https:\/\/es.digitaltrends.com\/?p=826138"},"modified":"2021-06-14T20:35:58","modified_gmt":"2021-06-14T20:35:58","slug":"amazon-prime-presenta-segunda-temporada-de-el-presidente","status":"publish","type":"post","link":"http:\/\/cordobadirecto.com\/index.php\/2021\/06\/14\/amazon-prime-presenta-segunda-temporada-de-el-presidente\/","title":{"rendered":"Amazon Prime presenta segunda temporada de El Presidente"},"content":{"rendered":"<p>Amazon Prime Video comparti\u00f3 nuevos detalles sobre la segunda temporada de <a href=\"https:\/\/es.digitaltrends.com\/guias\/mejores-celulares-xiaomi-version-1623688568\/\"><em>El Presidente<\/em><\/a>, serie que se produce en Uruguay.<\/p>\n<p>B\u00e1sicamente, el servicio de <em>streaming<\/em> revel\u00f3 el reparto de<em> Jogo da Corrup\u00e7\u00e3o<\/em>, la siguiente entrega de su serie original.<\/p>\n<p>As\u00ed, al frente del elenco se encuentra el actor portugu\u00e9s Albano Jer\u00f3nimo junto a los actores brasile\u00f1os Eduardo Moscovis y Maria Fernanda C\u00e2ndido, a quienes se integra el actor colombiano Andr\u00e9s Parra.<\/p>\n<p>En tanto, para completar el elenco internacional est\u00e1 la actriz brit\u00e1nica Anna Brewster, los brasile\u00f1os Carol Abras, Nelson Freitas, Polliana Aleixo, Isadora Ferrite, Leonardo Cidade, Leandro Firmino, Dem\u00e9trio Nascimento Alves, el actor argentino Fabio Aste y el franc\u00e9s Philippe Jacq, entre otros.<\/p>\n<figure class=\"aligncenter\"><img src=\"http:\/\/cordobadirecto.com\/wp-content\/uploads\/2021\/06\/amazon-prime-presenta-segunda-temporada-de-el-presidente.gif\" data-dt-lazy-src=\"https:\/\/icdn.dtcn.com\/image\/digitaltrends_es\/foto_0000000120210614113707-720x720.jpg\" onerror=\"dti_load_error(this)\" class=\" size-large wp-image-826136 dt-lazy-load dt-lazy-pending\" alt=\"El Presidente\"><\/figure>\n<p>La nueva temporada tendr\u00e1 ocho cap\u00edtulos de una hora de duraci\u00f3n y trasladar\u00e1 la historia de <em>El Presidente<\/em> a Brasil y Europa; de esta manera se contar\u00e1 el origen y trascendencia de la FIFA, y c\u00f3mo el organismo internacional termin\u00f3 por convertirse en una potencia pol\u00edtica y comercial.<\/p>\n<p>Seg\u00fan la compa\u00f1\u00eda, al centro de la historia estar\u00e1 el expresidente de la FIFA, el brasile\u00f1o Jo\u00e3o Havelange, junto con una amplia variedad de figuras y jugadores reconocidos del mundo del futbol.<\/p>\n<p>\u201cEstamos emocionados de volver a trabajar con Armando B\u00f3, Gaumont, Kapow y F\u00e1bula para llevar la historia de <em>El Presidente<\/em> a Brasil y m\u00e1s all\u00e1. Este extremadamente talentoso elenco multinacional le dar\u00e1 un nuevo sabor a esta temporada y deleitar\u00e1 al p\u00fablico alrededor del mundo\u201d, se\u00f1al\u00f3 Malu Miranda, quien encabeza el equipo de Contenido Original en Brasil para Amazon Studios.<\/p>\n<h4 class=\"h-editors-recs-title\"> Recomendaciones del editor\t<\/h4>\n<p> <span id=\"publisher-md\" itemprop=\"publisher\" itemscope itemtype=\"https:\/\/schema.org\/Organization\"> <span itemprop=\"url\" itemtype=\"https:\/\/schema.org\/Url\" content=\"https:\/\/es.digitaltrends.com\"> <span itemprop=\"logo\" itemscope itemtype=\"https:\/\/schema.org\/ImageObject\"> <meta itemprop=\"url\" content=\"https:\/\/cdn.dtcn.com\/dt\/dt-logo-small.png\"> <meta itemprop=\"width\" content=\"0\"> <meta itemprop=\"height\" content=\"0\"> <\/span> <meta itemprop=\"name\" content=\"Digital Trends Espa\u00f1ol\"> <\/span> <span itemprop=\"image\" itemscope itemtype=\"https:\/\/schema.org\/ImageObject\"> <meta itemprop=\"url\" content=\"https:\/\/icdn.dtcn.com\/image\/digitaltrends_es\/foto_0000000120210614113707.jpg\"> <\/span> <\/span><\/p>\n","protected":false},"excerpt":{"rendered":"<p>Amazon Prime Video comparti\u00f3 nuevos detalles sobre la segunda temporada de El Presidente, serie que se produce en Uruguay. B\u00e1sicamente, el servicio de streaming revel\u00f3 el reparto de Jogo da Corrup\u00e7\u00e3o, la siguiente entrega de su serie original. As\u00ed, al frente del elenco se encuentra el actor portugu\u00e9s Albano Jer\u00f3nimo junto a los actores brasile\u00f1os [&hellip;]<\/p>\n","protected":false},"author":1,"featured_media":8251,"comment_status":"closed","ping_status":"closed","sticky":false,"template":"","format":"standard","meta":[],"categories":[21,18],"tags":[],"_links":{"self":[{"href":"http:\/\/cordobadirecto.com\/index.php\/wp-json\/wp\/v2\/posts\/8250"}],"collection":[{"href":"http:\/\/cordobadirecto.com\/index.php\/wp-json\/wp\/v2\/posts"}],"about":[{"href":"http:\/\/cordobadirecto.com\/index.php\/wp-json\/wp\/v2\/types\/post"}],"author":[{"embeddable":true,"href":"http:\/\/cordobadirecto.com\/index.php\/wp-json\/wp\/v2\/users\/1"}],"replies":[{"embeddable":true,"href":"http:\/\/cordobadirecto.com\/index.php\/wp-json\/wp\/v2\/comments?post=8250"}],"version-history":[{"count":0,"href":"http:\/\/cordobadirecto.com\/index.php\/wp-json\/wp\/v2\/posts\/8250\/revisions"}],"wp:featuredmedia":[{"embeddable":true,"href":"http:\/\/cordobadirecto.com\/index.php\/wp-json\/wp\/v2\/media\/8251"}],"wp:attachment":[{"href":"http:\/\/cordobadirecto.com\/index.php\/wp-json\/wp\/v2\/media?parent=8250"}],"wp:term":[{"taxonomy":"category","embeddable":true,"href":"http:\/\/cordobadirecto.com\/index.php\/wp-json\/wp\/v2\/categories?post=8250"},{"taxonomy":"post_tag","embeddable":true,"href":"http:\/\/cordobadirecto.com\/index.php\/wp-json\/wp\/v2\/tags?post=8250"}],"curies":[{"name":"wp","href":"https:\/\/api.w.org\/{rel}","templated":true}]}}