{"id":8256,"date":"2021-06-15T08:52:55","date_gmt":"2021-06-15T08:52:55","guid":{"rendered":"https:\/\/puntoapunto.com.ar\/?p=279466"},"modified":"2021-06-15T08:52:55","modified_gmt":"2021-06-15T08:52:55","slug":"hoteles-y-restaurantes-con-baja-productiva-del-63-en-los-ultimos-tres-anos","status":"publish","type":"post","link":"http:\/\/cordobadirecto.com\/index.php\/2021\/06\/15\/hoteles-y-restaurantes-con-baja-productiva-del-63-en-los-ultimos-tres-anos\/","title":{"rendered":"Hoteles y restaurantes, con baja productiva del 63% en los \u00faltimos tres a\u00f1os"},"content":{"rendered":"<p><!-- image --><\/p>\n<div class=\"td-post-featured-image\"><a href=\"http:\/\/cordobadirecto.com\/wp-content\/uploads\/2021\/06\/hoteles-y-restaurantes-con-baja-productiva-del-63-en-los-ultimos-tres-anos-4.jpg\" data-caption><img loading=\"lazy\" width=\"696\" height=\"464\" class=\"entry-thumb td-modal-image\" src=\"http:\/\/cordobadirecto.com\/wp-content\/uploads\/2021\/06\/hoteles-y-restaurantes-con-baja-productiva-del-63-en-los-ultimos-tres-anos.jpg\" srcset=\"http:\/\/cordobadirecto.com\/wp-content\/uploads\/2021\/06\/hoteles-y-restaurantes-con-baja-productiva-del-63-en-los-ultimos-tres-anos.jpg 696w, http:\/\/cordobadirecto.com\/wp-content\/uploads\/2021\/06\/hoteles-y-restaurantes-con-baja-productiva-del-63-en-los-ultimos-tres-anos-1.jpg 300w, http:\/\/cordobadirecto.com\/wp-content\/uploads\/2021\/06\/hoteles-y-restaurantes-con-baja-productiva-del-63-en-los-ultimos-tres-anos-2.jpg 150w, http:\/\/cordobadirecto.com\/wp-content\/uploads\/2021\/06\/hoteles-y-restaurantes-con-baja-productiva-del-63-en-los-ultimos-tres-anos-3.jpg 630w, http:\/\/cordobadirecto.com\/wp-content\/uploads\/2021\/06\/hoteles-y-restaurantes-con-baja-productiva-del-63-en-los-ultimos-tres-anos-4.jpg 750w\" sizes=\"(max-width: 696px) 100vw, 696px\" alt title=\"Hoteles covid\"><\/a><\/div>\n<p> <!-- content --><\/p>\n<div class=\"td-a-rec td-a-rec-id-content_top tdi_73_21a td_block_template_10\">\n<div class=\"g g-34\">\n<div class=\"g-single a-299\"><a class=\"gofollow\" data-track=\"Mjk5LDM0LDEsNjA=\" href=\"http:\/\/www.grupocanter.com.ar\/landing\/pap\/?utm_source=Punto%20a%20Punto&amp;utm_medium=Banner&amp;utm_campaign=Departamentos&amp;utm_term=Banner%20Pie%20de%20Nota\"><img src=\"http:\/\/cordobadirecto.com\/wp-content\/uploads\/2021\/06\/hoteles-y-restaurantes-con-baja-productiva-del-63-en-los-ultimos-tres-anos.gif\"><\/a><\/div>\n<\/div>\n<\/div>\n<p>Un nuevo informe del <a href=\"https:\/\/puntoapunto.com.ar\/tag\/instituto\/\" class=\"st_tag internal_tag\" rel=\"tag\" title=\"Posts tagged with Instituto\">Instituto<\/a> Argentino de An\u00e1lisis Fiscal (<a href=\"https:\/\/www.iaraf.org\/\">IARAF<\/a>) da cuenta que<strong> la actividad econ\u00f3mica \u201cse est\u00e1 recuperando\u201d del impacto de la <a href=\"https:\/\/puntoapunto.com.ar\/tag\/pandemia\/\" class=\"st_tag internal_tag\" rel=\"tag\" title=\"Posts tagged with Pandemia\">pandemia<\/a><\/strong>, pero en apenas tres a\u00f1os el <a href=\"https:\/\/puntoapunto.com.ar\/tag\/pais\/\" class=\"st_tag internal_tag\" rel=\"tag\" title=\"Posts tagged with pa\u00eds\">pa\u00eds<\/a> perdi\u00f3 tres meses de producci\u00f3n a ra\u00edz del contexto recesivo.<\/p>\n<p>De <a href=\"https:\/\/puntoapunto.com.ar\/tag\/acuerdo\/\" class=\"st_tag internal_tag\" rel=\"tag\" title=\"Posts tagged with Acuerdo\">acuerdo<\/a> con los datos del <a href=\"https:\/\/drive.google.com\/file\/d\/1WB5E_Qjy841SQpTmXFB0qeQOFtiAShCU\/view\">trabajo de IARAF<\/a>, hace varios a\u00f1os que la Argentina atraviesa un contexto recesivo y, para cuantificar la magnitud de la ca\u00edda, debe tomarse un per\u00edodo de referencia. En efecto, el Instituto tom\u00f3 como referencia a la <strong>producci\u00f3n realizada en los 12 meses transcurridos entre abril de 201<a href=\"https:\/\/puntoapunto.com.ar\/tag\/7\/\" class=\"st_tag internal_tag\" rel=\"tag\" title=\"Posts tagged with 7\">7<\/a> y marzo de 2018<a href=\"https:\/\/puntoapunto.com.ar\/tag\/107548\/\" class=\"st_tag internal_tag\" rel=\"tag\" title=\"Posts tagged with .\">.<\/a><\/strong><\/p>\n<p>En ese sentido, puntualiz\u00f3 que<strong> la producci\u00f3n estuvo 5%, 7% y 14% debajo<\/strong> del a\u00f1o de referencia en cada uno de los \u00faltimos tres per\u00edodos, respectivamente. Si se acumula esta menor producci\u00f3n de cada per\u00edodo, se obtiene que equivale al 26% de la producci\u00f3n del a\u00f1o base: expresado en meses, esta cifra equivale a 3,1 meses de producci\u00f3n del a\u00f1o base.<\/p>\n<p>El mismo ejercicio se puede hacer para los distintos sectores que componen el Estimador mensual de actividad econ\u00f3mica (EMAE), es decir, cuantificar la producci\u00f3n acumulada perdida en los \u00faltimos 36 meses, en relaci\u00f3n a la producci\u00f3n realizada en el per\u00edodo base (abril 2017-marzo 2018).<\/p>\n<p>El IARAF detall\u00f3 que la actividad de mayor p\u00e9rdida ha sido la del sector de<strong> Restaurantes y hoteles, con una merma acumulada de producci\u00f3n del 63% en los \u00faltimos 36 meses<\/strong>.<\/p>\n<p>Le siguieron <strong>Comercio con un 39%, Industria con un 37%<\/strong>, Construcci\u00f3n con un 36%, Transporte y comunicaciones con un 31%, Intermediaci\u00f3n financiera con un 17% y Actividad agropecuaria con un 16%.<\/p>\n<p>A su vez, al hacer un<strong> ranking de actividades<\/strong> ordenado desde menor producci\u00f3n perdida a mayor producci\u00f3n perdida, expresada en meses de producci\u00f3n del a\u00f1o base, se obtuvieron los siguientes resultados:<\/p>\n<ul>\n<li><strong>Actividad agropecuaria<\/strong>: producci\u00f3n perdida equivalente a 1,9 meses de producci\u00f3n del per\u00edodo base.<\/li>\n<li><strong>Intermediaci\u00f3n Financiera:<\/strong>&nbsp;Producci\u00f3n perdida equivalente a 2,1 meses de producci\u00f3n.<\/li>\n<li><strong>Transporte y comunicaciones<\/strong>: producci\u00f3n perdida equivalente a 3,8 meses.<\/li>\n<li><strong>Construcci\u00f3n<\/strong>: producci\u00f3n perdida equivalente a 4,3 meses.<\/li>\n<li><strong>Industria manufacturera<\/strong>: producci\u00f3n perdida equivalente a 4,4 meses.<\/li>\n<li><strong>Comercio<\/strong>: producci\u00f3n perdida equivalente a 4,6 meses.<\/li>\n<li><strong>Hoteles y Restaurantes<\/strong>: producci\u00f3n perdida equivalente a 7,6 meses.<\/li>\n<\/ul>\n<p> <!-- A generated by theme --> <!-- end A --> <\/p>\n","protected":false},"excerpt":{"rendered":"<p>Un nuevo informe del Instituto Argentino de An\u00e1lisis Fiscal (IARAF) da cuenta que la actividad econ\u00f3mica \u201cse est\u00e1 recuperando\u201d del impacto de la pandemia, pero en apenas tres a\u00f1os el pa\u00eds perdi\u00f3 tres meses de producci\u00f3n a ra\u00edz del contexto recesivo. De acuerdo con los datos del trabajo de IARAF, hace varios a\u00f1os que la [&hellip;]<\/p>\n","protected":false},"author":1,"featured_media":8257,"comment_status":"closed","ping_status":"closed","sticky":false,"template":"","format":"standard","meta":[],"categories":[25],"tags":[],"_links":{"self":[{"href":"http:\/\/cordobadirecto.com\/index.php\/wp-json\/wp\/v2\/posts\/8256"}],"collection":[{"href":"http:\/\/cordobadirecto.com\/index.php\/wp-json\/wp\/v2\/posts"}],"about":[{"href":"http:\/\/cordobadirecto.com\/index.php\/wp-json\/wp\/v2\/types\/post"}],"author":[{"embeddable":true,"href":"http:\/\/cordobadirecto.com\/index.php\/wp-json\/wp\/v2\/users\/1"}],"replies":[{"embeddable":true,"href":"http:\/\/cordobadirecto.com\/index.php\/wp-json\/wp\/v2\/comments?post=8256"}],"version-history":[{"count":0,"href":"http:\/\/cordobadirecto.com\/index.php\/wp-json\/wp\/v2\/posts\/8256\/revisions"}],"wp:featuredmedia":[{"embeddable":true,"href":"http:\/\/cordobadirecto.com\/index.php\/wp-json\/wp\/v2\/media\/8257"}],"wp:attachment":[{"href":"http:\/\/cordobadirecto.com\/index.php\/wp-json\/wp\/v2\/media?parent=8256"}],"wp:term":[{"taxonomy":"category","embeddable":true,"href":"http:\/\/cordobadirecto.com\/index.php\/wp-json\/wp\/v2\/categories?post=8256"},{"taxonomy":"post_tag","embeddable":true,"href":"http:\/\/cordobadirecto.com\/index.php\/wp-json\/wp\/v2\/tags?post=8256"}],"curies":[{"name":"wp","href":"https:\/\/api.w.org\/{rel}","templated":true}]}}