{"id":8266,"date":"2021-06-15T10:34:39","date_gmt":"2021-06-15T10:34:39","guid":{"rendered":"http:\/\/www.bbc.com\/mundo\/noticias-america-latina-56662866"},"modified":"2021-06-15T10:34:39","modified_gmt":"2021-06-15T10:34:39","slug":"mi-mama-fue-forzada-a-aceptar-que-yo-seria-arrebatada-de-sus-brazos-el-drama-de-los-ninos-robados-en-chile-en-la-epoca-de-pinochet","status":"publish","type":"post","link":"http:\/\/cordobadirecto.com\/index.php\/2021\/06\/15\/mi-mama-fue-forzada-a-aceptar-que-yo-seria-arrebatada-de-sus-brazos-el-drama-de-los-ninos-robados-en-chile-en-la-epoca-de-pinochet\/","title":{"rendered":"&#8220;Mi mam\u00e1 fue forzada a aceptar que yo ser\u00eda arrebatada de sus brazos&#8221;: el drama de los ni\u00f1os robados en Chile en la \u00e9poca de Pinochet"},"content":{"rendered":"<div dir=\"ltr\" class=\"e1j2237y5 bbc-q4ibpr e57qer20\">\n<div class=\"bbc-1atl7vu e1c9i7u14\">\n<ul role=\"list\" class=\"bbc-cdrraw e1c9i7u12\">\n<li role=\"listitem\" class=\"bbc-1a3w4ok e1c9i7u11\">Norberto Paredes @norbertparedes<\/li>\n<li role=\"listitem\" class=\"bbc-1p92jtu e1c9i7u10\">BBC News Mundo<\/li>\n<\/ul>\n<\/div>\n<\/div>\n<p><time datetime=\"2021-06-15\" class=\"bbc-14xtggo e4zesg50\">4 horas<\/time><\/p>\n<div dir=\"ltr\" class=\"bbc-1ka88fa e57qer20\">\n<figure class=\"bbc-1qdcvv9 e6bmn90\">\n<div dir=\"ltr\" class=\"bbc-172p16q e57qer20\">\n<div dir=\"ltr\" class=\"bbc-189y18v e57qer20\" readability=\"6.5\">\n<div data-e2e=\"image-placeholder\" class=\"bbc-hi4yd9 e1whu0\" readability=\"8\"><img srcset=\"http:\/\/cordobadirecto.com\/wp-content\/uploads\/2021\/06\/mi-mama-fue-forzada-a-aceptar-que-yo-seria-arrebatada-de-sus-brazos-el-drama-de-los-ninos-robados-en-chile-en-la-epoca-de-pinochet-15.jpg 240w, http:\/\/cordobadirecto.com\/wp-content\/uploads\/2021\/06\/mi-mama-fue-forzada-a-aceptar-que-yo-seria-arrebatada-de-sus-brazos-el-drama-de-los-ninos-robados-en-chile-en-la-epoca-de-pinochet-16.jpg 320w, http:\/\/cordobadirecto.com\/wp-content\/uploads\/2021\/06\/mi-mama-fue-forzada-a-aceptar-que-yo-seria-arrebatada-de-sus-brazos-el-drama-de-los-ninos-robados-en-chile-en-la-epoca-de-pinochet-17.jpg 480w, http:\/\/cordobadirecto.com\/wp-content\/uploads\/2021\/06\/mi-mama-fue-forzada-a-aceptar-que-yo-seria-arrebatada-de-sus-brazos-el-drama-de-los-ninos-robados-en-chile-en-la-epoca-de-pinochet-18.jpg 624w, http:\/\/cordobadirecto.com\/wp-content\/uploads\/2021\/06\/mi-mama-fue-forzada-a-aceptar-que-yo-seria-arrebatada-de-sus-brazos-el-drama-de-los-ninos-robados-en-chile-en-la-epoca-de-pinochet-19.jpg 800w\" alt=\"Maria y Daniel en Suecia.\" src=\"http:\/\/cordobadirecto.com\/wp-content\/uploads\/2021\/06\/mi-mama-fue-forzada-a-aceptar-que-yo-seria-arrebatada-de-sus-brazos-el-drama-de-los-ninos-robados-en-chile-en-la-epoca-de-pinochet.jpg\" width=\"976\" class=\"bbc-fat2bc e1enwo3v0\"><\/p>\n<p role=\"text\" class=\"bbc-1s1cxbv etq3yw90\"><span class=\"bbc-1gnhmg2 e1yt7oin0\">Fuente de la imagen, <\/span><span lang=\"en-GB\">Maria Diemar<\/span><\/p>\n<\/div>\n<\/div>\n<div dir=\"ltr\" class=\"bbc-3edg7g e57qer20\" readability=\"7.5\"><figcaption dir=\"ltr\" class=\"bbc-1t9zlwf eede9f50\" readability=\"5\"><span class=\"bbc-1gnhmg2 e1yt7oin0\">Pie de foto, <\/span><\/p>\n<p>Daniel cuenta que durante su infancia lo llamaban &#8220;Daniel, el marr\u00f3n&#8221;, porque hab\u00eda otro Daniel en la escuela.<\/p>\n<\/figcaption><\/div>\n<\/div>\n<\/figure>\n<\/div>\n<div dir=\"ltr\" class=\"bbc-19j92fr e57qer20\" readability=\"10\">\n<p dir=\"ltr\" class=\"bbc-bm53ic e1cc2ql70\"><b>Mar\u00eda Diemar (su apellido de casada) aterriz\u00f3 en Suecia desde Chile en 1975, apenas 10 semanas despu\u00e9s de nacer. Dos a\u00f1os despu\u00e9s lleg\u00f3 un ni\u00f1o de cinco semanas de vida que se convertir\u00eda en su hermano. &nbsp;<\/b><\/p>\n<\/div>\n<div dir=\"ltr\" class=\"bbc-19j92fr e57qer20\" readability=\"7\">\n<p dir=\"ltr\" class=\"bbc-bm53ic e1cc2ql70\">Sus padres siempre les dijeron que eran adoptados. Era una realidad imposible de ocultar.<\/p>\n<\/div>\n<div dir=\"ltr\" class=\"bbc-19j92fr e57qer20\" readability=\"9\">\n<p dir=\"ltr\" class=\"bbc-bm53ic e1cc2ql70\">&#8220;Era demasiado obvio. Mi madre y mi padre son rubios. \u00c9l tiene ojos azules. Luc\u00edamos tan diferentes y siempre me dijeron que ten\u00eda una mam\u00e1 en Chile&#8221;, relata en entrevista con BBC Mundo. <\/p>\n<\/div>\n<div dir=\"ltr\" class=\"bbc-19j92fr e57qer20\" readability=\"13\">\n<p dir=\"ltr\" class=\"bbc-bm53ic e1cc2ql70\">Mar\u00eda, que ahora tiene 46 a\u00f1os, recuerda que en<b> la Suecia poco diversa de los a\u00f1os 70<\/b>, tanto ella como su hermano, ambos de piel morena, destacaban en una escuela llena de ni\u00f1os blancos y rubios. <\/p>\n<\/div>\n<div dir=\"ltr\" class=\"bbc-19j92fr e57qer20\" readability=\"10\">\n<p dir=\"ltr\" class=\"bbc-bm53ic e1cc2ql70\">Pese a ello, asegura que tuvo una infancia feliz. En ese entonces no sab\u00eda de las irregularidades que se dieron durante su adopci\u00f3n. Tambi\u00e9n ignoraba que su mam\u00e1 nunca quiso abandonarla y que en realidad tanto ella como su hermano fueron <b>robados al nacer<\/b>.<\/p>\n<\/div>\n<div dir=\"ltr\" class=\"bbc-19j92fr e57qer20\" readability=\"9\">\n<p dir=\"ltr\" class=\"bbc-bm53ic e1cc2ql70\">&#8220;Para m\u00ed la escuela en Suecia no fue tan dif\u00edcil, quiz\u00e1 porque era ni\u00f1a y la gente era m\u00e1s amable conmigo. Pero para mi hermano fue mucho m\u00e1s duro&#8221;. <\/p>\n<\/div>\n<div dir=\"ltr\" class=\"bbc-19j92fr e57qer20\" readability=\"9\">\n<p dir=\"ltr\" class=\"bbc-bm53ic e1cc2ql70\">Daniel cuenta que se enfrent\u00f3 a <b>comentarios, burlas y apodos<\/b> por su color de piel y por ser adoptado. <\/p>\n<\/div>\n<div dir=\"ltr\" class=\"bbc-19j92fr e57qer20\" readability=\"11\">\n<p dir=\"ltr\" class=\"bbc-bm53ic e1cc2ql70\">&#8220;Me llamaban &#8216;Daniel, el marr\u00f3n&#8217;, para marcar la diferencia con otro Daniel en la escuela&#8221;, le dice a BBC Mundo. <\/p>\n<\/div>\n<div dir=\"ltr\" class=\"bbc-19j92fr e57qer20\" readability=\"10\">\n<p dir=\"ltr\" class=\"bbc-bm53ic e1cc2ql70\">&#8220;Fui muy infeliz y siempre me sent\u00ed como un intruso en la primaria. No s\u00f3lo los ni\u00f1os me hac\u00edan bullying, sino tambi\u00e9n los adultos. Creo que mucho de eso fue <b>producto del racismo<\/b> que nos rodeaba. Fuimos por mucho tiempo los \u00fanicos ni\u00f1os de color en la escuela&#8221;. <\/p>\n<\/div>\n<div dir=\"ltr\" class=\"ek1plzs1 bbc-9m7iam e57qer20\">\n<figure class=\"bbc-1qdcvv9 e6bmn90\">\n<div dir=\"ltr\" class=\"bbc-vx18wi e57qer20\">\n<div dir=\"ltr\" class=\"bbc-rprdln e57qer20\" readability=\"6.5\">\n<div data-e2e=\"image-placeholder\" class=\"bbc-1ve91qc e1whu0\" readability=\"8\"><noscript><img srcset=\"http:\/\/cordobadirecto.com\/wp-content\/uploads\/2021\/06\/mi-mama-fue-forzada-a-aceptar-que-yo-seria-arrebatada-de-sus-brazos-el-drama-de-los-ninos-robados-en-chile-en-la-epoca-de-pinochet-20.jpg 240w, http:\/\/cordobadirecto.com\/wp-content\/uploads\/2021\/06\/mi-mama-fue-forzada-a-aceptar-que-yo-seria-arrebatada-de-sus-brazos-el-drama-de-los-ninos-robados-en-chile-en-la-epoca-de-pinochet-21.jpg 320w, http:\/\/cordobadirecto.com\/wp-content\/uploads\/2021\/06\/mi-mama-fue-forzada-a-aceptar-que-yo-seria-arrebatada-de-sus-brazos-el-drama-de-los-ninos-robados-en-chile-en-la-epoca-de-pinochet-22.jpg 412w\" alt=\"Mar\u00eda durante su primer d\u00eda en Suecia.\" src=\"http:\/\/cordobadirecto.com\/wp-content\/uploads\/2021\/06\/mi-mama-fue-forzada-a-aceptar-que-yo-seria-arrebatada-de-sus-brazos-el-drama-de-los-ninos-robados-en-chile-en-la-epoca-de-pinochet-1.jpg\" width=\"412\" class=\"bbc-fat2bc e1enwo3v0\"><\/noscript><\/p>\n<p role=\"text\" class=\"bbc-1s1cxbv etq3yw90\"><span class=\"bbc-1gnhmg2 e1yt7oin0\">Fuente de la imagen, <\/span><span lang=\"en-GB\">Mar\u00eda Diemar.<\/span><\/p>\n<\/div>\n<\/div>\n<div dir=\"ltr\" class=\"bbc-3edg7g e57qer20\" readability=\"6\"><figcaption dir=\"ltr\" class=\"bbc-1t9zlwf eede9f50\" readability=\"2\"><span class=\"bbc-1gnhmg2 e1yt7oin0\">Pie de foto, <\/span><\/p>\n<p>Mar\u00eda durante su primer d\u00eda en Suecia.<\/p>\n<\/figcaption><\/div>\n<\/div>\n<\/figure>\n<\/div>\n<p><h2 id=\"Adopci\u00f3n-en-Chile\" tabindex=\"-1\" class=\"bbc-l3e97o e14hemmw0\">&#8220;Adopci\u00f3n&#8221; en Chile<\/h2>\n<\/p>\n<div dir=\"ltr\" class=\"bbc-19j92fr e57qer20\" readability=\"8\">\n<p dir=\"ltr\" class=\"bbc-bm53ic e1cc2ql70\">La madre adoptiva de Mar\u00eda trabajaba como asistente social en una escuela primaria. Su marido es ingeniero. <\/p>\n<\/div>\n<div dir=\"ltr\" class=\"bbc-19j92fr e57qer20\" readability=\"9\">\n<p dir=\"ltr\" class=\"bbc-bm53ic e1cc2ql70\">No pod\u00edan tener hijos propios, as\u00ed que <b>decidieron darles &#8220;una mejor vida&#8221;<\/b> a dos ni\u00f1os sin padres y de pa\u00edses pobres. <\/p>\n<\/div>\n<div dir=\"ltr\" class=\"bbc-19j92fr e57qer20\">\n<div id=\"include-1\" class=\"bbc-1npwuzj e1vg4u840\">\n<div data-idt-uuid=\"a26d7da6-5ae6-4577-a6c3-5d73a69d6f03\">\n<div data-graphicuuid=\"a26d7da6-5ae6-4577-a6c3-5d73a69d6f03\" class=\"PicContainer-iky41v-0 dkfFzK\" readability=\"7\">\n<div data-graphicpic=\"true\" class=\"Img__PicImage-s1jp862x-1 dtAYqF\"><img src=\"http:\/\/cordobadirecto.com\/wp-content\/uploads\/2021\/06\/mi-mama-fue-forzada-a-aceptar-que-yo-seria-arrebatada-de-sus-brazos-el-drama-de-los-ninos-robados-en-chile-en-la-epoca-de-pinochet-2.jpg\" alt=\"Mar\u00eda Diemar.\" class=\"Img__Image-s1jp862x-0 grpxjj\"><\/p>\n<p>Getty<\/p>\n<\/div>\n<blockquote dir=\"ltr\" class=\"PicQuote-s138d390-0 eZwimE\" readability=\"7\"><p><svg width=\"30\" height=\"25\" aria-label=\"Quote\" class=\"Quote__SVG-s1rj7ts5-0 jBAUmy\"><g fill=\"#C9A975\" fill-rule=\"evenodd\" transform=\"rotate(0 15 12)\"><path d=\"M0 15.614c0-4.538 1.106-8.074 3.319-10.61C5.53 2.47 8.697.801 12.817 0v4.626c-3.143.89-5.234 2.55-6.271 4.983-.58 1.304-.809 2.535-.687 3.692H13V25H0v-9.386zM17 15.614c0-4.538 1.106-8.074 3.319-10.61C22.53 2.47 25.697.801 29.817 0v4.626c-3.143.89-5.234 2.55-6.271 4.983-.58 1.304-.809 2.535-.687 3.692H30V25H17v-9.386z\" \/><\/g><\/svg><\/p>\n<p>Fue duro asimilar que ten\u00eda un hermano que se hab\u00eda criado con mi mam\u00e1, mientras que yo hab\u00eda sido enviada a Suecia. No lo entend\u00eda&#8221;.<\/p>\n<p><svg width=\"43\" height=\"3\" viewBox=\"0 0 43 3\" class=\"RuleBreak__SVG-lfivii-0 lazDte\"><path d=\"M1.5 1.5h40\" stroke=\"#C9A975\" stroke-width=\"3\" fill=\"none\" fill-rule=\"evenodd\" stroke-linecap=\"square\" \/><\/svg><\/p><\/blockquote>\n<\/div>\n<\/div>\n<\/div>\n<\/div>\n<div dir=\"ltr\" class=\"bbc-19j92fr e57qer20\" readability=\"13\">\n<p dir=\"ltr\" class=\"bbc-bm53ic e1cc2ql70\">Gracias al trabajo del se\u00f1or Ohlsson, la pareja hab\u00eda estado en Argentina, Brasil, Uruguay, Paraguay, y en aquella \u00e9poca ten\u00edan colegas de Chile.<\/p>\n<\/div>\n<div dir=\"ltr\" class=\"bbc-19j92fr e57qer20\" readability=\"10\">\n<p dir=\"ltr\" class=\"bbc-bm53ic e1cc2ql70\">Sab\u00edan que quer\u00edan ni\u00f1os de la regi\u00f3n y, en aquella \u00e9poca, Chile y Colombia eran los pa\u00edses m\u00e1s comunes para adoptar. <\/p>\n<\/div>\n<div dir=\"ltr\" class=\"bbc-19j92fr e57qer20\" readability=\"12\">\n<p dir=\"ltr\" class=\"bbc-bm53ic e1cc2ql70\">Como muchos otros suecos de la \u00e9poca, se pusieron en contacto con una agencia auspiciada por el gobierno local y juiciosamente recopilaron los papeles correspondientes, que luego fueron enviados a Chile en 1974, cuando Mar\u00eda ni siquiera hab\u00eda sido engendrada. <\/p>\n<\/div>\n<div dir=\"ltr\" class=\"bbc-1ka88fa e57qer20\">\n<figure class=\"bbc-1qdcvv9 e6bmn90\">\n<div dir=\"ltr\" class=\"bbc-172p16q e57qer20\">\n<div dir=\"ltr\" class=\"bbc-189y18v e57qer20\">\n<div data-e2e=\"image-placeholder\" class=\"bbc-367mqz e1whu0\"><noscript><img srcset=\"http:\/\/cordobadirecto.com\/wp-content\/uploads\/2021\/06\/mi-mama-fue-forzada-a-aceptar-que-yo-seria-arrebatada-de-sus-brazos-el-drama-de-los-ninos-robados-en-chile-en-la-epoca-de-pinochet-23.jpg 240w, http:\/\/cordobadirecto.com\/wp-content\/uploads\/2021\/06\/mi-mama-fue-forzada-a-aceptar-que-yo-seria-arrebatada-de-sus-brazos-el-drama-de-los-ninos-robados-en-chile-en-la-epoca-de-pinochet-24.jpg 320w, http:\/\/cordobadirecto.com\/wp-content\/uploads\/2021\/06\/mi-mama-fue-forzada-a-aceptar-que-yo-seria-arrebatada-de-sus-brazos-el-drama-de-los-ninos-robados-en-chile-en-la-epoca-de-pinochet-25.jpg 464w\" alt=\"linea\" src=\"http:\/\/cordobadirecto.com\/wp-content\/uploads\/2021\/06\/mi-mama-fue-forzada-a-aceptar-que-yo-seria-arrebatada-de-sus-brazos-el-drama-de-los-ninos-robados-en-chile-en-la-epoca-de-pinochet-3.jpg\" width=\"464\" class=\"bbc-fat2bc e1enwo3v0\"><\/noscript><\/div>\n<\/div>\n<\/div>\n<\/figure>\n<\/div>\n<p><h2 id=\"Robo-de-beb\u00e9s\" tabindex=\"-1\" class=\"bbc-l3e97o e14hemmw0\">Robo de beb\u00e9s<\/h2>\n<\/p>\n<div dir=\"ltr\" class=\"bbc-19j92fr e57qer20\" readability=\"12\">\n<p dir=\"ltr\" class=\"bbc-bm53ic e1cc2ql70\">En 1973, dos a\u00f1os antes del nacimiento de Mar\u00eda, un golpe de Estado hab\u00eda derrocado al gobierno democr\u00e1tico de Salvador Allende, y <b>Augusto Pinochet <\/b>estableci\u00f3 un r\u00e9gimen militar que se prolong\u00f3 hasta 1990 y que cometi\u00f3 graves violaciones a los derechos humanos. <\/p>\n<\/div>\n<div dir=\"ltr\" class=\"bbc-19j92fr e57qer20\" readability=\"12\">\n<p dir=\"ltr\" class=\"bbc-bm53ic e1cc2ql70\">&#8220;La violencia comenz\u00f3 con la represi\u00f3n y desaparici\u00f3n de la izquierda y de los opositores, y luego fue adquiriendo distintas formas&#8221;, le explica a BBC Mundo Danny Mons\u00e1lvez, profesor de Historia e investigador de la Universidad de Concepci\u00f3n. <\/p>\n<\/div>\n<div dir=\"ltr\" class=\"bbc-19j92fr e57qer20\" readability=\"8\">\n<p dir=\"ltr\" class=\"bbc-bm53ic e1cc2ql70\">El historiador experto en el r\u00e9gimen de Pinochet afirma que el robo de beb\u00e9s fue &#8220;parte de una pol\u00edtica&#8221;. <\/p>\n<\/div>\n<div dir=\"ltr\" class=\"bbc-19j92fr e57qer20\" readability=\"9\">\n<p dir=\"ltr\" class=\"bbc-bm53ic e1cc2ql70\">&#8220;No fueron casos aislados. En el proceso de adopciones hubo instituciones estatales vinculadas, como el Registro Civil&#8221;. <\/p>\n<\/div>\n<div dir=\"ltr\" class=\"bbc-19j92fr e57qer20\" readability=\"9\">\n<p dir=\"ltr\" class=\"bbc-bm53ic e1cc2ql70\">&#8220;Les quitaban los ni\u00f1os a familias &#8216;vulnerables&#8217;, es decir pobres, <b>a trav\u00e9s de enga\u00f1os<\/b>&#8220;. <\/p>\n<\/div>\n<div dir=\"ltr\" class=\"bbc-19j92fr e57qer20\" readability=\"9\">\n<p dir=\"ltr\" class=\"bbc-bm53ic e1cc2ql70\">En ese contexto, miles de ni\u00f1os fueron dados en adopci\u00f3n a familias en toda Europa: Mar\u00eda y Daniel fueron dos de las muchas v\u00edctimas de esa pr\u00e1ctica.<\/p>\n<\/div>\n<div dir=\"ltr\" class=\"bbc-1ka88fa e57qer20\">\n<figure class=\"bbc-1qdcvv9 e6bmn90\">\n<div dir=\"ltr\" class=\"bbc-172p16q e57qer20\">\n<div dir=\"ltr\" class=\"bbc-189y18v e57qer20\">\n<div data-e2e=\"image-placeholder\" class=\"bbc-367mqz e1whu0\"><noscript><img srcset=\"http:\/\/cordobadirecto.com\/wp-content\/uploads\/2021\/06\/mi-mama-fue-forzada-a-aceptar-que-yo-seria-arrebatada-de-sus-brazos-el-drama-de-los-ninos-robados-en-chile-en-la-epoca-de-pinochet-23.jpg 240w, http:\/\/cordobadirecto.com\/wp-content\/uploads\/2021\/06\/mi-mama-fue-forzada-a-aceptar-que-yo-seria-arrebatada-de-sus-brazos-el-drama-de-los-ninos-robados-en-chile-en-la-epoca-de-pinochet-24.jpg 320w, http:\/\/cordobadirecto.com\/wp-content\/uploads\/2021\/06\/mi-mama-fue-forzada-a-aceptar-que-yo-seria-arrebatada-de-sus-brazos-el-drama-de-los-ninos-robados-en-chile-en-la-epoca-de-pinochet-25.jpg 464w\" alt=\"linea\" src=\"http:\/\/cordobadirecto.com\/wp-content\/uploads\/2021\/06\/mi-mama-fue-forzada-a-aceptar-que-yo-seria-arrebatada-de-sus-brazos-el-drama-de-los-ninos-robados-en-chile-en-la-epoca-de-pinochet-3.jpg\" width=\"464\" class=\"bbc-fat2bc e1enwo3v0\"><\/noscript><\/div>\n<\/div>\n<\/div>\n<\/figure>\n<\/div>\n<p><h2 id=\"Irregularidades-en-Chile\" tabindex=\"-1\" class=\"bbc-l3e97o e14hemmw0\">Irregularidades en Chile<\/h2>\n<\/p>\n<div dir=\"ltr\" class=\"bbc-19j92fr e57qer20\">\n<div class=\"bbc-1fobf8d e1gggypo0\">\n<ul dir=\"ltr\" role=\"list\" class=\"bbc-1n23t93 e1drcs2w1\">\n<li role=\"listitem\" class=\"bbc-acwcvw e1drcs2w0\">A principios de 2018, el exministro de la Corte de Apelaciones de Santiago Mario Carroza comenz\u00f3 a investigar cerca de 500 casos de adopciones irregulares que tuvieron lugar entre 1970 y 1990. <\/li>\n<li role=\"listitem\" class=\"bbc-acwcvw e1drcs2w0\">Para finales de ese a\u00f1o la Corte de Apelaciones de Chile ya hab\u00eda estimado que cerca de 7.500 adopciones que se concretaron en esa \u00e9poca pudieron haber sido ilegales.<\/li>\n<li role=\"listitem\" class=\"bbc-acwcvw e1drcs2w0\">En septiembre de 2018, tras la presi\u00f3n de diversos grupos, la c\u00e1mara baja del Congreso de Chile cre\u00f3 una comisi\u00f3n para investigar las m\u00faltiples acusaciones. <\/li>\n<li role=\"listitem\" class=\"bbc-acwcvw e1drcs2w0\">En julio de 2019, la comisi\u00f3n especial public\u00f3 un reporte de 144 p\u00e1ginas que habla de unos 20.000 casos de ni\u00f1os chilenos que fueron adoptados por parejas extranjeras durante el gobierno de Augusto Pinochet. <\/li>\n<li role=\"listitem\" class=\"bbc-acwcvw e1drcs2w0\">La modalidad consist\u00eda en enga\u00f1ar a las madres. Generalmente les dec\u00edan que sus beb\u00e9s hab\u00edan muerto. <\/li>\n<li role=\"listitem\" class=\"bbc-acwcvw e1drcs2w0\">En algunos casos se cont\u00f3 con el apoyo de jueces, autoridades migratorias, notarios, figuras religiosas e instituciones gubernamentales, seg\u00fan el mismo informe.<\/li>\n<li role=\"listitem\" class=\"bbc-acwcvw e1drcs2w0\">La mayor\u00eda de los ni\u00f1os acabaron en Suecia, Italia, Estados Unidos, Holanda, Francia y Alemania. <\/li>\n<\/ul>\n<\/div>\n<\/div>\n<div dir=\"ltr\" class=\"bbc-1ka88fa e57qer20\">\n<figure class=\"bbc-1qdcvv9 e6bmn90\">\n<div dir=\"ltr\" class=\"bbc-172p16q e57qer20\">\n<div dir=\"ltr\" class=\"bbc-189y18v e57qer20\">\n<div data-e2e=\"image-placeholder\" class=\"bbc-367mqz e1whu0\"><noscript><img srcset=\"http:\/\/cordobadirecto.com\/wp-content\/uploads\/2021\/06\/mi-mama-fue-forzada-a-aceptar-que-yo-seria-arrebatada-de-sus-brazos-el-drama-de-los-ninos-robados-en-chile-en-la-epoca-de-pinochet-23.jpg 240w, http:\/\/cordobadirecto.com\/wp-content\/uploads\/2021\/06\/mi-mama-fue-forzada-a-aceptar-que-yo-seria-arrebatada-de-sus-brazos-el-drama-de-los-ninos-robados-en-chile-en-la-epoca-de-pinochet-24.jpg 320w, http:\/\/cordobadirecto.com\/wp-content\/uploads\/2021\/06\/mi-mama-fue-forzada-a-aceptar-que-yo-seria-arrebatada-de-sus-brazos-el-drama-de-los-ninos-robados-en-chile-en-la-epoca-de-pinochet-25.jpg 464w\" alt=\"linea\" src=\"http:\/\/cordobadirecto.com\/wp-content\/uploads\/2021\/06\/mi-mama-fue-forzada-a-aceptar-que-yo-seria-arrebatada-de-sus-brazos-el-drama-de-los-ninos-robados-en-chile-en-la-epoca-de-pinochet-3.jpg\" width=\"464\" class=\"bbc-fat2bc e1enwo3v0\"><\/noscript><\/div>\n<\/div>\n<\/div>\n<\/figure>\n<\/div>\n<p><h2 id=\"La-noticia-que-cambi\u00f3-todo\" tabindex=\"-1\" class=\"bbc-l3e97o e14hemmw0\">La noticia que cambi\u00f3 todo<\/h2>\n<\/p>\n<div dir=\"ltr\" class=\"bbc-19j92fr e57qer20\" readability=\"9\">\n<p dir=\"ltr\" class=\"bbc-bm53ic e1cc2ql70\">La ni\u00f1ez de Mar\u00eda transcurri\u00f3 sin mucha novedad, pero cuando ten\u00eda 11 a\u00f1os una noticia <b>le dio un vuelco a su vida<\/b>. <\/p>\n<\/div>\n<div dir=\"ltr\" class=\"bbc-19j92fr e57qer20\" readability=\"9\">\n<p dir=\"ltr\" class=\"bbc-bm53ic e1cc2ql70\">&#8220;Mis padres siempre me dijeron que ten\u00eda una mam\u00e1 chilena y que ella no pudo ocuparse de m\u00ed. Pero un d\u00eda me mostraron los documentos (de adopci\u00f3n) y me enter\u00e9 de que ten\u00eda un hermano mayor en Chile y eso signific\u00f3 mucho para m\u00ed&#8221;. <\/p>\n<\/div>\n<div dir=\"ltr\" class=\"bbc-1ka88fa e57qer20\">\n<figure class=\"bbc-1qdcvv9 e6bmn90\">\n<div dir=\"ltr\" class=\"bbc-172p16q e57qer20\">\n<div dir=\"ltr\" class=\"bbc-189y18v e57qer20\" readability=\"6.5\">\n<div data-e2e=\"image-placeholder\" class=\"bbc-1k5hvrj e1whu0\" readability=\"8\"><noscript><img srcset=\"http:\/\/cordobadirecto.com\/wp-content\/uploads\/2021\/06\/mi-mama-fue-forzada-a-aceptar-que-yo-seria-arrebatada-de-sus-brazos-el-drama-de-los-ninos-robados-en-chile-en-la-epoca-de-pinochet-26.jpg 240w, http:\/\/cordobadirecto.com\/wp-content\/uploads\/2021\/06\/mi-mama-fue-forzada-a-aceptar-que-yo-seria-arrebatada-de-sus-brazos-el-drama-de-los-ninos-robados-en-chile-en-la-epoca-de-pinochet-27.jpg 320w, http:\/\/cordobadirecto.com\/wp-content\/uploads\/2021\/06\/mi-mama-fue-forzada-a-aceptar-que-yo-seria-arrebatada-de-sus-brazos-el-drama-de-los-ninos-robados-en-chile-en-la-epoca-de-pinochet-28.jpg 480w, http:\/\/cordobadirecto.com\/wp-content\/uploads\/2021\/06\/mi-mama-fue-forzada-a-aceptar-que-yo-seria-arrebatada-de-sus-brazos-el-drama-de-los-ninos-robados-en-chile-en-la-epoca-de-pinochet-29.jpg 624w, http:\/\/cordobadirecto.com\/wp-content\/uploads\/2021\/06\/mi-mama-fue-forzada-a-aceptar-que-yo-seria-arrebatada-de-sus-brazos-el-drama-de-los-ninos-robados-en-chile-en-la-epoca-de-pinochet-30.jpg 800w\" alt=\"Pasaporte de Mar\u00eda con el que viaj\u00f3 a Suecia.\" src=\"http:\/\/cordobadirecto.com\/wp-content\/uploads\/2021\/06\/mi-mama-fue-forzada-a-aceptar-que-yo-seria-arrebatada-de-sus-brazos-el-drama-de-los-ninos-robados-en-chile-en-la-epoca-de-pinochet-4.jpg\" width=\"976\" class=\"bbc-fat2bc e1enwo3v0\"><\/noscript><\/p>\n<p role=\"text\" class=\"bbc-1s1cxbv etq3yw90\"><span class=\"bbc-1gnhmg2 e1yt7oin0\">Fuente de la imagen, <\/span><span lang=\"en-GB\">Mar\u00eda Diemar. <\/span><\/p>\n<\/div>\n<\/div>\n<div dir=\"ltr\" class=\"bbc-3edg7g e57qer20\" readability=\"6\"><figcaption dir=\"ltr\" class=\"bbc-1t9zlwf eede9f50\" readability=\"2\"><span class=\"bbc-1gnhmg2 e1yt7oin0\">Pie de foto, <\/span><\/p>\n<p>Pasaporte de Mar\u00eda con el que viaj\u00f3 a Suecia.<\/p>\n<\/figcaption><\/div>\n<\/div>\n<\/figure>\n<\/div>\n<div dir=\"ltr\" class=\"bbc-19j92fr e57qer20\" readability=\"10\">\n<p dir=\"ltr\" class=\"bbc-bm53ic e1cc2ql70\">&#8220;Fue duro asimilar que ten\u00eda<b> un hermano que se hab\u00eda criado con mi mam\u00e1<\/b>, mientras que yo hab\u00eda sido enviada a Suecia. No lo entend\u00eda&#8221;, a\u00f1ade. <\/p>\n<\/div>\n<div dir=\"ltr\" class=\"bbc-19j92fr e57qer20\" readability=\"8\">\n<p dir=\"ltr\" class=\"bbc-bm53ic e1cc2ql70\">Desde ese d\u00eda, se obsesion\u00f3 con encontrarlos.<\/p>\n<\/div>\n<div dir=\"ltr\" class=\"bbc-19j92fr e57qer20\" readability=\"10\">\n<p dir=\"ltr\" class=\"bbc-bm53ic e1cc2ql70\">Aunque por su corta edad todav\u00eda no pod\u00eda hacer gran cosa, comenz\u00f3 a leer la prensa chilena y a investigar sobre la cultura y la historia de su pa\u00eds natal. Tambi\u00e9n tom\u00f3 clases de espa\u00f1ol tan pronto como pudo.<\/p>\n<\/div>\n<div dir=\"ltr\" class=\"bbc-19j92fr e57qer20\" readability=\"10\">\n<p dir=\"ltr\" class=\"bbc-bm53ic e1cc2ql70\">A los 19 a\u00f1os, se puso en contacto con <b>Adoptionscentrum<\/b>, la organizaci\u00f3n gubernamental sueca que hab\u00eda facilitado su adopci\u00f3n. <\/p>\n<\/div>\n<div dir=\"ltr\" class=\"bbc-19j92fr e57qer20\" readability=\"10\">\n<p dir=\"ltr\" class=\"bbc-bm53ic e1cc2ql70\">Tras meses de b\u00fasqueda le informaron que no hab\u00edan encontrado rastros de su madre, pero le recomendaron que escribiera una carta en espa\u00f1ol que ellos enviar\u00edan al Servicio Nacional de Menores de Chile (Sename). <\/p>\n<\/div>\n<div dir=\"ltr\" class=\"bbc-19j92fr e57qer20\">\n<div id=\"include-2\" class=\"bbc-1npwuzj e1vg4u840\">\n<div data-idt-uuid=\"c22230db-5a27-4aa4-a4ea-117c39f5e131\">\n<div data-graphicuuid=\"c22230db-5a27-4aa4-a4ea-117c39f5e131\" class=\"PicContainer-iky41v-0 dkfFzK\" readability=\"7\">\n<div data-graphicpic=\"true\" class=\"Img__PicImage-s1jp862x-1 dtAYqF\"><img src=\"http:\/\/cordobadirecto.com\/wp-content\/uploads\/2021\/06\/mi-mama-fue-forzada-a-aceptar-que-yo-seria-arrebatada-de-sus-brazos-el-drama-de-los-ninos-robados-en-chile-en-la-epoca-de-pinochet-5.jpg\" alt=\"Aeropuerto de Santiago.\" class=\"Img__Image-s1jp862x-0 lcyIAc\"><\/p>\n<p>Getty<\/p>\n<\/div>\n<blockquote dir=\"ltr\" class=\"PicQuote-s138d390-0 eZwimE\" readability=\"7\"><p><svg width=\"30\" height=\"25\" aria-label=\"Quote\" class=\"Quote__SVG-s1rj7ts5-0 jBAUmy\"><g fill=\"#C9A975\" fill-rule=\"evenodd\" transform=\"rotate(0 15 12)\"><path d=\"M0 15.614c0-4.538 1.106-8.074 3.319-10.61C5.53 2.47 8.697.801 12.817 0v4.626c-3.143.89-5.234 2.55-6.271 4.983-.58 1.304-.809 2.535-.687 3.692H13V25H0v-9.386zM17 15.614c0-4.538 1.106-8.074 3.319-10.61C22.53 2.47 25.697.801 29.817 0v4.626c-3.143.89-5.234 2.55-6.271 4.983-.58 1.304-.809 2.535-.687 3.692H30V25H17v-9.386z\" \/><\/g><\/svg><\/p>\n<p>Desde el instante en el que sal\u00ed del avi\u00f3n, me dije: &#8216;Esta es mi casa&#8217;. Fue genial ver a mi alrededor y estar rodeada de gente que se parec\u00eda a m\u00ed. A\u00fan recuerdo incluso el olor&#8221;.<\/p>\n<p><svg width=\"43\" height=\"3\" viewBox=\"0 0 43 3\" class=\"RuleBreak__SVG-lfivii-0 lazDte\"><path d=\"M1.5 1.5h40\" stroke=\"#C9A975\" stroke-width=\"3\" fill=\"none\" fill-rule=\"evenodd\" stroke-linecap=\"square\" \/><\/svg><\/p><\/blockquote>\n<\/div>\n<\/div>\n<\/div>\n<\/div>\n<div dir=\"ltr\" class=\"bbc-19j92fr e57qer20\" readability=\"9\">\n<p dir=\"ltr\" class=\"bbc-bm53ic e1cc2ql70\">&#8220;Redact\u00e9 una carta en la que me describ\u00ed, <b>puse all\u00ed todo lo que sab\u00eda de m\u00ed<\/b> y precis\u00e9 que quer\u00eda encontrar a mi mam\u00e1&#8221;. <\/p>\n<\/div>\n<div dir=\"ltr\" class=\"bbc-19j92fr e57qer20\" readability=\"10\">\n<p dir=\"ltr\" class=\"bbc-bm53ic e1cc2ql70\">Un a\u00f1o despu\u00e9s, el Sename le respondi\u00f3 asegur\u00e1ndole que no pod\u00eda hacer nada por ella. Le sugirieron viajar a Chile y presentarse en el Tribunal de familia que hab\u00eda aprobado su adopci\u00f3n en 1975. <\/p>\n<\/div>\n<div dir=\"ltr\" class=\"bbc-19j92fr e57qer20\" readability=\"8\">\n<p dir=\"ltr\" class=\"bbc-bm53ic e1cc2ql70\">As\u00ed que ahorr\u00f3 dinero, y parti\u00f3.<\/p>\n<\/div>\n<p><h2 id=\"Gente-parecida-a-m\u00ed\" tabindex=\"-1\" class=\"bbc-l3e97o e14hemmw0\">&#8220;Gente parecida a m\u00ed&#8221;<\/h2>\n<\/p>\n<div dir=\"ltr\" class=\"bbc-19j92fr e57qer20\" readability=\"8\">\n<p dir=\"ltr\" class=\"bbc-bm53ic e1cc2ql70\">Mar\u00eda aterriz\u00f3 en Chile durante el invierno austral de 1998 y a\u00fan le cuesta describir aquel momento. <\/p>\n<\/div>\n<div dir=\"ltr\" class=\"bbc-19j92fr e57qer20\" readability=\"10\">\n<p dir=\"ltr\" class=\"bbc-bm53ic e1cc2ql70\">&#8220;Desde el instante en que sal\u00ed del avi\u00f3n, me dije: &#8216;Esta es mi casa&#8217;. Fue genial estar rodeada de gente que se parec\u00eda a m\u00ed. A\u00fan recuerdo incluso el olor. No s\u00e9 c\u00f3mo explicarlo. Ir a Chile fue<b> lo mejor que he hecho en mi vida<\/b>&#8220;. <\/p>\n<\/div>\n<div dir=\"ltr\" class=\"bbc-19j92fr e57qer20\" readability=\"9\">\n<p dir=\"ltr\" class=\"bbc-bm53ic e1cc2ql70\">Alquil\u00f3 por unas semanas un apartamento en el centro de Santiago, mientras asist\u00eda a clases de espa\u00f1ol para extranjeros en una universidad local. <\/p>\n<\/div>\n<div dir=\"ltr\" class=\"bbc-19j92fr e57qer20\" readability=\"8\">\n<p dir=\"ltr\" class=\"bbc-bm53ic e1cc2ql70\">Recuerda que los profesores eran chilenos que hab\u00edan vivido en Europa durante la dictadura y parec\u00edan comprenderla de una manera que la impresionaba. <\/p>\n<\/div>\n<div dir=\"ltr\" class=\"bbc-19j92fr e57qer20\" readability=\"11\">\n<p dir=\"ltr\" class=\"bbc-bm53ic e1cc2ql70\">&#8220;Los fines de semana nos llevaban a la playa, nos invitaban a sus casas, nos cuidaban. \u00c9ramos adultos, pero <b>nos trataban como si fu\u00e9ramos sus ni\u00f1os<\/b>&#8220;. <\/p>\n<\/div>\n<div dir=\"ltr\" class=\"ek1plzs1 bbc-9m7iam e57qer20\">\n<figure class=\"bbc-1qdcvv9 e6bmn90\">\n<div dir=\"ltr\" class=\"bbc-vx18wi e57qer20\">\n<div dir=\"ltr\" class=\"bbc-rprdln e57qer20\" readability=\"6.5\">\n<div data-e2e=\"image-placeholder\" class=\"bbc-1ve91qc e1whu0\" readability=\"8\"><noscript><img srcset=\"http:\/\/cordobadirecto.com\/wp-content\/uploads\/2021\/06\/mi-mama-fue-forzada-a-aceptar-que-yo-seria-arrebatada-de-sus-brazos-el-drama-de-los-ninos-robados-en-chile-en-la-epoca-de-pinochet-31.jpg 240w, http:\/\/cordobadirecto.com\/wp-content\/uploads\/2021\/06\/mi-mama-fue-forzada-a-aceptar-que-yo-seria-arrebatada-de-sus-brazos-el-drama-de-los-ninos-robados-en-chile-en-la-epoca-de-pinochet-32.jpg 320w, http:\/\/cordobadirecto.com\/wp-content\/uploads\/2021\/06\/mi-mama-fue-forzada-a-aceptar-que-yo-seria-arrebatada-de-sus-brazos-el-drama-de-los-ninos-robados-en-chile-en-la-epoca-de-pinochet-33.jpg 412w\" alt=\"Mar\u00eda en el orfanato al que fue trasladada despu\u00e9s de nacer, durante su visita en 1998.\" src=\"http:\/\/cordobadirecto.com\/wp-content\/uploads\/2021\/06\/mi-mama-fue-forzada-a-aceptar-que-yo-seria-arrebatada-de-sus-brazos-el-drama-de-los-ninos-robados-en-chile-en-la-epoca-de-pinochet-6.jpg\" width=\"412\" class=\"bbc-fat2bc e1enwo3v0\"><\/noscript><\/p>\n<p role=\"text\" class=\"bbc-1s1cxbv etq3yw90\"><span class=\"bbc-1gnhmg2 e1yt7oin0\">Fuente de la imagen, <\/span><span lang=\"en-GB\">Mar\u00eda Diemar.<\/span><\/p>\n<\/div>\n<\/div>\n<div dir=\"ltr\" class=\"bbc-3edg7g e57qer20\" readability=\"6.5\"><figcaption dir=\"ltr\" class=\"bbc-1t9zlwf eede9f50\" readability=\"3\"><span class=\"bbc-1gnhmg2 e1yt7oin0\">Pie de foto, <\/span><\/p>\n<p>Mar\u00eda en el orfanato al que fue trasladada despu\u00e9s de nacer, durante su visita en 1998.<\/p>\n<\/figcaption><\/div>\n<\/div>\n<\/figure>\n<\/div>\n<div dir=\"ltr\" class=\"bbc-19j92fr e57qer20\" readability=\"11\">\n<p dir=\"ltr\" class=\"bbc-bm53ic e1cc2ql70\">Cuando estuvo lista viaj\u00f3 a Temuco, la capital de la regi\u00f3n de la Araucan\u00eda, en el sur de Chile, se present\u00f3 en el tribunal de familia local y pidi\u00f3 ver sus documentos. <\/p>\n<\/div>\n<div dir=\"ltr\" class=\"bbc-19j92fr e57qer20\" readability=\"8\">\n<p dir=\"ltr\" class=\"bbc-bm53ic e1cc2ql70\">Para su sorpresa, le informaron que no estaban autorizados para d\u00e1rselos. <\/p>\n<\/div>\n<div dir=\"ltr\" class=\"bbc-19j92fr e57qer20\" readability=\"11\">\n<p dir=\"ltr\" class=\"bbc-bm53ic e1cc2ql70\">&#8220;Estaba frente a una secretaria que, sosteniendo los papeles que conten\u00edan la informaci\u00f3n que buscaba, me dec\u00eda: &#8216;<b>Estos son tus documentos<\/b>, pero no te los puedo mostrar'&#8221;.<\/p>\n<\/div>\n<div dir=\"ltr\" class=\"bbc-1ka88fa e57qer20\">\n<figure class=\"bbc-1qdcvv9 e6bmn90\">\n<div dir=\"ltr\" class=\"bbc-172p16q e57qer20\">\n<div dir=\"ltr\" class=\"bbc-189y18v e57qer20\">\n<div data-e2e=\"image-placeholder\" class=\"bbc-367mqz e1whu0\"><noscript><img srcset=\"http:\/\/cordobadirecto.com\/wp-content\/uploads\/2021\/06\/mi-mama-fue-forzada-a-aceptar-que-yo-seria-arrebatada-de-sus-brazos-el-drama-de-los-ninos-robados-en-chile-en-la-epoca-de-pinochet-23.jpg 240w, http:\/\/cordobadirecto.com\/wp-content\/uploads\/2021\/06\/mi-mama-fue-forzada-a-aceptar-que-yo-seria-arrebatada-de-sus-brazos-el-drama-de-los-ninos-robados-en-chile-en-la-epoca-de-pinochet-24.jpg 320w, http:\/\/cordobadirecto.com\/wp-content\/uploads\/2021\/06\/mi-mama-fue-forzada-a-aceptar-que-yo-seria-arrebatada-de-sus-brazos-el-drama-de-los-ninos-robados-en-chile-en-la-epoca-de-pinochet-25.jpg 464w\" alt=\"linea\" src=\"http:\/\/cordobadirecto.com\/wp-content\/uploads\/2021\/06\/mi-mama-fue-forzada-a-aceptar-que-yo-seria-arrebatada-de-sus-brazos-el-drama-de-los-ninos-robados-en-chile-en-la-epoca-de-pinochet-3.jpg\" width=\"464\" class=\"bbc-fat2bc e1enwo3v0\"><\/noscript><\/div>\n<\/div>\n<\/div>\n<\/figure>\n<\/div>\n<p><h2 id=\"Adopciones-en-Suecia\" tabindex=\"-1\" class=\"bbc-l3e97o e14hemmw0\">Adopciones en Suecia<\/h2>\n<\/p>\n<div dir=\"ltr\" class=\"bbc-19j92fr e57qer20\">\n<div class=\"bbc-1fobf8d e1gggypo0\">\n<ul dir=\"ltr\" role=\"list\" class=\"bbc-1n23t93 e1drcs2w1\">\n<li role=\"listitem\" class=\"bbc-acwcvw e1drcs2w0\">Suecia tiene uno de los mayores n\u00fameros de ni\u00f1os adoptados per c\u00e1pita en todo el mundo.<\/li>\n<li role=\"listitem\" class=\"bbc-acwcvw e1drcs2w0\">En febrero de 2021 el pa\u00eds europeo anunci\u00f3 que iniciar\u00eda una investigaci\u00f3n sobre las adopciones internacionales que ocurrieron entre los a\u00f1os 70 y 90, en medio de las numerosas acusaciones de que muchos ni\u00f1os podr\u00edan haber sido tomados ilegalmente de sus padres biol\u00f3gicos.<\/li>\n<li role=\"listitem\" class=\"bbc-acwcvw e1drcs2w0\">Chile se encuentra actualmente investigando unas 100 adopciones vinculadas a Suecia. <\/li>\n<li role=\"listitem\" class=\"bbc-acwcvw e1drcs2w0\">Contactada por BBC Mundo, la agencia Adoptionscentrum desestim\u00f3 las acusaciones de que estuvo &#8220;involucrada en un negocio criminal para lucrar&#8221;, alegando que siendo una ONG &#8220;no hay lugar para ganar dinero&#8221; y que por cada proceso cobraban aproximadamente US$1.100 en los a\u00f1os 70 y US$3.500 en los 80, montos que representaban &#8220;los costos reales de adopci\u00f3n&#8221;.<\/li>\n<\/ul>\n<\/div>\n<\/div>\n<div dir=\"ltr\" class=\"bbc-1ka88fa e57qer20\">\n<figure class=\"bbc-1qdcvv9 e6bmn90\">\n<div dir=\"ltr\" class=\"bbc-172p16q e57qer20\">\n<div dir=\"ltr\" class=\"bbc-189y18v e57qer20\">\n<div data-e2e=\"image-placeholder\" class=\"bbc-367mqz e1whu0\"><noscript><img srcset=\"http:\/\/cordobadirecto.com\/wp-content\/uploads\/2021\/06\/mi-mama-fue-forzada-a-aceptar-que-yo-seria-arrebatada-de-sus-brazos-el-drama-de-los-ninos-robados-en-chile-en-la-epoca-de-pinochet-23.jpg 240w, http:\/\/cordobadirecto.com\/wp-content\/uploads\/2021\/06\/mi-mama-fue-forzada-a-aceptar-que-yo-seria-arrebatada-de-sus-brazos-el-drama-de-los-ninos-robados-en-chile-en-la-epoca-de-pinochet-24.jpg 320w, http:\/\/cordobadirecto.com\/wp-content\/uploads\/2021\/06\/mi-mama-fue-forzada-a-aceptar-que-yo-seria-arrebatada-de-sus-brazos-el-drama-de-los-ninos-robados-en-chile-en-la-epoca-de-pinochet-25.jpg 464w\" alt=\"linea\" src=\"http:\/\/cordobadirecto.com\/wp-content\/uploads\/2021\/06\/mi-mama-fue-forzada-a-aceptar-que-yo-seria-arrebatada-de-sus-brazos-el-drama-de-los-ninos-robados-en-chile-en-la-epoca-de-pinochet-3.jpg\" width=\"464\" class=\"bbc-fat2bc e1enwo3v0\"><\/noscript><\/div>\n<\/div>\n<\/div>\n<\/figure>\n<\/div>\n<div dir=\"ltr\" class=\"bbc-19j92fr e57qer20\" readability=\"7\">\n<p dir=\"ltr\" class=\"bbc-bm53ic e1cc2ql70\">Mar\u00eda tard\u00f3 varios a\u00f1os en dar con el paradero de su madre y sus hermanos.<\/p>\n<\/div>\n<div dir=\"ltr\" class=\"bbc-19j92fr e57qer20\" readability=\"9\">\n<p dir=\"ltr\" class=\"bbc-bm53ic e1cc2ql70\">Despu\u00e9s de Temuco viaj\u00f3 a su natal Lautaro para visitar el hospital en el que naci\u00f3, y el orfanato en que sospechaba hab\u00eda estado de beb\u00e9. En ninguno hab\u00eda registros de su pasado. <\/p>\n<\/div>\n<div dir=\"ltr\" class=\"bbc-1ka88fa e57qer20\">\n<figure class=\"bbc-1qdcvv9 e6bmn90\">\n<div dir=\"ltr\" class=\"bbc-172p16q e57qer20\">\n<div dir=\"ltr\" class=\"bbc-189y18v e57qer20\" readability=\"6.5\">\n<div data-e2e=\"image-placeholder\" class=\"bbc-1k5hvrj e1whu0\" readability=\"8\"><noscript><img srcset=\"http:\/\/cordobadirecto.com\/wp-content\/uploads\/2021\/06\/mi-mama-fue-forzada-a-aceptar-que-yo-seria-arrebatada-de-sus-brazos-el-drama-de-los-ninos-robados-en-chile-en-la-epoca-de-pinochet-34.jpg 240w, http:\/\/cordobadirecto.com\/wp-content\/uploads\/2021\/06\/mi-mama-fue-forzada-a-aceptar-que-yo-seria-arrebatada-de-sus-brazos-el-drama-de-los-ninos-robados-en-chile-en-la-epoca-de-pinochet-35.jpg 320w, http:\/\/cordobadirecto.com\/wp-content\/uploads\/2021\/06\/mi-mama-fue-forzada-a-aceptar-que-yo-seria-arrebatada-de-sus-brazos-el-drama-de-los-ninos-robados-en-chile-en-la-epoca-de-pinochet-36.jpg 480w, http:\/\/cordobadirecto.com\/wp-content\/uploads\/2021\/06\/mi-mama-fue-forzada-a-aceptar-que-yo-seria-arrebatada-de-sus-brazos-el-drama-de-los-ninos-robados-en-chile-en-la-epoca-de-pinochet-37.jpg 624w, http:\/\/cordobadirecto.com\/wp-content\/uploads\/2021\/06\/mi-mama-fue-forzada-a-aceptar-que-yo-seria-arrebatada-de-sus-brazos-el-drama-de-los-ninos-robados-en-chile-en-la-epoca-de-pinochet-38.jpg 800w\" alt=\"Fachada del orfanato en el que Daniel y Mar\u00eda pasaron sus primeros d\u00edas.\" src=\"http:\/\/cordobadirecto.com\/wp-content\/uploads\/2021\/06\/mi-mama-fue-forzada-a-aceptar-que-yo-seria-arrebatada-de-sus-brazos-el-drama-de-los-ninos-robados-en-chile-en-la-epoca-de-pinochet-7.jpg\" width=\"976\" class=\"bbc-fat2bc e1enwo3v0\"><\/noscript><\/p>\n<p role=\"text\" class=\"bbc-1s1cxbv etq3yw90\"><span class=\"bbc-1gnhmg2 e1yt7oin0\">Fuente de la imagen, <\/span><span lang=\"en-GB\">Mar\u00eda Diemar. <\/span><\/p>\n<\/div>\n<\/div>\n<div dir=\"ltr\" class=\"bbc-3edg7g e57qer20\" readability=\"6\"><figcaption dir=\"ltr\" class=\"bbc-1t9zlwf eede9f50\" readability=\"2\"><span class=\"bbc-1gnhmg2 e1yt7oin0\">Pie de foto, <\/span><\/p>\n<p>Fachada del orfanato en el que Daniel y Mar\u00eda pasaron sus primeros d\u00edas.<\/p>\n<\/figcaption><\/div>\n<\/div>\n<\/figure>\n<\/div>\n<div dir=\"ltr\" class=\"bbc-19j92fr e57qer20\" readability=\"8\">\n<p dir=\"ltr\" class=\"bbc-bm53ic e1cc2ql70\">Regres\u00f3 a Santiago con <b>una extra\u00f1a sensaci\u00f3n<\/b>: &#8220;Visit\u00e9 todos esos lugares y ninguno me dio ninguna informaci\u00f3n sobre mi adopci\u00f3n ni sobre mi familia biol\u00f3gica&#8221;. <\/p>\n<\/div>\n<div dir=\"ltr\" class=\"bbc-19j92fr e57qer20\" readability=\"14\">\n<p dir=\"ltr\" class=\"bbc-bm53ic e1cc2ql70\">En la capital, sin embargo, recibi\u00f3 una nueva pista: la agencia de adopci\u00f3n sueca, con la que estaba en comunicaci\u00f3n constante, le dijo que tras su nacimiento hab\u00eda sido acogida por una cuidadora, parte de una decena de mujeres que hospedaba a ni\u00f1os en proceso de adopci\u00f3n. <\/p>\n<\/div>\n<div dir=\"ltr\" class=\"bbc-19j92fr e57qer20\" readability=\"12\">\n<p dir=\"ltr\" class=\"bbc-bm53ic e1cc2ql70\">&#8220;Esperaba encontrarme con <b>una se\u00f1ora c\u00e1lida, acogedora y dispuesta<\/b> a ayudarme. Pero result\u00f3 ser una mujer fr\u00eda que me dijo que no recordaba nada de las ni\u00f1as que se hab\u00edan quedado con ella. Me explic\u00f3 que fueron alrededor 400 y que no ten\u00edan documentaci\u00f3n de ellas&#8221;, rememora sobre ese encuentro. <\/p>\n<\/div>\n<p><h2 id=\"Necesidad-de-mostrarle\" tabindex=\"-1\" class=\"bbc-l3e97o e14hemmw0\">&#8220;Necesidad de mostrarle&#8221;<\/h2>\n<\/p>\n<div dir=\"ltr\" class=\"bbc-19j92fr e57qer20\" readability=\"8\">\n<p dir=\"ltr\" class=\"bbc-bm53ic e1cc2ql70\">Poco antes de regresar a Suecia, logr\u00f3 por fin dar con un dato concreto.<\/p>\n<\/div>\n<div dir=\"ltr\" class=\"bbc-19j92fr e57qer20\" readability=\"12\">\n<p dir=\"ltr\" class=\"bbc-bm53ic e1cc2ql70\">&#8220;Una se\u00f1ora del Registro Civil que claramente quer\u00eda ayudarme, me condujo a un espacio detr\u00e1s de su oficina y me dijo que no pod\u00eda darme la direcci\u00f3n de mi mam\u00e1, pero me asegur\u00f3 que <b>todav\u00eda viv\u00eda en el sur de Chile, que se hab\u00eda casado y ten\u00eda <\/b><b>otros <\/b><b>hijos<\/b>&#8220;. <\/p>\n<\/div>\n<div dir=\"ltr\" class=\"ek1plzs1 bbc-9m7iam e57qer20\">\n<figure class=\"bbc-1qdcvv9 e6bmn90\">\n<div dir=\"ltr\" class=\"bbc-vx18wi e57qer20\">\n<div dir=\"ltr\" class=\"bbc-rprdln e57qer20\" readability=\"6.5\">\n<div data-e2e=\"image-placeholder\" class=\"bbc-1ve91qc e1whu0\" readability=\"8\"><noscript><img srcset=\"http:\/\/cordobadirecto.com\/wp-content\/uploads\/2021\/06\/mi-mama-fue-forzada-a-aceptar-que-yo-seria-arrebatada-de-sus-brazos-el-drama-de-los-ninos-robados-en-chile-en-la-epoca-de-pinochet-39.jpg 240w, http:\/\/cordobadirecto.com\/wp-content\/uploads\/2021\/06\/mi-mama-fue-forzada-a-aceptar-que-yo-seria-arrebatada-de-sus-brazos-el-drama-de-los-ninos-robados-en-chile-en-la-epoca-de-pinochet-40.jpg 320w, http:\/\/cordobadirecto.com\/wp-content\/uploads\/2021\/06\/mi-mama-fue-forzada-a-aceptar-que-yo-seria-arrebatada-de-sus-brazos-el-drama-de-los-ninos-robados-en-chile-en-la-epoca-de-pinochet-41.jpg 412w\" alt=\"Mar\u00eda frente al hospital en el que naci\u00f3 en Lautaro, durante su primera visita a Chile en 1998.\" src=\"http:\/\/cordobadirecto.com\/wp-content\/uploads\/2021\/06\/mi-mama-fue-forzada-a-aceptar-que-yo-seria-arrebatada-de-sus-brazos-el-drama-de-los-ninos-robados-en-chile-en-la-epoca-de-pinochet-8.jpg\" width=\"412\" class=\"bbc-fat2bc e1enwo3v0\"><\/noscript><\/p>\n<p role=\"text\" class=\"bbc-1s1cxbv etq3yw90\"><span class=\"bbc-1gnhmg2 e1yt7oin0\">Fuente de la imagen, <\/span><span lang=\"en-GB\">Mar\u00eda Diemar. <\/span><\/p>\n<\/div>\n<\/div>\n<div dir=\"ltr\" class=\"bbc-3edg7g e57qer20\" readability=\"6.5\"><figcaption dir=\"ltr\" class=\"bbc-1t9zlwf eede9f50\" readability=\"3\"><span class=\"bbc-1gnhmg2 e1yt7oin0\">Pie de foto, <\/span><\/p>\n<p>Mar\u00eda frente al hospital en el que naci\u00f3 en Lautaro, durante su primera visita a Chile en 1998.<\/p>\n<\/figcaption><\/div>\n<\/div>\n<\/figure>\n<\/div>\n<div dir=\"ltr\" class=\"bbc-19j92fr e57qer20\" readability=\"10\">\n<p dir=\"ltr\" class=\"bbc-bm53ic e1cc2ql70\">Mar\u00eda le entreg\u00f3 entonces al Sename el nombre de su madre, que ella prefiere mantener en secreto y a quien se refiere como &#8220;Aguadulce&#8221;, la traducci\u00f3n de su apellido de origen ind\u00edgena. <\/p>\n<\/div>\n<div dir=\"ltr\" class=\"bbc-19j92fr e57qer20\" readability=\"11\">\n<p dir=\"ltr\" class=\"bbc-bm53ic e1cc2ql70\">&#8220;Sent\u00eda que realmente necesitaba encontrar a mi familia. Ya hab\u00edan pasado tres a\u00f1os desde que hab\u00eda comenzado a buscarla. Fui a Chile como me aconsejaron, hice todo lo que pude y no lo logr\u00e9&#8221;, detalla. <\/p>\n<\/div>\n<div dir=\"ltr\" class=\"bbc-19j92fr e57qer20\" readability=\"9\">\n<p dir=\"ltr\" class=\"bbc-bm53ic e1cc2ql70\">&#8220;Sab\u00eda que mi madre me hab\u00eda dado en adopci\u00f3n, pero sent\u00eda la necesidad de mostrarle en qu\u00e9 me hab\u00eda convertido&#8221;. <\/p>\n<\/div>\n<p><h2 id=\"La-llamada-con-la-direcci\u00f3n\" tabindex=\"-1\" class=\"bbc-l3e97o e14hemmw0\">La llamada con la direcci\u00f3n<\/h2>\n<\/p>\n<div dir=\"ltr\" class=\"bbc-19j92fr e57qer20\" readability=\"8\">\n<p dir=\"ltr\" class=\"bbc-bm53ic e1cc2ql70\">Un a\u00f1o despu\u00e9s recibi\u00f3 una nueva llamada de la agencia de adopci\u00f3n en Suecia en la que le informaron que las autoridades chilenas finalmente <b>hab\u00edan encontrado la direcci\u00f3n<\/b> de &#8220;Aguadulce&#8221;. <\/p>\n<\/div>\n<div dir=\"ltr\" class=\"bbc-19j92fr e57qer20\" readability=\"10\">\n<p dir=\"ltr\" class=\"bbc-bm53ic e1cc2ql70\">Pero por distintos motivos, entre ellos la remota ubicaci\u00f3n de la vivienda, no fue sino hasta 2003 que alguien toc\u00f3 a su puerta.<\/p>\n<\/div>\n<div dir=\"ltr\" class=\"bbc-19j92fr e57qer20\"><img srcset=\"http:\/\/cordobadirecto.com\/wp-content\/uploads\/2021\/06\/mi-mama-fue-forzada-a-aceptar-que-yo-seria-arrebatada-de-sus-brazos-el-drama-de-los-ninos-robados-en-chile-en-la-epoca-de-pinochet-1.png 640w, http:\/\/cordobadirecto.com\/wp-content\/uploads\/2021\/06\/mi-mama-fue-forzada-a-aceptar-que-yo-seria-arrebatada-de-sus-brazos-el-drama-de-los-ninos-robados-en-chile-en-la-epoca-de-pinochet.png 816w\" src=\"http:\/\/cordobadirecto.com\/wp-content\/uploads\/2021\/06\/mi-mama-fue-forzada-a-aceptar-que-yo-seria-arrebatada-de-sus-brazos-el-drama-de-los-ninos-robados-en-chile-en-la-epoca-de-pinochet.png\" alt=\"Map: Lautaro\" id=\"include-3\" class=\"bbc-yfiktt e1enwo3v0\"><\/div>\n<div dir=\"ltr\" class=\"bbc-19j92fr e57qer20\" readability=\"10\">\n<p dir=\"ltr\" class=\"bbc-bm53ic e1cc2ql70\">El contacto se hizo gracias a la gesti\u00f3n de Ana Mar\u00eda Olivares, una periodista chilena que trabaj\u00f3 en un documental sueco en que ayudaban a dos personas a reencontrarse con sus familias biol\u00f3gicas.<\/p>\n<\/div>\n<div dir=\"ltr\" class=\"bbc-19j92fr e57qer20\" readability=\"7\">\n<p dir=\"ltr\" class=\"bbc-bm53ic e1cc2ql70\">Mar\u00eda le hab\u00eda escrito una carta cont\u00e1ndole su caso.<\/p>\n<\/div>\n<div dir=\"ltr\" class=\"bbc-19j92fr e57qer20\" readability=\"8\">\n<p dir=\"ltr\" class=\"bbc-bm53ic e1cc2ql70\">Olivares recuerda que cuando se enter\u00f3 de la gran cantidad de j\u00f3venes chilenos adoptados que buscaban sus or\u00edgenes no pudo negarse.<\/p>\n<\/div>\n<div dir=\"ltr\" class=\"bbc-19j92fr e57qer20\" readability=\"11\">\n<p dir=\"ltr\" class=\"bbc-bm53ic e1cc2ql70\">&#8220;Todos ten\u00edan historias muy conmovedoras y ten\u00edan mi edad, o un poco menos, por tanto fue <b>f\u00e1cil ponerme en su lugar<\/b>&#8220;, le dice a BBC Mundo. <\/p>\n<\/div>\n<div dir=\"ltr\" class=\"bbc-19j92fr e57qer20\" readability=\"12\">\n<p dir=\"ltr\" class=\"bbc-bm53ic e1cc2ql70\">Mar\u00eda le dio la direcci\u00f3n de su mam\u00e1 y la periodista viaj\u00f3 al sur de Chile, pero tras varios d\u00edas yendo de casa en casa, en una zona donde las viviendas no ten\u00edan numeraci\u00f3n exacta, no logr\u00f3 encontrarla. <\/p>\n<\/div>\n<p><h2 id=\"La-verdadera-historia\" tabindex=\"-1\" class=\"bbc-l3e97o e14hemmw0\">La verdadera historia<\/h2>\n<\/p>\n<div dir=\"ltr\" class=\"bbc-19j92fr e57qer20\" readability=\"11\">\n<p dir=\"ltr\" class=\"bbc-bm53ic e1cc2ql70\">Finalmente, fue Francisco Rivas, un t\u00edo de Olivares que viv\u00eda en la regi\u00f3n, quien dio con &#8220;Aguadulce&#8221;.<\/p>\n<\/div>\n<div dir=\"ltr\" class=\"bbc-19j92fr e57qer20\" readability=\"13\">\n<p dir=\"ltr\" class=\"bbc-bm53ic e1cc2ql70\">&#8220;La madre se puso muy contenta, pero muy nerviosa porque no quer\u00eda que su marido actual se enterara de la existencia de esa hija. All\u00ed coment\u00f3 que le hab\u00edan quitado a su hija apenas naci\u00f3, en el hospital, y <b>nunca m\u00e1s supo de ella<\/b>&#8220;, cuenta Olivares. <\/p>\n<\/div>\n<div dir=\"ltr\" class=\"bbc-19j92fr e57qer20\" readability=\"8\">\n<p dir=\"ltr\" class=\"bbc-bm53ic e1cc2ql70\">&#8220;Era una mujer pobre y pr\u00e1cticamente analfabeta&#8221;, agrega. <\/p>\n<\/div>\n<div dir=\"ltr\" class=\"bbc-19j92fr e57qer20\" readability=\"8\">\n<p dir=\"ltr\" class=\"bbc-bm53ic e1cc2ql70\">Mar\u00eda relata que el t\u00edo de Olivares le escribi\u00f3 un email muy largo d\u00e1ndole muchos detalles de lo que su mam\u00e1 le hab\u00eda dicho. <\/p>\n<\/div>\n<div dir=\"ltr\" class=\"bbc-19j92fr e57qer20\" readability=\"8\">\n<p dir=\"ltr\" class=\"bbc-bm53ic e1cc2ql70\">En el correo, <b>Mar\u00eda descubri\u00f3 su verdadera historia<\/b>. <\/p>\n<\/div>\n<div dir=\"ltr\" class=\"bbc-19j92fr e57qer20\">\n<div id=\"include-4\" class=\"bbc-1npwuzj e1vg4u840\">\n<div data-idt-uuid=\"131acced-fb79-4e90-9a50-ad9ca943b3d0\">\n<div data-graphicuuid=\"131acced-fb79-4e90-9a50-ad9ca943b3d0\" class=\"PicContainer-iky41v-0 dkfFzK\" readability=\"6.5\">\n<div data-graphicpic=\"true\" class=\"Img__PicImage-s1jp862x-1 dtAYqF\"><img src=\"http:\/\/cordobadirecto.com\/wp-content\/uploads\/2021\/06\/mi-mama-fue-forzada-a-aceptar-que-yo-seria-arrebatada-de-sus-brazos-el-drama-de-los-ninos-robados-en-chile-en-la-epoca-de-pinochet-9.jpg\" alt=\"Mar\u00eda.\" class=\"Img__Image-s1jp862x-0 kKESdI\"><\/p>\n<p>Mar\u00eda.<\/p>\n<\/div>\n<blockquote dir=\"ltr\" class=\"PicQuote-s138d390-0 eZwimE\" readability=\"6\"><p><svg width=\"30\" height=\"25\" aria-label=\"Quote\" class=\"Quote__SVG-s1rj7ts5-0 jBAUmy\"><g fill=\"#C9A975\" fill-rule=\"evenodd\" transform=\"rotate(0 15 12)\"><path d=\"M0 15.614c0-4.538 1.106-8.074 3.319-10.61C5.53 2.47 8.697.801 12.817 0v4.626c-3.143.89-5.234 2.55-6.271 4.983-.58 1.304-.809 2.535-.687 3.692H13V25H0v-9.386zM17 15.614c0-4.538 1.106-8.074 3.319-10.61C22.53 2.47 25.697.801 29.817 0v4.626c-3.143.89-5.234 2.55-6.271 4.983-.58 1.304-.809 2.535-.687 3.692H30V25H17v-9.386z\" \/><\/g><\/svg><\/p>\n<p>Con ese correo me enter\u00e9 de que mi mam\u00e1 no me dio en adopci\u00f3n como siempre pens\u00e9. Fue forzada a aceptar que yo ser\u00eda arrebatada de sus brazos&#8221;. <\/p>\n<p><svg width=\"43\" height=\"3\" viewBox=\"0 0 43 3\" class=\"RuleBreak__SVG-lfivii-0 lazDte\"><path d=\"M1.5 1.5h40\" stroke=\"#C9A975\" stroke-width=\"3\" fill=\"none\" fill-rule=\"evenodd\" stroke-linecap=\"square\" \/><\/svg><\/p><\/blockquote>\n<\/div>\n<\/div>\n<\/div>\n<\/div>\n<div dir=\"ltr\" class=\"bbc-19j92fr e57qer20\" readability=\"9\">\n<p dir=\"ltr\" class=\"bbc-bm53ic e1cc2ql70\">&#8220;Me enter\u00e9 de que ten\u00eda tres hermanos m\u00e1s. Algunos sab\u00edan de mi existencia, pero mi hermano mayor no&#8221;. <\/p>\n<\/div>\n<div dir=\"ltr\" class=\"bbc-19j92fr e57qer20\" readability=\"8\">\n<p dir=\"ltr\" class=\"bbc-bm53ic e1cc2ql70\">A Mar\u00eda le costaba digerir la informaci\u00f3n y a medida que le\u00eda le surg\u00edan cientos de preguntas. Esta nueva versi\u00f3n no coincid\u00eda con los papeles de adopci\u00f3n que su madre hab\u00eda firmado. <\/p>\n<\/div>\n<div dir=\"ltr\" class=\"bbc-19j92fr e57qer20\" readability=\"8\">\n<p dir=\"ltr\" class=\"bbc-bm53ic e1cc2ql70\">&#8220;As\u00ed me enter\u00e9 de que <b>mi mam\u00e1 no me dio en adopci\u00f3n como siempre pens\u00e9<\/b>. Fue forzada a aceptar que yo ser\u00eda arrebatada de sus brazos&#8221;. <\/p>\n<\/div>\n<div dir=\"ltr\" class=\"bbc-19j92fr e57qer20\" readability=\"9\">\n<p dir=\"ltr\" class=\"bbc-bm53ic e1cc2ql70\">Luego supo que &#8220;Aguadulce&#8221; no sab\u00eda leer ni escribir. Entonces \u00bfc\u00f3mo pudo haber entendido y firmado los documentos de adopci\u00f3n?, se interrog\u00f3. <\/p>\n<\/div>\n<div dir=\"ltr\" class=\"bbc-19j92fr e57qer20\" readability=\"8\">\n<p dir=\"ltr\" class=\"bbc-bm53ic e1cc2ql70\">&#8220;Aguadulce&#8221; le explic\u00f3 a Francisco Rivas que el que era entonces su jefe y unos trabajadores sociales estuvieron involucrados en la decisi\u00f3n y que <b>ella no tuvo voz ni voto<\/b>. <\/p>\n<\/div>\n<div dir=\"ltr\" class=\"bbc-19j92fr e57qer20\" readability=\"7\">\n<p dir=\"ltr\" class=\"bbc-bm53ic e1cc2ql70\">&#8220;Mi mam\u00e1 tampoco estaba en edad para hacerlo. Ten\u00eda solo 19 a\u00f1os&#8221;. <\/p>\n<\/div>\n<div dir=\"ltr\" class=\"ek1plzs1 bbc-9m7iam e57qer20\">\n<figure class=\"bbc-1qdcvv9 e6bmn90\">\n<div dir=\"ltr\" class=\"bbc-vx18wi e57qer20\">\n<div dir=\"ltr\" class=\"bbc-rprdln e57qer20\" readability=\"6.5\">\n<div data-e2e=\"image-placeholder\" class=\"bbc-1ve91qc e1whu0\" readability=\"8\"><noscript><img srcset=\"http:\/\/cordobadirecto.com\/wp-content\/uploads\/2021\/06\/mi-mama-fue-forzada-a-aceptar-que-yo-seria-arrebatada-de-sus-brazos-el-drama-de-los-ninos-robados-en-chile-en-la-epoca-de-pinochet-42.jpg 240w, http:\/\/cordobadirecto.com\/wp-content\/uploads\/2021\/06\/mi-mama-fue-forzada-a-aceptar-que-yo-seria-arrebatada-de-sus-brazos-el-drama-de-los-ninos-robados-en-chile-en-la-epoca-de-pinochet-43.jpg 320w, http:\/\/cordobadirecto.com\/wp-content\/uploads\/2021\/06\/mi-mama-fue-forzada-a-aceptar-que-yo-seria-arrebatada-de-sus-brazos-el-drama-de-los-ninos-robados-en-chile-en-la-epoca-de-pinochet-44.jpg 412w\" alt=\"Mar\u00eda junto a su hermano Cristian y su hijo menor en 2016.\" src=\"http:\/\/cordobadirecto.com\/wp-content\/uploads\/2021\/06\/mi-mama-fue-forzada-a-aceptar-que-yo-seria-arrebatada-de-sus-brazos-el-drama-de-los-ninos-robados-en-chile-en-la-epoca-de-pinochet-10.jpg\" width=\"412\" class=\"bbc-fat2bc e1enwo3v0\"><\/noscript><\/p>\n<p role=\"text\" class=\"bbc-1s1cxbv etq3yw90\"><span class=\"bbc-1gnhmg2 e1yt7oin0\">Fuente de la imagen, <\/span><span lang=\"en-GB\">Mar\u00eda Diemar. <\/span><\/p>\n<\/div>\n<\/div>\n<div dir=\"ltr\" class=\"bbc-3edg7g e57qer20\" readability=\"6\"><figcaption dir=\"ltr\" class=\"bbc-1t9zlwf eede9f50\" readability=\"2\"><span class=\"bbc-1gnhmg2 e1yt7oin0\">Pie de foto, <\/span><\/p>\n<p>Mar\u00eda junto a su hermano Cristian y su hijo menor en 2016.<\/p>\n<\/figcaption><\/div>\n<\/div>\n<\/figure>\n<\/div>\n<div dir=\"ltr\" class=\"bbc-19j92fr e57qer20\" readability=\"9\">\n<p dir=\"ltr\" class=\"bbc-bm53ic e1cc2ql70\">Hasta 1978, las ni\u00f1as menores de 21 a\u00f1os deb\u00edan contar en Chile con la firma de sus padres para dar a un beb\u00e9 en adopci\u00f3n. Esto no ocurri\u00f3 en el caso de Mar\u00eda.<\/p>\n<\/div>\n<p><h2 id=\"El-reencuentro-con-su-hermana\" tabindex=\"-1\" class=\"bbc-l3e97o e14hemmw0\">El reencuentro con su hermana<\/h2>\n<\/p>\n<div dir=\"ltr\" class=\"bbc-19j92fr e57qer20\" readability=\"8\">\n<p dir=\"ltr\" class=\"bbc-bm53ic e1cc2ql70\">Poco a poco, Mar\u00eda comenz\u00f3 a atar cabos. <\/p>\n<\/div>\n<div dir=\"ltr\" class=\"bbc-19j92fr e57qer20\" readability=\"7\">\n<p dir=\"ltr\" class=\"bbc-bm53ic e1cc2ql70\">&#8220;Aguadulce&#8221; era trabajadora dom\u00e9stica en la casa de una familia pudiente.<\/p>\n<\/div>\n<div dir=\"ltr\" class=\"bbc-19j92fr e57qer20\" readability=\"10\">\n<p dir=\"ltr\" class=\"bbc-bm53ic e1cc2ql70\">Su hijo mayor viv\u00eda con sus abuelos en el campo y el plan de esta madre soltera era <b>enviar a Mar\u00eda <\/b><b>con ellos<\/b>. Como muchas mujeres en su situaci\u00f3n, ella continuar\u00eda trabajando de lunes a viernes y visitar\u00eda a sus hijos los fines de semana. <\/p>\n<\/div>\n<div dir=\"ltr\" class=\"bbc-19j92fr e57qer20\" readability=\"7\">\n<p dir=\"ltr\" class=\"bbc-bm53ic e1cc2ql70\">Pero nunca volvi\u00f3 a ver a su hija. <\/p>\n<\/div>\n<div dir=\"ltr\" class=\"bbc-19j92fr e57qer20\">\n<div id=\"include-5\" class=\"bbc-1npwuzj e1vg4u840\">\n<div data-idt-uuid=\"516940f9-67f4-4aa2-bf29-a5187009f88f\">\n<div data-graphicuuid=\"516940f9-67f4-4aa2-bf29-a5187009f88f\" class=\"PicContainer-iky41v-0 dkfFzK\" readability=\"7\">\n<div data-graphicpic=\"true\" class=\"Img__PicImage-s1jp862x-1 dtAYqF\"><img src=\"http:\/\/cordobadirecto.com\/wp-content\/uploads\/2021\/06\/mi-mama-fue-forzada-a-aceptar-que-yo-seria-arrebatada-de-sus-brazos-el-drama-de-los-ninos-robados-en-chile-en-la-epoca-de-pinochet-11.jpg\" alt=\"Daniel.\" class=\"Img__Image-s1jp862x-0 jsPgpZ\"><\/p>\n<p>Daniel<\/p>\n<\/div>\n<blockquote dir=\"ltr\" class=\"PicQuote-s138d390-0 eZwimE\" readability=\"7\"><p><svg width=\"30\" height=\"25\" aria-label=\"Quote\" class=\"Quote__SVG-s1rj7ts5-0 jBAUmy\"><g fill=\"#C9A975\" fill-rule=\"evenodd\" transform=\"rotate(0 15 12)\"><path d=\"M0 15.614c0-4.538 1.106-8.074 3.319-10.61C5.53 2.47 8.697.801 12.817 0v4.626c-3.143.89-5.234 2.55-6.271 4.983-.58 1.304-.809 2.535-.687 3.692H13V25H0v-9.386zM17 15.614c0-4.538 1.106-8.074 3.319-10.61C22.53 2.47 25.697.801 29.817 0v4.626c-3.143.89-5.234 2.55-6.271 4.983-.58 1.304-.809 2.535-.687 3.692H30V25H17v-9.386z\" \/><\/g><\/svg><\/p>\n<p>No s\u00e9 c\u00f3mo aceptarlo y me duele much\u00edsimo. No s\u00f3lo me robaron del hospital, tambi\u00e9n robaron mi identidad y todav\u00eda la estoy buscando&#8221;.<\/p>\n<p><svg width=\"43\" height=\"3\" viewBox=\"0 0 43 3\" class=\"RuleBreak__SVG-lfivii-0 lazDte\"><path d=\"M1.5 1.5h40\" stroke=\"#C9A975\" stroke-width=\"3\" fill=\"none\" fill-rule=\"evenodd\" stroke-linecap=\"square\" \/><\/svg><\/p><\/blockquote>\n<\/div>\n<\/div>\n<\/div>\n<\/div>\n<div dir=\"ltr\" class=\"bbc-19j92fr e57qer20\" readability=\"9\">\n<p dir=\"ltr\" class=\"bbc-bm53ic e1cc2ql70\">&#8220;Aguadulce&#8221; se cas\u00f3 y tuvo otros hijos. Y a\u00fan <b>no le ha dicho a su marido<\/b> que tuvo una hija hace 46 a\u00f1os, que se crio en Suecia y desde 2011 vive en Estados Unidos. <\/p>\n<\/div>\n<div dir=\"ltr\" class=\"bbc-19j92fr e57qer20\" readability=\"11\">\n<p dir=\"ltr\" class=\"bbc-bm53ic e1cc2ql70\">Mar\u00eda regres\u00f3 a Chile en 2005 con su beb\u00e9 y su esposo, por tres semanas. Desde 2003 estaba en contacto con su hermana menor, Gabriela, y en ese viaje se conocieron en su casa de Lautaro. <\/p>\n<\/div>\n<div dir=\"ltr\" class=\"bbc-19j92fr e57qer20\" readability=\"8\">\n<p dir=\"ltr\" class=\"bbc-bm53ic e1cc2ql70\">&#8220;Tuvimos una conexi\u00f3n inmediata&#8221;, recuerda Mar\u00eda.<\/p>\n<\/div>\n<div dir=\"ltr\" class=\"bbc-19j92fr e57qer20\" readability=\"9\">\n<p dir=\"ltr\" class=\"bbc-bm53ic e1cc2ql70\">Se supon\u00eda que en esa cita tambi\u00e9n conocer\u00eda a &#8220;Aguadulce&#8221;, pero no lleg\u00f3. Despu\u00e9s supo de que a\u00fan no se sent\u00eda preparada.<\/p>\n<\/div>\n<div dir=\"ltr\" class=\"bbc-19j92fr e57qer20\" readability=\"10\">\n<p dir=\"ltr\" class=\"bbc-bm53ic e1cc2ql70\">Gabriela muri\u00f3 de c\u00e1ncer en 2007, dos a\u00f1os despu\u00e9s de aquel encuentro, cuando apenas ten\u00eda 28 a\u00f1os.<\/p>\n<\/div>\n<p><h2 id=\"Le-dijeron-que-Daniel-estaba-muerto\" tabindex=\"-1\" class=\"bbc-l3e97o e14hemmw0\">Le dijeron que Daniel estaba muerto<\/h2>\n<\/p>\n<div dir=\"ltr\" class=\"bbc-19j92fr e57qer20\" readability=\"9\">\n<p dir=\"ltr\" class=\"bbc-bm53ic e1cc2ql70\">A diferencia de Mar\u00eda, Daniel nunca hizo ning\u00fan esfuerzo por reconectarse con su familia en Chile. <\/p>\n<\/div>\n<div dir=\"ltr\" class=\"bbc-19j92fr e57qer20\" readability=\"9\">\n<p dir=\"ltr\" class=\"bbc-bm53ic e1cc2ql70\">&#8220;\u00c9l no quer\u00eda buscarla porque sent\u00eda que su mam\u00e1 lo hab\u00eda abandonado cuando apenas ten\u00eda dos d\u00edas de nacido&#8221;, cuenta su hermana. <\/p>\n<\/div>\n<div dir=\"ltr\" class=\"bbc-1ka88fa e57qer20\">\n<figure class=\"bbc-1qdcvv9 e6bmn90\">\n<div dir=\"ltr\" class=\"bbc-172p16q e57qer20\">\n<div dir=\"ltr\" class=\"bbc-189y18v e57qer20\" readability=\"6.5\">\n<div data-e2e=\"image-placeholder\" class=\"bbc-1k5hvrj e1whu0\" readability=\"8\"><noscript><img srcset=\"http:\/\/cordobadirecto.com\/wp-content\/uploads\/2021\/06\/mi-mama-fue-forzada-a-aceptar-que-yo-seria-arrebatada-de-sus-brazos-el-drama-de-los-ninos-robados-en-chile-en-la-epoca-de-pinochet-45.jpg 240w, http:\/\/cordobadirecto.com\/wp-content\/uploads\/2021\/06\/mi-mama-fue-forzada-a-aceptar-que-yo-seria-arrebatada-de-sus-brazos-el-drama-de-los-ninos-robados-en-chile-en-la-epoca-de-pinochet-46.jpg 320w, http:\/\/cordobadirecto.com\/wp-content\/uploads\/2021\/06\/mi-mama-fue-forzada-a-aceptar-que-yo-seria-arrebatada-de-sus-brazos-el-drama-de-los-ninos-robados-en-chile-en-la-epoca-de-pinochet-47.jpg 480w, http:\/\/cordobadirecto.com\/wp-content\/uploads\/2021\/06\/mi-mama-fue-forzada-a-aceptar-que-yo-seria-arrebatada-de-sus-brazos-el-drama-de-los-ninos-robados-en-chile-en-la-epoca-de-pinochet-48.jpg 624w\" alt=\"Carta de identidad de Daniel al nacer.\" src=\"http:\/\/cordobadirecto.com\/wp-content\/uploads\/2021\/06\/mi-mama-fue-forzada-a-aceptar-que-yo-seria-arrebatada-de-sus-brazos-el-drama-de-los-ninos-robados-en-chile-en-la-epoca-de-pinochet-12.jpg\" width=\"624\" class=\"bbc-fat2bc e1enwo3v0\"><\/noscript><\/p>\n<p role=\"text\" class=\"bbc-1s1cxbv etq3yw90\"><span class=\"bbc-1gnhmg2 e1yt7oin0\">Fuente de la imagen, <\/span><span lang=\"en-GB\">Daniel.<\/span><\/p>\n<\/div>\n<\/div>\n<div dir=\"ltr\" class=\"bbc-3edg7g e57qer20\" readability=\"6\"><figcaption dir=\"ltr\" class=\"bbc-1t9zlwf eede9f50\" readability=\"2\"><span class=\"bbc-1gnhmg2 e1yt7oin0\">Pie de foto, <\/span><\/p>\n<p>Copia del pasaporte de Daniel en 1977. Fue sacado de Chile cuando ten\u00eda cinco semanas de nacido.<\/p>\n<\/figcaption><\/div>\n<\/div>\n<\/figure>\n<\/div>\n<div dir=\"ltr\" class=\"bbc-19j92fr e57qer20\" readability=\"8\">\n<p dir=\"ltr\" class=\"bbc-bm53ic e1cc2ql70\">Cuando Mar\u00eda vio con detalle los documentos de Daniel se dio cuenta de que <b>tampoco <\/b><b>ten\u00edan mucho sentido<\/b>. &#8220;Pens\u00e9 que hab\u00eda algo que estaba mal y decid\u00ed buscar a su mam\u00e1 sin su permiso&#8221;.<\/p>\n<\/div>\n<div dir=\"ltr\" class=\"bbc-19j92fr e57qer20\" readability=\"8\">\n<p dir=\"ltr\" class=\"bbc-bm53ic e1cc2ql70\">A trav\u00e9s de Ana Mar\u00eda Olivares descubri\u00f3 que a la madre de Daniel le hab\u00edan dicho que su beb\u00e9 hab\u00eda muerto el d\u00eda despu\u00e9s de su nacimiento. <\/p>\n<\/div>\n<div dir=\"ltr\" class=\"bbc-19j92fr e57qer20\" readability=\"9\">\n<p dir=\"ltr\" class=\"bbc-bm53ic e1cc2ql70\">&#8220;El saber que estaba vivo y que se lo hab\u00edan robado le caus\u00f3 un shock muy grande. Fue algo muy terrible&#8221;, recuerda Olivares. <\/p>\n<\/div>\n<div dir=\"ltr\" class=\"bbc-19j92fr e57qer20\" readability=\"9\">\n<p dir=\"ltr\" class=\"bbc-bm53ic e1cc2ql70\">Daniel ten\u00eda 42 a\u00f1os cuando conoci\u00f3 a su mam\u00e1. &#8220;Fue la primera vez en mi vida que<b> me sent\u00ed verdaderamente vivo<\/b>, que me sent\u00ed una persona real&#8221;. <\/p>\n<\/div>\n<div dir=\"ltr\" class=\"bbc-1ka88fa e57qer20\">\n<figure class=\"bbc-1qdcvv9 e6bmn90\">\n<div dir=\"ltr\" class=\"bbc-172p16q e57qer20\">\n<div dir=\"ltr\" class=\"bbc-189y18v e57qer20\" readability=\"6.5\">\n<div data-e2e=\"image-placeholder\" class=\"bbc-1k5hvrj e1whu0\" readability=\"8\"><noscript><img srcset=\"http:\/\/cordobadirecto.com\/wp-content\/uploads\/2021\/06\/mi-mama-fue-forzada-a-aceptar-que-yo-seria-arrebatada-de-sus-brazos-el-drama-de-los-ninos-robados-en-chile-en-la-epoca-de-pinochet-49.jpg 240w, http:\/\/cordobadirecto.com\/wp-content\/uploads\/2021\/06\/mi-mama-fue-forzada-a-aceptar-que-yo-seria-arrebatada-de-sus-brazos-el-drama-de-los-ninos-robados-en-chile-en-la-epoca-de-pinochet-50.jpg 320w, http:\/\/cordobadirecto.com\/wp-content\/uploads\/2021\/06\/mi-mama-fue-forzada-a-aceptar-que-yo-seria-arrebatada-de-sus-brazos-el-drama-de-los-ninos-robados-en-chile-en-la-epoca-de-pinochet-51.jpg 480w, http:\/\/cordobadirecto.com\/wp-content\/uploads\/2021\/06\/mi-mama-fue-forzada-a-aceptar-que-yo-seria-arrebatada-de-sus-brazos-el-drama-de-los-ninos-robados-en-chile-en-la-epoca-de-pinochet-52.jpg 624w, http:\/\/cordobadirecto.com\/wp-content\/uploads\/2021\/06\/mi-mama-fue-forzada-a-aceptar-que-yo-seria-arrebatada-de-sus-brazos-el-drama-de-los-ninos-robados-en-chile-en-la-epoca-de-pinochet-53.jpg 800w\" alt=\"Daniel naci\u00f3 en este hospital de Temuco en 1977, a su mam\u00e1 le dijeron que su beb\u00e9 hab\u00eda muerto.\" src=\"http:\/\/cordobadirecto.com\/wp-content\/uploads\/2021\/06\/mi-mama-fue-forzada-a-aceptar-que-yo-seria-arrebatada-de-sus-brazos-el-drama-de-los-ninos-robados-en-chile-en-la-epoca-de-pinochet-13.jpg\" width=\"976\" class=\"bbc-fat2bc e1enwo3v0\"><\/noscript><\/p>\n<p role=\"text\" class=\"bbc-1s1cxbv etq3yw90\"><span class=\"bbc-1gnhmg2 e1yt7oin0\">Fuente de la imagen, <\/span><span lang=\"en-GB\">Mar\u00eda Diemar. <\/span><\/p>\n<\/div>\n<\/div>\n<div dir=\"ltr\" class=\"bbc-3edg7g e57qer20\" readability=\"6.5\"><figcaption dir=\"ltr\" class=\"bbc-1t9zlwf eede9f50\" readability=\"3\"><span class=\"bbc-1gnhmg2 e1yt7oin0\">Pie de foto, <\/span><\/p>\n<p>Daniel naci\u00f3 en este hospital de Temuco en 1977, a su mam\u00e1 le dijeron que hab\u00eda muerto.<\/p>\n<\/figcaption><\/div>\n<\/div>\n<\/figure>\n<\/div>\n<div dir=\"ltr\" class=\"bbc-19j92fr e57qer20\" readability=\"7\">\n<p dir=\"ltr\" class=\"bbc-bm53ic e1cc2ql70\">Afirma que todav\u00eda est\u00e1 &#8220;procesando&#8221; el hecho de que fue un beb\u00e9 robado. <\/p>\n<\/div>\n<div dir=\"ltr\" class=\"bbc-19j92fr e57qer20\" readability=\"10\">\n<p dir=\"ltr\" class=\"bbc-bm53ic e1cc2ql70\">&#8220;Cuando pienso en ello, me parece irreal. <b>Es algo que ver\u00edas en una pel\u00edcula <\/b>o un libro. No s\u00e9 c\u00f3mo aceptarlo y me duele much\u00edsimo&#8221;, cuenta. <\/p>\n<\/div>\n<div dir=\"ltr\" class=\"bbc-19j92fr e57qer20\" readability=\"10\">\n<p dir=\"ltr\" class=\"bbc-bm53ic e1cc2ql70\">&#8220;No s\u00f3lo me robaron del hospital, tambi\u00e9n robaron mi identidad y todav\u00eda la estoy buscando&#8221;, afirma.<\/p>\n<\/div>\n<div dir=\"ltr\" class=\"bbc-19j92fr e57qer20\" readability=\"10\">\n<p dir=\"ltr\" class=\"bbc-bm53ic e1cc2ql70\">Lleg\u00f3 a Chile hace casi dos a\u00f1os y planeaba quedarse unos seis meses, pero la pandemia ha retrasado sus planes de regresar a Suecia y a\u00fan se encuentra reunido con su familia biol\u00f3gica en Sudam\u00e9rica. <\/p>\n<\/div>\n<div dir=\"ltr\" class=\"bbc-19j92fr e57qer20\" readability=\"8\">\n<p dir=\"ltr\" class=\"bbc-bm53ic e1cc2ql70\">Mar\u00eda a\u00fan no conoce a &#8220;Aguadulce&#8221;, aunque han hablado por tel\u00e9fono. <\/p>\n<\/div>\n<div dir=\"ltr\" class=\"bbc-19j92fr e57qer20\" readability=\"8\">\n<p dir=\"ltr\" class=\"bbc-bm53ic e1cc2ql70\">En 2016 se reuni\u00f3 con sus hermanos y asegura que fue &#8220;fant\u00e1stico&#8221; poder pasar tiempo con ellos y sus respectivas familias.<\/p>\n<\/div>\n<div dir=\"ltr\" class=\"bbc-1ka88fa e57qer20\">\n<figure class=\"bbc-1qdcvv9 e6bmn90\">\n<div dir=\"ltr\" class=\"bbc-172p16q e57qer20\">\n<div dir=\"ltr\" class=\"bbc-189y18v e57qer20\" readability=\"6.5\">\n<div data-e2e=\"image-placeholder\" class=\"bbc-1k5hvrj e1whu0\" readability=\"8\"><noscript><img srcset=\"http:\/\/cordobadirecto.com\/wp-content\/uploads\/2021\/06\/mi-mama-fue-forzada-a-aceptar-que-yo-seria-arrebatada-de-sus-brazos-el-drama-de-los-ninos-robados-en-chile-en-la-epoca-de-pinochet-54.jpg 240w, http:\/\/cordobadirecto.com\/wp-content\/uploads\/2021\/06\/mi-mama-fue-forzada-a-aceptar-que-yo-seria-arrebatada-de-sus-brazos-el-drama-de-los-ninos-robados-en-chile-en-la-epoca-de-pinochet-55.jpg 320w, http:\/\/cordobadirecto.com\/wp-content\/uploads\/2021\/06\/mi-mama-fue-forzada-a-aceptar-que-yo-seria-arrebatada-de-sus-brazos-el-drama-de-los-ninos-robados-en-chile-en-la-epoca-de-pinochet-56.jpg 480w, http:\/\/cordobadirecto.com\/wp-content\/uploads\/2021\/06\/mi-mama-fue-forzada-a-aceptar-que-yo-seria-arrebatada-de-sus-brazos-el-drama-de-los-ninos-robados-en-chile-en-la-epoca-de-pinochet-57.jpg 624w, http:\/\/cordobadirecto.com\/wp-content\/uploads\/2021\/06\/mi-mama-fue-forzada-a-aceptar-que-yo-seria-arrebatada-de-sus-brazos-el-drama-de-los-ninos-robados-en-chile-en-la-epoca-de-pinochet-58.jpg 800w\" alt=\"Mar\u00eda y Daniel frente a una bandera mapuche.\" src=\"http:\/\/cordobadirecto.com\/wp-content\/uploads\/2021\/06\/mi-mama-fue-forzada-a-aceptar-que-yo-seria-arrebatada-de-sus-brazos-el-drama-de-los-ninos-robados-en-chile-en-la-epoca-de-pinochet-14.jpg\" width=\"976\" class=\"bbc-fat2bc e1enwo3v0\"><\/noscript><\/p>\n<p role=\"text\" class=\"bbc-1s1cxbv etq3yw90\"><span class=\"bbc-1gnhmg2 e1yt7oin0\">Fuente de la imagen, <\/span><span lang=\"en-GB\">Maria Diemar<\/span><\/p>\n<\/div>\n<\/div>\n<div dir=\"ltr\" class=\"bbc-3edg7g e57qer20\" readability=\"6.5\"><figcaption dir=\"ltr\" class=\"bbc-1t9zlwf eede9f50\" readability=\"3\"><span class=\"bbc-1gnhmg2 e1yt7oin0\">Pie de foto, <\/span><\/p>\n<p>Mar\u00eda y Daniel posando con una bandera mapuche. Mar\u00eda lamenta no haberse enterado antes de que es casi 100% ind\u00edgena.<\/p>\n<\/figcaption><\/div>\n<\/div>\n<\/figure>\n<\/div>\n<div dir=\"ltr\" class=\"bbc-19j92fr e57qer20\" readability=\"7\">\n<p dir=\"ltr\" class=\"bbc-bm53ic e1cc2ql70\">Ahora solo espera desde Dallas que pase la pandemia para poder por fin encontrarse con su madre. <\/p>\n<\/div>\n<div dir=\"ltr\" class=\"bbc-19j92fr e57qer20\" readability=\"7\">\n<p dir=\"ltr\" class=\"bbc-bm53ic e1cc2ql70\">Ha sido un proceso m\u00e1s complejo de lo que esperaba. <\/p>\n<\/div>\n<div dir=\"ltr\" class=\"bbc-19j92fr e57qer20\" readability=\"10\">\n<p dir=\"ltr\" class=\"bbc-bm53ic e1cc2ql70\">&#8220;Cuando has estado separado de alguien por tanto tiempo, se hace cada vez m\u00e1s dif\u00edcil dar el paso&#8221;, explica. <\/p>\n<\/div>\n<div dir=\"ltr\" class=\"bbc-19j92fr e57qer20\" readability=\"8\">\n<p dir=\"ltr\" class=\"bbc-bm53ic e1cc2ql70\">En 2019 se hizo una prueba de ADN con la que descubri\u00f3 que era 98,7% ind\u00edgena. <\/p>\n<\/div>\n<div dir=\"ltr\" class=\"bbc-19j92fr e57qer20\" readability=\"12\">\n<p dir=\"ltr\" class=\"bbc-bm53ic e1cc2ql70\">&#8220;Mi mam\u00e1 (chilena) nunca quiso hablar de mi padre, pero siempre asum\u00ed que era mestizo. Por eso, cuando recib\u00ed los resultados del test estaba en shock. Ten\u00eda 44 a\u00f1os cuando entend\u00ed que era casi completamente mapuche. \u00a1Eso significa que mis hijos son mitad ind\u00edgenas!&#8221;, cuenta emocionada<\/p>\n<\/div>\n<div dir=\"ltr\" class=\"bbc-19j92fr e57qer20\" readability=\"9\">\n<p dir=\"ltr\" class=\"bbc-bm53ic e1cc2ql70\">&#8220;Estoy <b>feliz y orgullosa de ser mapuche<\/b>, solo me entristece el no haberlo sabido antes&#8221;, confiesa. <\/p>\n<\/div>\n<div dir=\"ltr\" class=\"bbc-19j92fr e57qer20\" readability=\"8\">\n<p dir=\"ltr\" class=\"bbc-bm53ic e1cc2ql70\">Desde hace casi un a\u00f1o toma clases de mapudungun. Dice que aprender ese idioma la est\u00e1 ayudando a entender de d\u00f3nde viene. <\/p>\n<\/div>\n<div dir=\"ltr\" class=\"bbc-19j92fr e57qer20\" readability=\"8\">\n<p dir=\"ltr\" class=\"bbc-bm53ic e1cc2ql70\">Los mapuches representan cerca del 10% del total de los 19 millones de habitantes que Chile. En su mayor\u00eda viven en zonas rurales pobres del sur. <\/p>\n<\/div>\n<div dir=\"ltr\" class=\"bbc-19j92fr e57qer20\" readability=\"7\">\n<p dir=\"ltr\" class=\"bbc-bm53ic e1cc2ql70\">Muchos de los beb\u00e9s que fueron robados durante el r\u00e9gimen militar eran de esa etnia.<\/p>\n<\/div>\n<div dir=\"ltr\" class=\"bbc-1ka88fa e57qer20\">\n<figure class=\"bbc-1qdcvv9 e6bmn90\">\n<div dir=\"ltr\" class=\"bbc-172p16q e57qer20\">\n<div dir=\"ltr\" class=\"bbc-189y18v e57qer20\">\n<div data-e2e=\"image-placeholder\" class=\"bbc-367mqz e1whu0\"><noscript><img srcset=\"http:\/\/cordobadirecto.com\/wp-content\/uploads\/2021\/06\/mi-mama-fue-forzada-a-aceptar-que-yo-seria-arrebatada-de-sus-brazos-el-drama-de-los-ninos-robados-en-chile-en-la-epoca-de-pinochet-23.jpg 240w, http:\/\/cordobadirecto.com\/wp-content\/uploads\/2021\/06\/mi-mama-fue-forzada-a-aceptar-que-yo-seria-arrebatada-de-sus-brazos-el-drama-de-los-ninos-robados-en-chile-en-la-epoca-de-pinochet-24.jpg 320w, http:\/\/cordobadirecto.com\/wp-content\/uploads\/2021\/06\/mi-mama-fue-forzada-a-aceptar-que-yo-seria-arrebatada-de-sus-brazos-el-drama-de-los-ninos-robados-en-chile-en-la-epoca-de-pinochet-25.jpg 464w\" alt=\"linea\" src=\"http:\/\/cordobadirecto.com\/wp-content\/uploads\/2021\/06\/mi-mama-fue-forzada-a-aceptar-que-yo-seria-arrebatada-de-sus-brazos-el-drama-de-los-ninos-robados-en-chile-en-la-epoca-de-pinochet-3.jpg\" width=\"464\" class=\"bbc-fat2bc e1enwo3v0\"><\/noscript><\/div>\n<\/div>\n<\/div>\n<\/figure>\n<\/div>\n<div dir=\"ltr\" class=\"bbc-19j92fr e57qer20\" readability=\"8\">\n<p dir=\"ltr\" class=\"bbc-bm53ic e1cc2ql70\"><i class=\"bbc-h1y5j7 ewc4zcb0\">Ahora puedes recibir notificaciones de BBC News Mundo. Descarga la nueva versi\u00f3n de nuestra app y act\u00edvalas para no perderte nuestro mejor contenido.<\/i><\/p>\n<\/div>\n","protected":false},"excerpt":{"rendered":"<p>Norberto Paredes @norbertparedes BBC News Mundo 4 horas Fuente de la imagen, Maria Diemar Pie de foto, Daniel cuenta que durante su infancia lo llamaban &#8220;Daniel, el marr\u00f3n&#8221;, porque hab\u00eda otro Daniel en la escuela. Mar\u00eda Diemar (su apellido de casada) aterriz\u00f3 en Suecia desde Chile en 1975, apenas 10 semanas despu\u00e9s de nacer. Dos [&hellip;]<\/p>\n","protected":false},"author":1,"featured_media":8267,"comment_status":"closed","ping_status":"closed","sticky":false,"template":"","format":"standard","meta":[],"categories":[24],"tags":[],"_links":{"self":[{"href":"http:\/\/cordobadirecto.com\/index.php\/wp-json\/wp\/v2\/posts\/8266"}],"collection":[{"href":"http:\/\/cordobadirecto.com\/index.php\/wp-json\/wp\/v2\/posts"}],"about":[{"href":"http:\/\/cordobadirecto.com\/index.php\/wp-json\/wp\/v2\/types\/post"}],"author":[{"embeddable":true,"href":"http:\/\/cordobadirecto.com\/index.php\/wp-json\/wp\/v2\/users\/1"}],"replies":[{"embeddable":true,"href":"http:\/\/cordobadirecto.com\/index.php\/wp-json\/wp\/v2\/comments?post=8266"}],"version-history":[{"count":0,"href":"http:\/\/cordobadirecto.com\/index.php\/wp-json\/wp\/v2\/posts\/8266\/revisions"}],"wp:featuredmedia":[{"embeddable":true,"href":"http:\/\/cordobadirecto.com\/index.php\/wp-json\/wp\/v2\/media\/8267"}],"wp:attachment":[{"href":"http:\/\/cordobadirecto.com\/index.php\/wp-json\/wp\/v2\/media?parent=8266"}],"wp:term":[{"taxonomy":"category","embeddable":true,"href":"http:\/\/cordobadirecto.com\/index.php\/wp-json\/wp\/v2\/categories?post=8266"},{"taxonomy":"post_tag","embeddable":true,"href":"http:\/\/cordobadirecto.com\/index.php\/wp-json\/wp\/v2\/tags?post=8266"}],"curies":[{"name":"wp","href":"https:\/\/api.w.org\/{rel}","templated":true}]}}