{"id":8304,"date":"2021-06-15T07:51:57","date_gmt":"2021-06-15T07:51:57","guid":{"rendered":"http:\/\/cordobadirecto.com\/index.php\/2021\/06\/15\/en-el-campo-ya-debaten-si-impulsan-un-nuevo-paro-por-el-cepo-a-la-exportacion-de-carne\/"},"modified":"2021-06-15T07:51:57","modified_gmt":"2021-06-15T07:51:57","slug":"en-el-campo-ya-debaten-si-impulsan-un-nuevo-paro-por-el-cepo-a-la-exportacion-de-carne","status":"publish","type":"post","link":"http:\/\/cordobadirecto.com\/index.php\/2021\/06\/15\/en-el-campo-ya-debaten-si-impulsan-un-nuevo-paro-por-el-cepo-a-la-exportacion-de-carne\/","title":{"rendered":"En el campo ya debaten si impulsan un <b>nuevo<\/b> paro por el cepo a la exportaci\u00f3n de carne"},"content":{"rendered":"<p>La semana pasada, la Mesa de Enlace de Santa Fe logr\u00f3 juntar en una reuni\u00f3n virtual a los ministros de Agricultura de <b>C\u00f3rdoba<\/b>, Sergio Busso, y a su&nbsp;&#8230; <\/p>\n","protected":false},"excerpt":{"rendered":"<p>La semana pasada, la Mesa de Enlace de Santa Fe logr\u00f3 juntar en una reuni\u00f3n virtual a los ministros de Agricultura de C\u00f3rdoba, Sergio Busso, y a su&nbsp;&#8230;<\/p>\n","protected":false},"author":1,"featured_media":0,"comment_status":"closed","ping_status":"closed","sticky":false,"template":"","format":"standard","meta":[],"categories":[40],"tags":[],"_links":{"self":[{"href":"http:\/\/cordobadirecto.com\/index.php\/wp-json\/wp\/v2\/posts\/8304"}],"collection":[{"href":"http:\/\/cordobadirecto.com\/index.php\/wp-json\/wp\/v2\/posts"}],"about":[{"href":"http:\/\/cordobadirecto.com\/index.php\/wp-json\/wp\/v2\/types\/post"}],"author":[{"embeddable":true,"href":"http:\/\/cordobadirecto.com\/index.php\/wp-json\/wp\/v2\/users\/1"}],"replies":[{"embeddable":true,"href":"http:\/\/cordobadirecto.com\/index.php\/wp-json\/wp\/v2\/comments?post=8304"}],"version-history":[{"count":0,"href":"http:\/\/cordobadirecto.com\/index.php\/wp-json\/wp\/v2\/posts\/8304\/revisions"}],"wp:attachment":[{"href":"http:\/\/cordobadirecto.com\/index.php\/wp-json\/wp\/v2\/media?parent=8304"}],"wp:term":[{"taxonomy":"category","embeddable":true,"href":"http:\/\/cordobadirecto.com\/index.php\/wp-json\/wp\/v2\/categories?post=8304"},{"taxonomy":"post_tag","embeddable":true,"href":"http:\/\/cordobadirecto.com\/index.php\/wp-json\/wp\/v2\/tags?post=8304"}],"curies":[{"name":"wp","href":"https:\/\/api.w.org\/{rel}","templated":true}]}}