{"id":8392,"date":"2021-06-17T15:32:00","date_gmt":"2021-06-17T15:32:00","guid":{"rendered":"http:\/\/cordobadirecto.com\/index.php\/2021\/06\/17\/reabren-teatros-y-cines-en-todo-el-pais-con-protocolos-y-aforo-reducido\/"},"modified":"2021-06-17T15:32:00","modified_gmt":"2021-06-17T15:32:00","slug":"reabren-teatros-y-cines-en-todo-el-pais-con-protocolos-y-aforo-reducido","status":"publish","type":"post","link":"http:\/\/cordobadirecto.com\/index.php\/2021\/06\/17\/reabren-teatros-y-cines-en-todo-el-pais-con-protocolos-y-aforo-reducido\/","title":{"rendered":"Reabren teatros y cines en todo el pa\u00eds con protocolos y aforo reducido"},"content":{"rendered":"<div class=\"image\" id=\"image\" readability=\"8\"> <img src=\"http:\/\/cordobadirecto.com\/wp-content\/uploads\/2021\/06\/reabren-teatros-y-cines-en-todo-el-pais-con-protocolos-y-aforo-reducido.jpg\" alt=\"Los cines reabren con un 30% de aforo, mientras que los teatros con un 50.\" title=\"Los cines reabren con un 30% de aforo, mientras que los teatros con un 50.\"><\/p>\n<p>Los cines reabren con un 30% de aforo, mientras que los teatros con un 50.<\/p>\n<\/div>\n<p>El Gobierno Nacional habilit\u00f3 la reapertura de actividades culturales presenciales en zonas &#8220;de alto riesgo epidemiol\u00f3gico y sanitario&#8221; de todo el pa\u00eds, con protocolos sanitarios y <strong>un aforo del 50 por ciento para salas de teatro y 30 por ciento para cines.<\/strong><\/p>\n<p>Luego de que el <strong>Gobierno porte\u00f1o<\/strong> <strong>anunciara la apertura de las salas de teatro y cine<\/strong> con el 30 por ciento de aforo para el \u00e1mbito de la Ciudad a partir de este viernes, esta ma\u00f1ana el <strong>Gobierno Nacional<\/strong> anunci\u00f3 a trav\u00e9s del <strong>Bolet\u00edn Oficial la reanudaci\u00f3n de &#8220;actividades en cines, teatros y salas de espect\u00e1culos de centros culturales&#8221;<\/strong> para las zonas del pa\u00eds que se encuentran en &#8220;alto riesgo&#8221; epidemiol\u00f3gico y sanitario y en situaci\u00f3n de &#8220;alarma&#8221;.<\/p>\n<div class=\"image\" id=\"image\" readability=\"11\"> <img src=\"http:\/\/cordobadirecto.com\/wp-content\/uploads\/2021\/06\/reabren-teatros-y-cines-en-todo-el-pais-con-protocolos-y-aforo-reducido-1.jpg\" alt=\"La decisi\u00f3n es &quot;para celebrar por parte de la gente de la cultura, de artes esc\u00e9nicas, de teatro y m\u00fasica&quot;, dijo Rottemberg.\" title=\"La decisi\u00f3n es &quot;para celebrar por parte de la gente de la cultura, de artes esc\u00e9nicas, de teatro y m\u00fasica&quot;, dijo Rottemberg.\"><\/p>\n<p>La decisi\u00f3n es &#8220;para celebrar por parte de la gente de la cultura, de artes esc\u00e9nicas, de teatro y m\u00fasica&#8221;, dijo Rottemberg.<\/p>\n<\/div>\n<p>La decisi\u00f3n, con firma del jefe de Gabinete, Santiago Cafiero; y la ministra de Salud, Carla Vizzotti, establece que &#8220;en las salas de teatros y de espect\u00e1culos se permite un 50% de aforo, sin expendio de bebidas y comidas y en los cines se permite un 30 por ciento de aforo, con expendio de golosinas y bebidas, el que podr\u00e1 ser aumentado conforme la situaci\u00f3n epidemiol\u00f3gica y de conformidad con los protocolos vigentes&#8221;.<\/p>\n<blockquote readability=\"10\">\n<p>&#8220;Trabajamos con el mismo fin com\u00fan que es, dentro de la actividad, defender las fuentes laborales, crear proyectos, brindar seguridad con los protocolos consensuados&#8221;<span class=\"comilla\">\u201d<\/span><\/p>\n<p><span>Carlos Rottemberg<\/span><\/p>\n<\/blockquote>\n<p>Adem\u00e1s, se especifica que las personas afectadas al desarrollo de esas actividades deber\u00e1n portar el <strong>Certificado \u00danico Habilitante para Circulaci\u00f3n-Emergencia Covid-19<\/strong>, en tanto el p\u00fablico que deba circular fuera de los horarios permitidos por cada jurisdicci\u00f3n por asistir a un espect\u00e1culo podr\u00e1 <strong>&#8220;acreditar su condici\u00f3n con los tickets de acceso&#8221;.<\/strong><\/p>\n<p>Al respecto, <strong>Carlos Rottemberg<\/strong>, titular de la Asociaci\u00f3n de Empresarios Teatrales (Aadet) consider\u00f3 que <strong>la decisi\u00f3n es &#8220;para celebrar por parte de la gente de la cultura, de artes esc\u00e9nicas, de teatro y m\u00fasica&#8221;<\/strong>.<\/p>\n<p><strong>&#8220;Estoy convencido de que estas iniciativas salen fundamentalmente porque siempre mantuvimos la premisa de priorizar la salud y defender las fuentes de trabajo&#8221;<\/strong>, se\u00f1al\u00f3 en declaraciones a Radio T\u00e9lam y destac\u00f3 el trabajo mancomunado realizado entre la Asociaci\u00f3n Argentina de Actores; el Sindicato Argentino de M\u00fasicos; Argentores, el Sindicato \u00danico de Trabajadores de Espect\u00e1culos P\u00fablicos; la Uni\u00f3n de Maquinistas de Teatro y Aadet<\/p>\n<p>&#8220;Trabajamos con el mismo fin com\u00fan que es, dentro de la actividad, defender las fuentes laborales, crear proyectos, brindar seguridad con los protocolos consensuados que se trasunta en bienestar de una comunidad art\u00edstica que durante 15 meses ve realmente mermada sus posibilidades a partir de este flagelo sanitario que nos atraves\u00f3&#8221;, destac\u00f3.<\/p>\n<p>Se abre el tel\u00f3n <\/p>\n<p>Adem\u00e1s, en el Multitabaris (Av. Corrientes 831) volver\u00e1 la celebraci\u00f3n de <strong>&#8220;Brujas&#8221;<\/strong> por sus 30 a\u00f1os, en el Picadilly (Av. Corrientes 1524) estar\u00e1 Sergio Gonal con <strong>&#8220;Nada es igual&#8221;<\/strong> (el viernes) y<strong> &#8220;Radojka&#8221;<\/strong>, con Cecilia Dopazo y Patricia Palmer (el s\u00e1bado), la comedia <strong>&#8220;La chica del sombrero rosa&#8221;<\/strong> ir\u00e1 al Teatro La Casona (Av. Corrientes 1975) y el musical <strong>&#8220;Vac\u00edo&#8221;<\/strong> al Cultural San Mart\u00edn (Sarmiento 1551).<\/p>\n<p>La grilla comercial a\u00f1ade, entre otras propuestas, <strong>&#8220;El acompa\u00f1amiento&#8221;<\/strong>, pieza protagonizada por Luis Brandoni en el Multiteatro (Corrientes 1283), tres \u00fanicas funciones (18,19 y 20) de <strong>&#8220;Tres empanadas&#8221;<\/strong> en el Broadway (Av. Corrientes 1155), el regreso de <strong>&#8220;Sex&#8221; <\/strong>con funciones a las 20 y 22 en Gorriti Art Center (Av. Juan B. Justo 1617) y <strong>&#8220;Gracias, Mar\u00eda Elena&#8221;<\/strong> en el Regina (Av. Santa Fe 1235)<\/p>\n<p>El reclamo de salas independientes<\/p>\n<p>Pero mientras desde el teatro comercial celebran el anuncio, <strong>representantes de salas independientes reaccionaron con cautela, reclamando ayuda estatal y advirtiendo que &#8220;no hay margen para otro cierre&#8221;.<\/strong><\/p>\n<p>Mientras fuentes del <strong>Ministerio de Cultura porte\u00f1o<\/strong> confirmaron a T\u00e9lam que la Ciudad arrancar\u00e1 con un aforo &#8220;del 30 por ciento y ser\u00e1 progresivo&#8221;, desde los espacios independientes aseguran que, para ellos, la &#8220;vuelta del teatro&#8221;, si bien es mejor una sala abierta que una cerrada, es m\u00e1s un eslogan que una realidad.<\/p>\n<blockquote readability=\"9\">\n<p>&#8220;Estamos en econom\u00eda de guerra, casi no pudiendo pagar sueldos y tratando de sobrevivir para que, cuando la cosa pueda funcionar definitivamente, todav\u00eda exista la sala&#8221;<span class=\"comilla\">\u201d<\/span><\/p>\n<p><span>Francisco Lumerman<\/span><\/p>\n<\/blockquote>\n<p>Los reclamos, en general, coinciden con que el anuncio porte\u00f1o fue sorpresivo, que el aforo del 30 por ciento es insuficiente, que no hay resto econ\u00f3mico tras haber adaptado a finales de 2020 las salas para cumplir con el protocolo y luego tener que cerrar. La mayor\u00eda, adem\u00e1s, descree que la apertura, en invierno y con una situaci\u00f3n epidemiol\u00f3gica compleja, vaya a ser definitiva.<\/p>\n<p>&#8220;Estamos en econom\u00eda de guerra, casi no pudiendo pagar sueldos y tratando de sobrevivir para que, cuando la cosa pueda funcionar definitivamente, todav\u00eda exista la sala&#8221; dijo a T\u00e9lam el actor, director y dramaturgo <strong>Francisco Lumerman<\/strong>, responsable junto a Lisandro Penelas de la sala de Villa Crespo Mosc\u00fa Teatro.<\/p>\n<p>Luego de nueve semanas de cierre, agreg\u00f3 que de los siete espect\u00e1culos que ten\u00edan en cartel &#8220;ninguno siente que est\u00e9n dadas las condiciones para volver&#8221;.<\/p>\n<p><strong>&#8220;Ojal\u00e1 se reactive -agreg\u00f3- pero esta vez no vamos a ser punta de lanza como en el verano: deseo que sean los teatros estatales, que con la plata de los impuestos de todos, son los que deber\u00edan ocuparse de eso&#8221;.<\/strong><\/p>\n<div class=\"image\" id=\"image\" readability=\"10\"> <img src=\"http:\/\/cordobadirecto.com\/wp-content\/uploads\/2021\/06\/reabren-teatros-y-cines-en-todo-el-pais-con-protocolos-y-aforo-reducido-2.jpg\" alt=\"Jonathan Zak: &quot;La situaci\u00f3n es de supervivencia, es el mismo problema cada vez m\u00e1s profundo, estamos al l\u00edmite y la lucha es d\u00eda a d\u00eda&quot;.\" title=\"Jonathan Zak: &quot;La situaci\u00f3n es de supervivencia, es el mismo problema cada vez m\u00e1s profundo, estamos al l\u00edmite y la lucha es d\u00eda a d\u00eda&quot;.\"><\/p>\n<p>Jonathan Zak: &#8220;La situaci\u00f3n es de supervivencia, es el mismo problema cada vez m\u00e1s profundo, estamos al l\u00edmite y la lucha es d\u00eda a d\u00eda&#8221;.<\/p>\n<\/div>\n<p>Mariano Stolkiner es due\u00f1o de El extranjero, sala emblem\u00e1tica del barrio de Abasto, y <strong>pidi\u00f3 a los &#8220;gobiernos que tomen la cultura en serio: En este tiempo demostraron un enorme desinter\u00e9s, sobre todo por la cultura independiente y autogestiva&#8221;<\/strong>.<\/p>\n<p>En la misma l\u00ednea, Alejandra Carpineti, productora y programadora de La Carpinter\u00eda, destac\u00f3 que &#8220;queda pendiente sentir que hay un plan por parte del Gobierno porte\u00f1o que no sea solo pujar por la apertura como si fuera suficiente para que vuelva a la normalidad&#8221;.<\/p>\n<p>Desde Timbre 4, el productor Jonathan Zak dijo que intentar\u00e1n reponer la pieza que estaba en cartel de Mariano Tenconi Blanco, &#8220;La vida extraordinaria&#8221;, pero a\u00fan sin fecha cierta.<strong> &#8220;La situaci\u00f3n es de supervivencia, es el mismo problema cada vez m\u00e1s profundo, estamos al l\u00edmite y la lucha es d\u00eda a d\u00eda&#8221;<\/strong>.<\/p>\n<p>Mat\u00edas Puricelli, uno de los due\u00f1os del M\u00e9todo Kair\u00f3s, admiti\u00f3 que pensaron en cerrar definitivamente el espacio de Palermo y &#8220;no es algo para nada descartado&#8221;, mientras que Sergio Albornoz, del Teatro Quir\u00f3n de Boedo con 40 butacas dice: <strong>&#8220;\u00bfSi vamos a reponer funciones? El costo de poner ventilaci\u00f3n mec\u00e1nica cuesta m\u00e1s de 600 mil pesos as\u00ed que por ahora ser\u00e1 muy dif\u00edcil abrir&#8221;<\/strong>.<\/p>\n","protected":false},"excerpt":{"rendered":"<p>Los cines reabren con un 30% de aforo, mientras que los teatros con un 50. El Gobierno Nacional habilit\u00f3 la reapertura de actividades culturales presenciales en zonas &#8220;de alto riesgo epidemiol\u00f3gico y sanitario&#8221; de todo el pa\u00eds, con protocolos sanitarios y un aforo del 50 por ciento para salas de teatro y 30 por ciento [&hellip;]<\/p>\n","protected":false},"author":1,"featured_media":8393,"comment_status":"closed","ping_status":"closed","sticky":false,"template":"","format":"standard","meta":[],"categories":[20],"tags":[],"_links":{"self":[{"href":"http:\/\/cordobadirecto.com\/index.php\/wp-json\/wp\/v2\/posts\/8392"}],"collection":[{"href":"http:\/\/cordobadirecto.com\/index.php\/wp-json\/wp\/v2\/posts"}],"about":[{"href":"http:\/\/cordobadirecto.com\/index.php\/wp-json\/wp\/v2\/types\/post"}],"author":[{"embeddable":true,"href":"http:\/\/cordobadirecto.com\/index.php\/wp-json\/wp\/v2\/users\/1"}],"replies":[{"embeddable":true,"href":"http:\/\/cordobadirecto.com\/index.php\/wp-json\/wp\/v2\/comments?post=8392"}],"version-history":[{"count":0,"href":"http:\/\/cordobadirecto.com\/index.php\/wp-json\/wp\/v2\/posts\/8392\/revisions"}],"wp:featuredmedia":[{"embeddable":true,"href":"http:\/\/cordobadirecto.com\/index.php\/wp-json\/wp\/v2\/media\/8393"}],"wp:attachment":[{"href":"http:\/\/cordobadirecto.com\/index.php\/wp-json\/wp\/v2\/media?parent=8392"}],"wp:term":[{"taxonomy":"category","embeddable":true,"href":"http:\/\/cordobadirecto.com\/index.php\/wp-json\/wp\/v2\/categories?post=8392"},{"taxonomy":"post_tag","embeddable":true,"href":"http:\/\/cordobadirecto.com\/index.php\/wp-json\/wp\/v2\/tags?post=8392"}],"curies":[{"name":"wp","href":"https:\/\/api.w.org\/{rel}","templated":true}]}}