{"id":8394,"date":"2021-06-17T15:32:10","date_gmt":"2021-06-17T15:32:10","guid":{"rendered":"http:\/\/cordobadirecto.com\/index.php\/2021\/06\/17\/sbaraglia-guemes-fue-una-figura-muy-controversial-para-las-clases-altas\/"},"modified":"2021-06-17T15:32:10","modified_gmt":"2021-06-17T15:32:10","slug":"sbaraglia-guemes-fue-una-figura-muy-controversial-para-las-clases-altas","status":"publish","type":"post","link":"http:\/\/cordobadirecto.com\/index.php\/2021\/06\/17\/sbaraglia-guemes-fue-una-figura-muy-controversial-para-las-clases-altas\/","title":{"rendered":"Sbaraglia: &#8220;G\u00fcemes fue una figura muy controversial para las clases altas&#8221;"},"content":{"rendered":"<div class=\"image\" id=\"image\" readability=\"7\"> <img src=\"http:\/\/cordobadirecto.com\/wp-content\/uploads\/2021\/06\/sbaraglia-guemes-fue-una-figura-muy-controversial-para-las-clases-altas.jpg\" alt=\"Leonardo Sbaraglia volvi\u00f3 a filmar despu\u00e9s de m\u00e1s de un a\u00f1o.\" title=\"Leonardo Sbaraglia volvi\u00f3 a filmar despu\u00e9s de m\u00e1s de un a\u00f1o.\"><\/p>\n<p>Leonardo Sbaraglia volvi\u00f3 a filmar despu\u00e9s de m\u00e1s de un a\u00f1o.<\/p>\n<\/div>\n<p>Antes de su estreno de este mi\u00e9rcoles por la pantalla de Canal Encuentro, el actor Leonardo Sbaraglia dialog\u00f3 con T\u00e9lam acerca de &#8220;Ensayo para G\u00fcemes&#8221;, un mediometraje dirigido por Daniel Rosenfeld que adem\u00e1s re\u00fane las actuaciones de Mercedes Mor\u00e1n, Martina Garello y Walter Jakob y que pone el acento en la humanidad y el pensamiento del caudillo salte\u00f1o y figura clave en la lucha por la independencia del pa\u00eds a 200 a\u00f1os de su fallecimiento.<\/p>\n<p>&#8220;Hasta uno mismo conoc\u00eda poco sobre la figura de G\u00fcemes; m\u00e1s all\u00e1 de saber que era salte\u00f1o, que hab\u00eda sido gobernador y que hab\u00eda formado parte del proceso de independencia de nuestro pa\u00eds. De todas maneras,<strong> la figura del gaucho en aqu\u00e9l entonces era muy distinta a la imagen que se tiene de hoy<\/strong>&#8220;, se\u00f1al\u00f3 a T\u00e9lam Sbaraglia quien no filmaba en el pa\u00eds desde marzo del a\u00f1o pasado.<\/p>\n<p> <iframe width=\"560\" height=\"315\" src=\"https:\/\/www.youtube.com\/embed\/ztIYfQYwetg?wmode=transparent&amp;showinfo=0&amp;autohide=1&amp;rel=0\" frameborder=\"0\" allowfullscreen>[embedded content]<\/iframe> <\/p>\n<p>&#8220;Encuentro sobre G\u00fcemes&#8221;<\/p>\n<p>Para Sbaraglia, la pel\u00edcula tiene &#8220;una cosa<strong> tan descontracturada, tan moderna y tan emotiva <\/strong>que va a llegar a mucha m\u00e1s gente joven como material did\u00e1ctico en las escuelas&#8221; y acerca a un personaje hist\u00f3rico que fue &#8220;muy importante y que por cuestiones pol\u00edticas, econ\u00f3micas y sociales fue muy maltratada durante much\u00edsimos a\u00f1os&#8221;.<\/p>\n<p>&#8220;<strong>Para ciertos sectores de las clases m\u00e1s altas, segu\u00eda siendo una figura muy controversial<\/strong>&nbsp;en el 1910 porque hab\u00eda sido un tipo relacionado al mundo de los gauchos, viniendo \u00e9l de la burgues\u00eda, criado por los godos y aprendiendo lat\u00edn. Un tipo que no pertenec\u00eda al mundo de los gauchos, pero que <strong>con su dignidad, su moral y su capacidad de lucha termin\u00f3 siendo el m\u00e1s gaucho de los gauchos<\/strong>&#8220;, subray\u00f3 el int\u00e9rprete que el 30 de junio cumplir\u00e1 51 a\u00f1os.<\/p>\n<p>La referencia a 1910 alude a que en ese a\u00f1o el artista pl\u00e1stico Antonio Alice pint\u00f3 &#8220;La muerte de G\u00fcemes&#8221; -para el centenario de la Revoluci\u00f3n de Mayo-, y la obra es tomada en el mediometraje para ensayar una representaci\u00f3n teatral de la misma. Esta pintura, una de las m\u00e1s emblem\u00e1ticas de Alice, hoy se puede apreciar en uno de los salones de la Legislatura salte\u00f1a.<\/p>\n<p><strong>-Sbaraglia, \u00bfqu\u00e9 signific\u00f3 para vos volver a hacer cine y m\u00e1s en estos tiempos de pandemia y bajo estrictos protocolos?<\/strong><\/p>\n<p>-Primero quiero aclarar que no es una pel\u00edcula. <strong>Entiendo que en el contexto en el que estamos, una gota en el desierto parece que es un lago <\/strong>y que uno, justamente lo festeja. Rodamos durante dos d\u00edas la semana pasada y ahora ya se est\u00e1 estrenando por Canal Encuentro. No le quiero dar una dimensi\u00f3n m\u00e1s grande de la que tiene, porque no es ni una pel\u00edcula y tampoco una serie de televisi\u00f3n. Est\u00e1 bueno aclararlo para no generar una expectativa en la gente que despu\u00e9s no se va a cumplir. Desgraciadamente, como hay tanta necesidad de decir que estamos haciendo algo, que estamos haciendo cultura y produciendo, las cosas se pueden llegar a inflar.<\/p>\n<p>Esta es una producci\u00f3n muy peque\u00f1a y muy sencilla, que qued\u00f3 preciosa gracias al talento de su director, que trabaj\u00f3 el guion con (Mariano) Llin\u00e1s, con un punto de partida que nada ten\u00eda que ver con idealizar la figura de G\u00fcemes. <strong>Es un homenaje a los 200 a\u00f1os de su muerte; con mucho valor po\u00e9tico y de imagen<\/strong>, que se pudo logra a\u00fan bajo estas condiciones que impone la pandemia, que detuvo nuestra actividad desde hace un a\u00f1o y medio. Salvando las distancias, como Al Pacino busca a Ricardo III en &#8220;Looking for Richard&#8221;, nos propusimos tratar de entender y encontrar la figura de G\u00faemes.<\/p>\n<p><strong>-\u00bfPens\u00e1s que las limitaciones que tuvieron para rodarla termin\u00f3 por aportarle otro car\u00e1cter al resultado final?<\/strong><\/p>\n<p>-Estamos haciendo lo mejor que podemos en este contexto y se logr\u00f3 algo que es moderno, que es sencillo, que logra poes\u00eda ,que logra con el trabajo que hizo tanto las retroproyecciones, los bailarines, las coreograf\u00edas que representan las batallas, las cartas de G\u00fcemes que son tan valiosas y tan emotivas. Rosenfeld logr\u00f3 sintetizar todo eso a\u00fan con las condiciones que ten\u00eda, tanto econ\u00f3micas como restricciones de tiempo o sanitarias. Hay algo de lo que se vive en &#8220;Ensayo para G\u00fcemes&#8221; que refleja esta idea: que lo posible es esto&#8221;.<\/p>\n<div class=\"image\" id=\"image\" readability=\"10\"> <img src=\"http:\/\/cordobadirecto.com\/wp-content\/uploads\/2021\/06\/sbaraglia-guemes-fue-una-figura-muy-controversial-para-las-clases-altas-1.jpg\" alt=\"&quot;La muerte de G\u00fcemes&quot;, la gran obra del pintos Antonio Alice, inspiradora de la producci\u00f3n de Encuentro.\" title=\"&quot;La muerte de G\u00fcemes&quot;, la gran obra del pintos Antonio Alice, inspiradora de la producci\u00f3n de Encuentro.\"><\/p>\n<p>&#8220;La muerte de G\u00fcemes&#8221;, la gran obra del pintos Antonio Alice, inspiradora de la producci\u00f3n de Encuentro.<\/p>\n<\/div>\n<p><strong>-\u00bfQu\u00e9 dimensi\u00f3n le aporta el cuadro de Antonio Alice al desarrollo de la trama?<\/strong><\/p>\n<p>-Al margen de querer participar porque est\u00e1 bueno participar en cuestiones as\u00ed, <strong>uno como actor siempre prioriza la parte art\u00edstica y po\u00e9tica.<\/strong> Adem\u00e1s de que estaba Daniel, con quien me une una relaci\u00f3n de amistad y con quien hab\u00edamos trabajado juntos en &#8220;Cornelia frente al espejo&#8221;; estaba el guion de Mariano Llin\u00e1s, a quien aprecio mucho a nivel art\u00edstico. Es alguien que siempre est\u00e1 hablando desde un lugar muy personal y muy original. El punto de partida que encontraron con el cuadro de Alice fue una muy linda excusa y una plataforma para poder desarrollar otras cosas. El actor siempre quiere hacer un poquito m\u00e1s y un mon\u00f3logo, pero en &#8220;Ensayo para G\u00fcemes&#8221; mi personaje habla como si fuera una representaci\u00f3n viva de esa pintura que es en definitiva la excusa para desarrollar toda otra historia.<\/p>\n","protected":false},"excerpt":{"rendered":"<p>Leonardo Sbaraglia volvi\u00f3 a filmar despu\u00e9s de m\u00e1s de un a\u00f1o. Antes de su estreno de este mi\u00e9rcoles por la pantalla de Canal Encuentro, el actor Leonardo Sbaraglia dialog\u00f3 con T\u00e9lam acerca de &#8220;Ensayo para G\u00fcemes&#8221;, un mediometraje dirigido por Daniel Rosenfeld que adem\u00e1s re\u00fane las actuaciones de Mercedes Mor\u00e1n, Martina Garello y Walter Jakob [&hellip;]<\/p>\n","protected":false},"author":1,"featured_media":8395,"comment_status":"closed","ping_status":"closed","sticky":false,"template":"","format":"standard","meta":[],"categories":[20],"tags":[],"_links":{"self":[{"href":"http:\/\/cordobadirecto.com\/index.php\/wp-json\/wp\/v2\/posts\/8394"}],"collection":[{"href":"http:\/\/cordobadirecto.com\/index.php\/wp-json\/wp\/v2\/posts"}],"about":[{"href":"http:\/\/cordobadirecto.com\/index.php\/wp-json\/wp\/v2\/types\/post"}],"author":[{"embeddable":true,"href":"http:\/\/cordobadirecto.com\/index.php\/wp-json\/wp\/v2\/users\/1"}],"replies":[{"embeddable":true,"href":"http:\/\/cordobadirecto.com\/index.php\/wp-json\/wp\/v2\/comments?post=8394"}],"version-history":[{"count":0,"href":"http:\/\/cordobadirecto.com\/index.php\/wp-json\/wp\/v2\/posts\/8394\/revisions"}],"wp:featuredmedia":[{"embeddable":true,"href":"http:\/\/cordobadirecto.com\/index.php\/wp-json\/wp\/v2\/media\/8395"}],"wp:attachment":[{"href":"http:\/\/cordobadirecto.com\/index.php\/wp-json\/wp\/v2\/media?parent=8394"}],"wp:term":[{"taxonomy":"category","embeddable":true,"href":"http:\/\/cordobadirecto.com\/index.php\/wp-json\/wp\/v2\/categories?post=8394"},{"taxonomy":"post_tag","embeddable":true,"href":"http:\/\/cordobadirecto.com\/index.php\/wp-json\/wp\/v2\/tags?post=8394"}],"curies":[{"name":"wp","href":"https:\/\/api.w.org\/{rel}","templated":true}]}}