{"id":8535,"date":"2021-06-17T18:48:50","date_gmt":"2021-06-17T18:48:50","guid":{"rendered":"https:\/\/www.cordoba.gob.ar\/?p=10367"},"modified":"2021-06-17T18:48:50","modified_gmt":"2021-06-17T18:48:50","slug":"convocatoria-arte-de-nuestra-gente-2021-se-dieron-a-conocer-los-25-proyectos-elegidos-para-murales","status":"publish","type":"post","link":"http:\/\/cordobadirecto.com\/index.php\/2021\/06\/17\/convocatoria-arte-de-nuestra-gente-2021-se-dieron-a-conocer-los-25-proyectos-elegidos-para-murales\/","title":{"rendered":"Convocatoria \u201cArte de Nuestra Gente 2021\u201d: se dieron a conocer los 25 proyectos elegidos para murales"},"content":{"rendered":"<div><img src=\"http:\/\/cordobadirecto.com\/wp-content\/uploads\/2021\/06\/convocatoria-arte-de-nuestra-gente-2021-se-dieron-a-conocer-los-25-proyectos-elegidos-para-murales.jpg\" class=\"ff-og-image-inserted\"><\/div>\n<p>La Subsecretar\u00eda de Cultura dependiente de la Secretar\u00eda de Gobierno, inform\u00f3 los resultados de la convocatoria para proyectos de murales \u201cArte de Nuestra Gente 2021\u201d. Sobre un total de 60 proyectos recibidos, fueron seleccionados 25.<\/p>\n<p>El programa convoc\u00f3 bajo el lema \u201cC\u00f3rdoba, ciudad de todas las culturas\u201d, fomentando expresiones sobre g\u00e9nero y derechos humanos, identidades locales, transculturalidad, infancias y juventudes, &nbsp;biodiversidad y contextos urbanos<\/p>\n<p>La convocatoria se abri\u00f3 durante el mes de abril, en el marco del programa Arte de Nuestra Gente. En funci\u00f3n de las bases y condiciones, cada proyecto recibir\u00e1 un monto \u00fanico de 40 mil pesos &nbsp;en todo concepto, contemplando honorarios art\u00edsticos e insumos para la realizaci\u00f3n de un mural de 10 m2, con independencia del car\u00e1cter individual o colectivo de la propuesta seleccionada.<\/p>\n<p>El jurado estuvo conformado por Liliana Di Negro, en representaci\u00f3n de la Facultad de Artes de la Universidad Nacional de C\u00f3rdoba; H\u00e9ctor Julio Chalub de la &nbsp;Universidad Provincial de C\u00f3rdoba; Jos\u00e9 Lezcano , subdirector de emprendimientos creativos de la Municipalidad de C\u00f3rdoba, &nbsp;y las artistas Lu Yorlano y Cecilia de Medeiros.<\/p>\n<p>Los proyectos seleccionados fueron:<\/p>\n<p>*Nicol\u00e1s A. Bordones Arena<\/p>\n<p>*Grupo A dos pinceles<\/p>\n<p>*Charo Sci\u00fa<\/p>\n<p>*Aquelarre Colectivo de Artistas<\/p>\n<p>*Colectivo Loffredo Art<\/p>\n<p>*Colectivo Murales de Mayonesa<\/p>\n<p>*Colectivo Polen<\/p>\n<p>*Federico G. Rava<\/p>\n<p>*Florencia Bernal<\/p>\n<p>*Jos\u00e9 A. Sasia y Georgina Ravassi<\/p>\n<p>*Juan M. Zeballos<\/p>\n<p>*Juan P. Libo\u00e1<\/p>\n<p>*Liliana Alba P\u00e9rez<\/p>\n<p>*Emmanuel L. Aguilera<\/p>\n<p>*Marcos Ochat N\u00fa\u00f1ez<\/p>\n<p>*Colectivo La Leonardo Favio<\/p>\n<p>*Mar\u00eda V. Hamsa<\/p>\n<p>*Mariana Gabor y Micaela Z\u00e1rate<\/p>\n<p>*Milagros Pe\u00f1aloza<\/p>\n<p>*Natalia S. Victoriano Nome<\/p>\n<p>*Roc\u00edo Casorr\u00e1n y Jos\u00e9 Paiva<\/p>\n<p>*Rodrigo E. Mathot<\/p>\n<p>*Santiago A. Viale<\/p>\n<p>*Sebasti\u00e1n Salguero y Natalia Guendulain<\/p>\n<p>*Valeria Stechina, Federico Navarrete y Julio Vaca<\/p>\n","protected":false},"excerpt":{"rendered":"<p>La Subsecretar\u00eda de Cultura dependiente de la Secretar\u00eda de Gobierno, inform\u00f3 los resultados de la convocatoria para proyectos de murales \u201cArte de Nuestra Gente 2021\u201d. Sobre un total de 60 proyectos recibidos, fueron seleccionados 25. El programa convoc\u00f3 bajo el lema \u201cC\u00f3rdoba, ciudad de todas las culturas\u201d, fomentando expresiones sobre g\u00e9nero y derechos humanos, identidades [&hellip;]<\/p>\n","protected":false},"author":1,"featured_media":8536,"comment_status":"closed","ping_status":"closed","sticky":false,"template":"","format":"standard","meta":[],"categories":[44],"tags":[],"_links":{"self":[{"href":"http:\/\/cordobadirecto.com\/index.php\/wp-json\/wp\/v2\/posts\/8535"}],"collection":[{"href":"http:\/\/cordobadirecto.com\/index.php\/wp-json\/wp\/v2\/posts"}],"about":[{"href":"http:\/\/cordobadirecto.com\/index.php\/wp-json\/wp\/v2\/types\/post"}],"author":[{"embeddable":true,"href":"http:\/\/cordobadirecto.com\/index.php\/wp-json\/wp\/v2\/users\/1"}],"replies":[{"embeddable":true,"href":"http:\/\/cordobadirecto.com\/index.php\/wp-json\/wp\/v2\/comments?post=8535"}],"version-history":[{"count":0,"href":"http:\/\/cordobadirecto.com\/index.php\/wp-json\/wp\/v2\/posts\/8535\/revisions"}],"wp:featuredmedia":[{"embeddable":true,"href":"http:\/\/cordobadirecto.com\/index.php\/wp-json\/wp\/v2\/media\/8536"}],"wp:attachment":[{"href":"http:\/\/cordobadirecto.com\/index.php\/wp-json\/wp\/v2\/media?parent=8535"}],"wp:term":[{"taxonomy":"category","embeddable":true,"href":"http:\/\/cordobadirecto.com\/index.php\/wp-json\/wp\/v2\/categories?post=8535"},{"taxonomy":"post_tag","embeddable":true,"href":"http:\/\/cordobadirecto.com\/index.php\/wp-json\/wp\/v2\/tags?post=8535"}],"curies":[{"name":"wp","href":"https:\/\/api.w.org\/{rel}","templated":true}]}}