{"id":8562,"date":"2021-06-20T15:46:18","date_gmt":"2021-06-20T15:46:18","guid":{"rendered":"http:\/\/cordobadirecto.com\/index.php\/2021\/06\/20\/lisandro-lopez-adelanto-su-vuelta-a-racing-con-trabajos-de-reacondicionamiento\/"},"modified":"2021-06-20T15:46:18","modified_gmt":"2021-06-20T15:46:18","slug":"lisandro-lopez-adelanto-su-vuelta-a-racing-con-trabajos-de-reacondicionamiento","status":"publish","type":"post","link":"http:\/\/cordobadirecto.com\/index.php\/2021\/06\/20\/lisandro-lopez-adelanto-su-vuelta-a-racing-con-trabajos-de-reacondicionamiento\/","title":{"rendered":"Lisandro L\u00f3pez adelant\u00f3 su vuelta a Racing con trabajos de reacondicionamiento"},"content":{"rendered":"<div class=\"image\" id=\"image\" readability=\"7\"> <img src=\"http:\/\/cordobadirecto.com\/wp-content\/uploads\/2021\/06\/lisandro-lopez-adelanto-su-vuelta-a-racing-con-trabajos-de-reacondicionamiento.jpg\" alt=\"El jugador se reintegrar\u00e1 a Racing para cumplir su tercer ciclo con la casaca albiceleste.\" title=\"El jugador se reintegrar\u00e1 a Racing para cumplir su tercer ciclo con la casaca albiceleste.\"><\/p>\n<p>El jugador se reintegrar\u00e1 a Racing para cumplir su tercer ciclo con la casaca albiceleste.<\/p>\n<\/div>\n<p>El \u00eddolo de Racing, el centrodelantero Lisandro L\u00f3pez, adelanto su vuelta al club con trabajos de reacondicionamiento f\u00edsico en el gimnasio del estadio, a la espera de sumarse al plantel el lunes para iniciar la pretemporada para el pr\u00f3ximo semestre a las \u00f3rdenes del DT Juan Antonio Pizzi.<\/p>\n<p><strong>&#8220;&#8216;Licha&#8217; empez\u00f3 esta semana con ejercicios de potencia y fuerza m\u00e1s trabajos con pelota<\/strong>, junto al &#8216;profe&#8217; del club Federico Tridico, en la cancha auxiliar del Cilindro y en el gimnasio&#8221;, le inform\u00f3 a T\u00e9lam un portavoz de la &#8216;Academia&#8217;.<\/p>\n<p>Despu\u00e9s de un breve paso por el Atlanta United, de la MLS de Estados Unidos, donde solo jugo cuatro partidos, el goleador, de 38 a\u00f1os, debi\u00f3 regresar al pa\u00eds por inconvenientes familiares. Por eso,<strong> el jugador se reintegrar\u00e1 a Racing para cumplir su tercer ciclo con la casaca albiceleste.<\/strong><\/p>\n<p><strong>Este lunes, en horario matutino, los jugadores se presentar\u00e1n en el estadio para comenzar con los estudios y evaluaciones m\u00e9dicas<\/strong> correspondientes, las que continuar\u00e1n el martes, alternando con algunos trabajos f\u00edsicos, adem\u00e1s de ejercicios con pelota.<\/p>\n<p>A\u00fan sin confirmaci\u00f3n, el mismo martes por la tarde, el plantel viajar\u00eda hacia Santiago del Estero, donde desde el d\u00eda siguiente iniciar\u00edan los trabajos m\u00e1s intensos de la pretemporada.<\/p>\n<p><strong>El primer compromiso oficial que abordar\u00e1 Racing ser\u00e1 por los octavos de final de la Copa Libertadores <\/strong>visitando a San Pablo, en Brasil, el 13 de julio pr\u00f3ximo. La revancha se jugar\u00e1 el d\u00eda 20 en Avellaneda.<\/p>\n<p>A la vez, el equipo tratar\u00e1 de adquirir el mejor funcionamiento para competir en campeonato local y en la Copa Argentina, por la que jugar\u00e1 con Godoy Cruz la llave de octavos de final.<\/p>\n<p>Los que siguen sin descansar son los dirigentes abocados al f\u00fatbol, que aguardan la llegada del zaguero Leonardo Sigali, desde Zagreb, adonde viaj\u00f3 con su esposa para visitar a sus familiares, y as\u00ed firmar la extensi\u00f3n del v\u00ednculo que est\u00e1 acordado de palabra hasta el 31 de diciembre de 2022.<\/p>\n<p>Mientras, los directivos contin\u00faan dialogando con el mediocampista chileno Marcelo D\u00edaz para renovar su contrato, que culmina el mi\u00e9rcoles 30, sin resultar sencilla la negociaci\u00f3n porque el jugador est\u00e1 entusiasmado por la propuesta del exentrenador &#8216;acad\u00e9mico&#8217; Sebasti\u00e1n Beccacece, quien lo tent\u00f3 para sumarse al plantel de Defensa y Justicia. <\/p>\n","protected":false},"excerpt":{"rendered":"<p>El jugador se reintegrar\u00e1 a Racing para cumplir su tercer ciclo con la casaca albiceleste. El \u00eddolo de Racing, el centrodelantero Lisandro L\u00f3pez, adelanto su vuelta al club con trabajos de reacondicionamiento f\u00edsico en el gimnasio del estadio, a la espera de sumarse al plantel el lunes para iniciar la pretemporada para el pr\u00f3ximo semestre [&hellip;]<\/p>\n","protected":false},"author":1,"featured_media":8563,"comment_status":"closed","ping_status":"closed","sticky":false,"template":"","format":"standard","meta":[],"categories":[21],"tags":[],"_links":{"self":[{"href":"http:\/\/cordobadirecto.com\/index.php\/wp-json\/wp\/v2\/posts\/8562"}],"collection":[{"href":"http:\/\/cordobadirecto.com\/index.php\/wp-json\/wp\/v2\/posts"}],"about":[{"href":"http:\/\/cordobadirecto.com\/index.php\/wp-json\/wp\/v2\/types\/post"}],"author":[{"embeddable":true,"href":"http:\/\/cordobadirecto.com\/index.php\/wp-json\/wp\/v2\/users\/1"}],"replies":[{"embeddable":true,"href":"http:\/\/cordobadirecto.com\/index.php\/wp-json\/wp\/v2\/comments?post=8562"}],"version-history":[{"count":0,"href":"http:\/\/cordobadirecto.com\/index.php\/wp-json\/wp\/v2\/posts\/8562\/revisions"}],"wp:featuredmedia":[{"embeddable":true,"href":"http:\/\/cordobadirecto.com\/index.php\/wp-json\/wp\/v2\/media\/8563"}],"wp:attachment":[{"href":"http:\/\/cordobadirecto.com\/index.php\/wp-json\/wp\/v2\/media?parent=8562"}],"wp:term":[{"taxonomy":"category","embeddable":true,"href":"http:\/\/cordobadirecto.com\/index.php\/wp-json\/wp\/v2\/categories?post=8562"},{"taxonomy":"post_tag","embeddable":true,"href":"http:\/\/cordobadirecto.com\/index.php\/wp-json\/wp\/v2\/tags?post=8562"}],"curies":[{"name":"wp","href":"https:\/\/api.w.org\/{rel}","templated":true}]}}