{"id":8566,"date":"2021-06-20T15:46:30","date_gmt":"2021-06-20T15:46:30","guid":{"rendered":"http:\/\/cordobadirecto.com\/index.php\/2021\/06\/20\/la-vuelta-al-campo-documental-de-juan-pablo-lepore-con-dos-funciones-diarias-en-el-gaumont\/"},"modified":"2021-06-20T15:46:30","modified_gmt":"2021-06-20T15:46:30","slug":"la-vuelta-al-campo-documental-de-juan-pablo-lepore-con-dos-funciones-diarias-en-el-gaumont","status":"publish","type":"post","link":"http:\/\/cordobadirecto.com\/index.php\/2021\/06\/20\/la-vuelta-al-campo-documental-de-juan-pablo-lepore-con-dos-funciones-diarias-en-el-gaumont\/","title":{"rendered":"&#8220;La vuelta al campo&#8221;, documental de Juan Pablo Lepore, con dos funciones diarias en el Gaumont"},"content":{"rendered":"<div class=\"image\" id=\"image\" readability=\"8\"> <img src=\"http:\/\/cordobadirecto.com\/wp-content\/uploads\/2021\/06\/la-vuelta-al-campo-documental-de-juan-pablo-lepore-con-dos-funciones-diarias-en-el-gaumont.jpg\" alt=\"La cinta pas\u00f3 por distintos festivales y llev\u00f3 a cabo su estreno mundial en el Festival Internacional de Cine Ambiental FINCA 2020.\" title=\"La cinta pas\u00f3 por distintos festivales y llev\u00f3 a cabo su estreno mundial en el Festival Internacional de Cine Ambiental FINCA 2020.\"><\/p>\n<p>La cinta pas\u00f3 por distintos festivales y llev\u00f3 a cabo su estreno mundial en el Festival Internacional de Cine Ambiental FINCA 2020.<\/p>\n<\/div>\n<p>&#8220;La vuelta al campo, luchas campesinas por el buen vivir&#8221;, el filme documental de Juan Pablo Lepore que posa la mirada sobre los campesinos desalojados por el avance de la frontera agropecuaria que pelean por construir una alternativa de cara a la desigualdad distributiva, contar\u00e1 con dos funciones diarias en el cine Gaumont de la Ciudad de Buenos Aires desde hoy hasta el pr\u00f3ximo mi\u00e9rcoles inclusive.<\/p>\n<p>La pel\u00edcula, que el 22 de abril fue proyectada en una sala del Espacio Incaa de la provincia de C\u00f3rdoba en conmemoraci\u00f3n del D\u00eda Internacional de la Tierra y en el marco de las restricciones por el Covid-19 que en ese momento reg\u00edan en el territorio porte\u00f1o, podr\u00e1 verse a las 15 y a las 18 en las mencionadas salas del barrio de Congreso, con un estricto cumplimiento de los protocolos sanitarios y el aforo correspondiente.<\/p>\n<p> <iframe width=\"560\" height=\"315\" src=\"https:\/\/www.youtube.com\/embed\/WW3vcKwYr4o?wmode=transparent&amp;showinfo=0&amp;autohide=1&amp;rel=0\" frameborder=\"0\" allowfullscreen>[embedded content]<\/iframe> <\/p>\n<p>La Vuelta al Campo, luchas campesinas por el buen vivir<\/p>\n<p>&#8220;Este documental muestra que es posible regresar al campo y recuperar esas historias, ese estilo de vida, construyendo un futuro mejor para sus hijos. El largometraje evidencia que la vuelta al campo es una herramienta de transformaci\u00f3n social, se trata de hacer visibles los conflictos y trata de ver m\u00e1s all\u00e1 de los problemas, ofreciendo una alternativa concreta&#8221;, sostuvo el director en un comunicado de prensa sobre su quinto documental.<\/p>\n<p>La cinta pas\u00f3 por distintos festivales y llev\u00f3 a cabo su estreno mundial en el Festival Internacional de Cine Ambiental FINCA 2020, tras lo cual result\u00f3 seleccionada en otros veinte cert\u00e1menes, entre ellos, el WIP 2018 (Work In Progress) del 51ro. FICVI\u00d1A Festival Internacional de Cine de Vi\u00f1a del Mar.<\/p>\n<div class=\"image\" id=\"image\" readability=\"7\"> <img src=\"http:\/\/cordobadirecto.com\/wp-content\/uploads\/2021\/06\/la-vuelta-al-campo-documental-de-juan-pablo-lepore-con-dos-funciones-diarias-en-el-gaumont-1.jpg\" alt=\"Una mirada con propuestas al trabajo campesino.\" title=\"Una mirada con propuestas al trabajo campesino.\"><\/p>\n<p>Una mirada con propuestas al trabajo campesino.<\/p>\n<\/div>\n","protected":false},"excerpt":{"rendered":"<p>La cinta pas\u00f3 por distintos festivales y llev\u00f3 a cabo su estreno mundial en el Festival Internacional de Cine Ambiental FINCA 2020. &#8220;La vuelta al campo, luchas campesinas por el buen vivir&#8221;, el filme documental de Juan Pablo Lepore que posa la mirada sobre los campesinos desalojados por el avance de la frontera agropecuaria que [&hellip;]<\/p>\n","protected":false},"author":1,"featured_media":8567,"comment_status":"closed","ping_status":"closed","sticky":false,"template":"","format":"standard","meta":[],"categories":[20],"tags":[],"_links":{"self":[{"href":"http:\/\/cordobadirecto.com\/index.php\/wp-json\/wp\/v2\/posts\/8566"}],"collection":[{"href":"http:\/\/cordobadirecto.com\/index.php\/wp-json\/wp\/v2\/posts"}],"about":[{"href":"http:\/\/cordobadirecto.com\/index.php\/wp-json\/wp\/v2\/types\/post"}],"author":[{"embeddable":true,"href":"http:\/\/cordobadirecto.com\/index.php\/wp-json\/wp\/v2\/users\/1"}],"replies":[{"embeddable":true,"href":"http:\/\/cordobadirecto.com\/index.php\/wp-json\/wp\/v2\/comments?post=8566"}],"version-history":[{"count":0,"href":"http:\/\/cordobadirecto.com\/index.php\/wp-json\/wp\/v2\/posts\/8566\/revisions"}],"wp:featuredmedia":[{"embeddable":true,"href":"http:\/\/cordobadirecto.com\/index.php\/wp-json\/wp\/v2\/media\/8567"}],"wp:attachment":[{"href":"http:\/\/cordobadirecto.com\/index.php\/wp-json\/wp\/v2\/media?parent=8566"}],"wp:term":[{"taxonomy":"category","embeddable":true,"href":"http:\/\/cordobadirecto.com\/index.php\/wp-json\/wp\/v2\/categories?post=8566"},{"taxonomy":"post_tag","embeddable":true,"href":"http:\/\/cordobadirecto.com\/index.php\/wp-json\/wp\/v2\/tags?post=8566"}],"curies":[{"name":"wp","href":"https:\/\/api.w.org\/{rel}","templated":true}]}}