{"id":8568,"date":"2021-06-20T15:46:41","date_gmt":"2021-06-20T15:46:41","guid":{"rendered":"http:\/\/cordobadirecto.com\/index.php\/2021\/06\/20\/corvata-corvalan-pario-arde-la-sangre-para-renovar-la-escena-local-del-rock-duro\/"},"modified":"2021-06-20T15:46:41","modified_gmt":"2021-06-20T15:46:41","slug":"corvata-corvalan-pario-arde-la-sangre-para-renovar-la-escena-local-del-rock-duro","status":"publish","type":"post","link":"http:\/\/cordobadirecto.com\/index.php\/2021\/06\/20\/corvata-corvalan-pario-arde-la-sangre-para-renovar-la-escena-local-del-rock-duro\/","title":{"rendered":"&#8220;Corvata&#8221; Corval\u00e1n pari\u00f3 Arde la sangre para renovar la escena local del rock duro"},"content":{"rendered":"<div class=\"image\" id=\"image\" readability=\"7\"> <img src=\"http:\/\/cordobadirecto.com\/wp-content\/uploads\/2021\/06\/corvata-corvalan-pario-arde-la-sangre-para-renovar-la-escena-local-del-rock-duro.jpg\" alt=\"Arde la Sangre grab\u00f3 una sesi\u00f3n en vivo con cuatro canciones disponibles en tiendas digitales.\" title=\"Arde la Sangre grab\u00f3 una sesi\u00f3n en vivo con cuatro canciones disponibles en tiendas digitales.\"><\/p>\n<p>Arde la Sangre grab\u00f3 una sesi\u00f3n en vivo con cuatro canciones disponibles en tiendas digitales.<\/p>\n<\/div>\n<p>&nbsp;<br \/>El <strong>bajista, compositor y cantante Marcelo \u201cCorvata\u201d Corval\u00e1n<\/strong>, quien tras la disoluci\u00f3n de Carajo y un fugaz proyecto solista ahora impulsa el <strong>grupo de metal alternativo Arde la Sangre<\/strong>, asegur\u00f3 que eso es lo que le da &#8220;ganas de hacer&#8221; y que lo que siempre le gust\u00f3 es &#8220;formar parte de una banda\u201d.<\/p>\n<p>\u201cTuvimos un a\u00f1o a puertas cerradas gestando este proyecto que gracias a Dios est\u00e1 funcionando. Pudimos arrancar mostrando cuatro canciones y fue todo laburo desde mitad del 2020 en adelante hasta ahora con la esperanza de cuando el mundo vuelva a tomar un poco el ritmo o la normalidad uno <strong>estar preparado para seguir haciendo lo que le gusta, en este caso salir de gira, tocar en vivo y seguir creciendo como banda\u201d, anunci\u00f3 Corval\u00e1n durante una entrevista con T\u00e9lam<\/strong>.<\/p>\n<p>Luego de arrancar el 2020 con el final de Carajo, el m\u00fasico form\u00f3 el proyecto solista Coverx, con el que edit\u00f3 algunas canciones pero luego convoc\u00f3 a Tery Langer, guitarrista de Carajo y al baterista Nacho Benavides y le pidi\u00f3 al productor y guitarrista Luciano Farelli que se quedara a su lado y empez\u00f3 a tomar forma Arde la Sangre.<\/p>\n<p> <iframe width=\"560\" height=\"315\" src=\"https:\/\/www.youtube.com\/embed\/r0gOfqfwllc?wmode=transparent&amp;showinfo=0&amp;autohide=1&amp;rel=0\" frameborder=\"0\" allowfullscreen>[embedded content]<\/iframe> <\/p>\n<p>Arde la Sangre | &#8220;Fuego del cielo&#8221; (Live session)<\/p>\n<p>En las zapadas comenzaron a surgir canciones que eran m\u00e1s duras que las de Corvex, <strong>un heayv metal alternativo, tamizado por m\u00e1quinas y con un gran despliegue de guitarras<\/strong> para acompa\u00f1ar letras con las tem\u00e1ticas que siempre preocuparon a \u201cCorvata\u201d como el medioambiente, el materialismo y las guerras.<\/p>\n<p>Desde esa impronta, Arde la Sangre grab\u00f3 una sesi\u00f3n en vivo con cuatro canciones disponibles en tiendas digitales y ahora termina de producir un \u00e1lbum con 10 temas nuevos.<\/p>\n<p><strong>-T\u00e9lam: \u00bfCu\u00e1ndo decidiste que se armara Arde la Sangre? \u00bfEn qu\u00e9 momento de la etapa de Corvex surgi\u00f3 el nuevo proyecto?<br \/>-Marcelo Corval\u00e1n: <\/strong>En realidad son dos cosas totalmente diferentes. Por m\u00e1s que yo est\u00e9 involucrado o no, lo de Corvex la verdad que fue como una oportunidad que se me present\u00f3 en plena pandemia y despu\u00e9s de haber formado 18 a\u00f1os Carajo, bajar de golpe tan brusco me dio esa oportunidad de hacer algo personal, m\u00e1s introspectivo y quiz\u00e1s que no tiene nada que ver con lo que fue siempre mi carrera m\u00e1s profesional o m\u00e1s laboral dentro de bandas del palo duro, del metal y el rock pesado. Eso est\u00e1 paralelo, de juntarse con amigos y tengo algunas composiciones y cosas que son muy personales y muy distintas a la banda donde toco.<\/p>\n<p>Fue un lindo momento para mostrarla y hacer cosas con amigos. Pero adem\u00e1s lo que me da ganas de hacer y lo que siempre me gust\u00f3 es formar parte de una banda y bueno, tuvimos un a\u00f1o a puertas cerradas gestando este proyecto que gracias a Dios est\u00e1 funcionando. Pudimos arrancar mostrando cuatro canciones y fue todo laburo desde mitad del 2020 en adelante hasta ahora con la esperanza de cuando el mundo vuelva a tomar un poco el ritmo o la normalidad uno estar preparado para seguir haciendo lo que le gusta, en este caso salir de gira, tocar en vivo y seguir creciendo como banda.<\/p>\n<p><strong>-T: Ustedes son muy obsesivos del sonido, de arriesgar \u00bfC\u00f3mo se tradujo eso en Arde la Sangre?<br \/>-MC: <\/strong>S\u00ed, es verdad y esto todav\u00eda nos entusiasm\u00f3 mucho m\u00e1s, porque hay mucha m\u00e1s tela para cortar y todas las ideas est\u00e1n buenas. Tuvimos esa suerte y en apenas seis meses de 2020 armamos 14 canciones. De muchas ideas, fueron 14 que pasamos en limpio y es lo que hizo que comenz\u00e1ramos. Elegimos cuatro para el EP que se llama \u201cEl Comienzo\u201d y otras 10 las estamos grabando.<\/p>\n<div class=\"image\" id=\"image\" readability=\"8\"> <img src=\"http:\/\/cordobadirecto.com\/wp-content\/uploads\/2021\/06\/corvata-corvalan-pario-arde-la-sangre-para-renovar-la-escena-local-del-rock-duro-1.jpg\" alt=\"Corval\u00e1n: \u201cTuvimos un a\u00f1o a puertas cerradas gestando este proyecto que gracias a Dios est\u00e1 funcionando\u201d.\" title=\"Corval\u00e1n: \u201cTuvimos un a\u00f1o a puertas cerradas gestando este proyecto que gracias a Dios est\u00e1 funcionando\u201d.\"><\/p>\n<p>Corval\u00e1n: \u201cTuvimos un a\u00f1o a puertas cerradas gestando este proyecto que gracias a Dios est\u00e1 funcionando\u201d.<\/p>\n<\/div>\n<p><strong>-T: Siempre es un desaf\u00edo iniciar un nuevo proyecto\u2026<\/strong><\/p>\n<p><strong>-MC: <\/strong>Eso se dio de una manera muy din\u00e1mica porque cada uno ya sabe, ya conoce, lo que funciona, lo que nos gusta, entonces se puede hacer m\u00e1s rico el intercambio de ideas y no perdemos tanto tiempo como antes que buscabas el sonido o no te convenc\u00eda. Cuando fuimos a ensayar la primera vez los primeros ensayos no estuvieron buenos y reci\u00e9n despu\u00e9s del cuarto empezamos a sonar porque era la primera vez que toc\u00e1bamos juntos y los temas eran complicados y Nacho era el \u00fanico que se sab\u00eda todos los temas de memoria. \u00c9l nos correg\u00eda, nos guiaba a todos, es muy loco porque desde la bater\u00eda todo el tiempo estaba escuchando la m\u00fasica, no es que estaba concentrado solo en qu\u00e9 fuerte le iba a pegar o cuantos rulos le iba a meter. Nos sorprendi\u00f3 a todos, se gan\u00f3 autom\u00e1ticamente nuestro respeto. Aunque sean cosas que se componen en la guitarra las ten\u00eda incorporadas mejor que nosotros.<\/p>\n<p>Fue muy f\u00e1cil, aprovechamos esa din\u00e1mica y esas cosas lindas que tienen las primeras veces cuando conoc\u00e9s a las personas y hasta el momento todo son risas y cosas divertidas. Estuvo buen\u00edsimo que esa buena energ\u00eda est\u00e9 plasmada en las canciones.<\/p>\n<blockquote class=\"small-left\" readability=\"8\">\n<p>&#8220;Creo que busco una fuerza superior com\u00fanmente llamada Dios y pongo ah\u00ed mi esperanza y pongo ah\u00ed mi fracaso&#8221;<span class=\"comilla\">\u201d<\/span><\/p>\n<p><span><strong>Marcelo \u201cCorvata\u201d Corval\u00e1n<\/strong><\/span><\/p>\n<\/blockquote>\n<p>&nbsp;<strong>-T: \u00bfC\u00f3mo te influenci\u00f3 a vos todo lo que se gener\u00f3 durante el confinamiento y la pandemia?<br \/>-MC: <\/strong>La verdad que esto a m\u00ed lo \u00fanico que hizo fue confirmarme muchas cosas que yo siempre escrib\u00eda, tanto en A.N.I.M.A.L. como en Carajo, un poco este espiral hacia abajo en el cual viene movi\u00e9ndose la humanidad. Entonces, uno siempre intenta cerrar el mensaje con una \u00faltima palabra de aliento y tiene que ver con eso. Agarr\u00e1s cualquiera de las viejas canciones y todav\u00eda pueden funcionar con lo que est\u00e1 pasando. Tom\u00e1s \u201cEl Nuevo Camino del Hombre\u201d y la letra tranquilamente podr\u00eda ser escrita ahora, o \u201cSacate la Mierda\u201d y esa m\u00e1s que nunca, es todav\u00eda m\u00e1s obvia. Yo, si vamos a hablar de fuerzas o de designios, creo que busco una fuerza superior com\u00fanmente llamada Dios y pongo ah\u00ed mi esperanza y pongo ah\u00ed mi fracaso, siento que es en el \u00fanico lugar donde puedo tener una comuni\u00f3n, solamente con Dios mano a mano.<\/p>\n<p><strong>-T: \u00bfD\u00f3nde te par\u00e1s en este contexto?<br \/>-MC: <\/strong>Es un momento muy dif\u00edcil del mundo donde reina la violencia, el miedo, la confusi\u00f3n y la sobreinformaci\u00f3n pero en el que se despierta yo creo esta rebeli\u00f3n o esta intenci\u00f3n de no quedarse con las manos cruzadas y por lo menos manifestarse de alguna manera, ya sea art\u00edsticamente con un grito o con el arte para hacer nuestra catarsis de todo esto que nos duele. <\/p>\n","protected":false},"excerpt":{"rendered":"<p>Arde la Sangre grab\u00f3 una sesi\u00f3n en vivo con cuatro canciones disponibles en tiendas digitales. &nbsp;El bajista, compositor y cantante Marcelo \u201cCorvata\u201d Corval\u00e1n, quien tras la disoluci\u00f3n de Carajo y un fugaz proyecto solista ahora impulsa el grupo de metal alternativo Arde la Sangre, asegur\u00f3 que eso es lo que le da &#8220;ganas de hacer&#8221; [&hellip;]<\/p>\n","protected":false},"author":1,"featured_media":8569,"comment_status":"closed","ping_status":"closed","sticky":false,"template":"","format":"standard","meta":[],"categories":[20],"tags":[],"_links":{"self":[{"href":"http:\/\/cordobadirecto.com\/index.php\/wp-json\/wp\/v2\/posts\/8568"}],"collection":[{"href":"http:\/\/cordobadirecto.com\/index.php\/wp-json\/wp\/v2\/posts"}],"about":[{"href":"http:\/\/cordobadirecto.com\/index.php\/wp-json\/wp\/v2\/types\/post"}],"author":[{"embeddable":true,"href":"http:\/\/cordobadirecto.com\/index.php\/wp-json\/wp\/v2\/users\/1"}],"replies":[{"embeddable":true,"href":"http:\/\/cordobadirecto.com\/index.php\/wp-json\/wp\/v2\/comments?post=8568"}],"version-history":[{"count":0,"href":"http:\/\/cordobadirecto.com\/index.php\/wp-json\/wp\/v2\/posts\/8568\/revisions"}],"wp:featuredmedia":[{"embeddable":true,"href":"http:\/\/cordobadirecto.com\/index.php\/wp-json\/wp\/v2\/media\/8569"}],"wp:attachment":[{"href":"http:\/\/cordobadirecto.com\/index.php\/wp-json\/wp\/v2\/media?parent=8568"}],"wp:term":[{"taxonomy":"category","embeddable":true,"href":"http:\/\/cordobadirecto.com\/index.php\/wp-json\/wp\/v2\/categories?post=8568"},{"taxonomy":"post_tag","embeddable":true,"href":"http:\/\/cordobadirecto.com\/index.php\/wp-json\/wp\/v2\/tags?post=8568"}],"curies":[{"name":"wp","href":"https:\/\/api.w.org\/{rel}","templated":true}]}}