{"id":8609,"date":"2021-06-21T12:55:25","date_gmt":"2021-06-21T12:55:25","guid":{"rendered":"http:\/\/www.bbc.com\/mundo\/noticias-america-latina-57171785"},"modified":"2021-06-21T12:55:25","modified_gmt":"2021-06-21T12:55:25","slug":"como-fue-la-captura-en-venezuela-de-vladimiro-montesinos-el-polemico-exasesor-de-alberto-fujimori-hace-20-anos","status":"publish","type":"post","link":"http:\/\/cordobadirecto.com\/index.php\/2021\/06\/21\/como-fue-la-captura-en-venezuela-de-vladimiro-montesinos-el-polemico-exasesor-de-alberto-fujimori-hace-20-anos\/","title":{"rendered":"C\u00f3mo fue la captura en Venezuela de Vladimiro Montesinos, el pol\u00e9mico exasesor de Alberto Fujimori, hace 20 a\u00f1os"},"content":{"rendered":"<div dir=\"ltr\" class=\"e1j2237y5 bbc-q4ibpr e57qer20\">\n<div class=\"bbc-1atl7vu e1c9i7u14\">\n<ul role=\"list\" class=\"bbc-cdrraw e1c9i7u12\">\n<li role=\"listitem\" class=\"bbc-1a3w4ok e1c9i7u11\">Norberto Paredes @norbertparedes<\/li>\n<li role=\"listitem\" class=\"bbc-1p92jtu e1c9i7u10\">BBC News Mundo<\/li>\n<\/ul>\n<\/div>\n<\/div>\n<p><time datetime=\"2021-06-21\" class=\"bbc-14xtggo e4zesg50\">3 horas<\/time><\/p>\n<div dir=\"ltr\" class=\"bbc-1ka88fa e57qer20\">\n<figure class=\"bbc-1qdcvv9 e6bmn90\">\n<div dir=\"ltr\" class=\"bbc-172p16q e57qer20\">\n<div dir=\"ltr\" class=\"bbc-189y18v e57qer20\" readability=\"6.5\">\n<div data-e2e=\"image-placeholder\" class=\"bbc-1k5hvrj e1whu0\" readability=\"8\"><img srcset=\"http:\/\/cordobadirecto.com\/wp-content\/uploads\/2021\/06\/como-fue-la-captura-en-venezuela-de-vladimiro-montesinos-el-polemico-exasesor-de-alberto-fujimori-hace-20-anos-8.jpg 240w, http:\/\/cordobadirecto.com\/wp-content\/uploads\/2021\/06\/como-fue-la-captura-en-venezuela-de-vladimiro-montesinos-el-polemico-exasesor-de-alberto-fujimori-hace-20-anos-9.jpg 320w, http:\/\/cordobadirecto.com\/wp-content\/uploads\/2021\/06\/como-fue-la-captura-en-venezuela-de-vladimiro-montesinos-el-polemico-exasesor-de-alberto-fujimori-hace-20-anos-10.jpg 480w, http:\/\/cordobadirecto.com\/wp-content\/uploads\/2021\/06\/como-fue-la-captura-en-venezuela-de-vladimiro-montesinos-el-polemico-exasesor-de-alberto-fujimori-hace-20-anos-11.jpg 624w, http:\/\/cordobadirecto.com\/wp-content\/uploads\/2021\/06\/como-fue-la-captura-en-venezuela-de-vladimiro-montesinos-el-polemico-exasesor-de-alberto-fujimori-hace-20-anos-12.jpg 800w\" alt=\"Vladimiro Montesinos.\" src=\"http:\/\/cordobadirecto.com\/wp-content\/uploads\/2021\/06\/como-fue-la-captura-en-venezuela-de-vladimiro-montesinos-el-polemico-exasesor-de-alberto-fujimori-hace-20-anos.jpg\" width=\"976\" class=\"bbc-fat2bc e1enwo3v0\"><\/p>\n<p role=\"text\" class=\"bbc-1s1cxbv etq3yw90\"><span class=\"bbc-1gnhmg2 e1yt7oin0\">Fuente de la imagen, <\/span><span lang=\"en-GB\">Getty Images<\/span><\/p>\n<\/div>\n<\/div>\n<div dir=\"ltr\" class=\"bbc-3edg7g e57qer20\" readability=\"6.5\"><figcaption dir=\"ltr\" class=\"bbc-1t9zlwf eede9f50\" readability=\"3\"><span class=\"bbc-1gnhmg2 e1yt7oin0\">Pie de foto, <\/span><\/p>\n<p>El &#8220;poder detr\u00e1s del poder&#8221;: Vladimiro Montesinos fue considerado como uno de los hombres m\u00e1s poderosos de Per\u00fa durante el gobierno de Fujimori.<\/p>\n<\/figcaption><\/div>\n<\/div>\n<\/figure>\n<\/div>\n<div dir=\"ltr\" class=\"bbc-19j92fr e57qer20\" readability=\"12\">\n<p dir=\"ltr\" class=\"bbc-bm53ic e1cc2ql70\"><b>El domingo 24 de junio de 2001, el sector de Ni\u00f1o Jes\u00fas, un barrio pobre en el oeste de Caracas, se despert\u00f3 con un peque\u00f1o grupo de periodistas que fotografiaban la fachada de una casa que destacaba en la zona por ser m\u00e1s grande y menos humilde que las dem\u00e1s.<\/b><\/p>\n<\/div>\n<div dir=\"ltr\" class=\"bbc-19j92fr e57qer20\" readability=\"9\">\n<p dir=\"ltr\" class=\"bbc-bm53ic e1cc2ql70\">Si bien era y contin\u00faa siendo una zona con altos niveles de delincuencia, sus habitantes nunca hab\u00edan estado acostumbrados a la presencia de la prensa ni de la polic\u00eda. <\/p>\n<\/div>\n<div dir=\"ltr\" class=\"bbc-19j92fr e57qer20\" readability=\"10\">\n<p dir=\"ltr\" class=\"bbc-bm53ic e1cc2ql70\">Sin embargo, el origen del alboroto aquel d\u00eda no era la delincuencia com\u00fan, sino que las autoridades venezolanas acababan de capturar en esa casa a un tal Vladimiro Montesinos.<\/p>\n<\/div>\n<div dir=\"ltr\" class=\"bbc-19j92fr e57qer20\" readability=\"11\">\n<p dir=\"ltr\" class=\"bbc-bm53ic e1cc2ql70\">&#8220;Pero, <b>\u00bfqui\u00e9n es ese?<\/b>&#8220;, se preguntaban desconcertados algunos vecinos del humilde barrio. Muchos no ten\u00edan ni idea de que se trataba de uno de los hombres m\u00e1s buscados en toda Am\u00e9rica Latina y que estaba incluso solicitado por la Interpol. <\/p>\n<\/div>\n<div dir=\"ltr\" class=\"bbc-19j92fr e57qer20\" readability=\"16\">\n<p dir=\"ltr\" class=\"bbc-bm53ic e1cc2ql70\">En Per\u00fa lo acusaban de corrupci\u00f3n, extorsi\u00f3n, lavado de dinero, narcotr\u00e1fico, tortura, tr\u00e1fico de armas, terrorismo, violaci\u00f3n de derechos humanos, entre otros delitos. <\/p>\n<\/div>\n<div dir=\"ltr\" class=\"bbc-19j92fr e57qer20\" readability=\"7\">\n<p dir=\"ltr\" class=\"bbc-bm53ic e1cc2ql70\">Pero en octubre del a\u00f1o 2000 hab\u00eda desaparecido sin dejar rastro. <\/p>\n<\/div>\n<p><h2 id=\"Acusaciones-de-espionaje-y-traici\u00f3n\" tabindex=\"-1\" class=\"bbc-l3e97o e14hemmw0\">Acusaciones de espionaje y traici\u00f3n<\/h2>\n<\/p>\n<div dir=\"ltr\" class=\"bbc-19j92fr e57qer20\" readability=\"13\">\n<p dir=\"ltr\" class=\"bbc-bm53ic e1cc2ql70\">Vladimiro Montesinos naci\u00f3 y se cri\u00f3 en el seno de una <b>familia arequipe\u00f1a de clase media<\/b>. &#8220;Digamos que eran clase media &#8216;distinguida&#8217; por distintas razones, m\u00e1s intelectuales que econ\u00f3micas&#8221;, le dice a BBC Mundo Luis Jochamowitz, periodista y autor de los libros &#8220;<i class=\"bbc-h1y5j7 ewc4zcb0\">Ciudadano Fujimori<\/i>&#8221; (1994) y <i class=\"bbc-h1y5j7 ewc4zcb0\">&#8220;<\/i><i class=\"bbc-h1y5j7 ewc4zcb0\">Vladimiro: Vida y tiempo de un corruptor<\/i><i class=\"bbc-h1y5j7 ewc4zcb0\">&#8220;<\/i> (2002). <\/p>\n<\/div>\n<div dir=\"ltr\" class=\"bbc-1ka88fa e57qer20\">\n<figure class=\"bbc-1qdcvv9 e6bmn90\">\n<div dir=\"ltr\" class=\"bbc-172p16q e57qer20\">\n<div dir=\"ltr\" class=\"bbc-189y18v e57qer20\" readability=\"6.5\">\n<div data-e2e=\"image-placeholder\" class=\"bbc-1k5hvrj e1whu0\" readability=\"8\"><noscript><img srcset=\"http:\/\/cordobadirecto.com\/wp-content\/uploads\/2021\/06\/como-fue-la-captura-en-venezuela-de-vladimiro-montesinos-el-polemico-exasesor-de-alberto-fujimori-hace-20-anos-13.jpg 240w, http:\/\/cordobadirecto.com\/wp-content\/uploads\/2021\/06\/como-fue-la-captura-en-venezuela-de-vladimiro-montesinos-el-polemico-exasesor-de-alberto-fujimori-hace-20-anos-14.jpg 320w, http:\/\/cordobadirecto.com\/wp-content\/uploads\/2021\/06\/como-fue-la-captura-en-venezuela-de-vladimiro-montesinos-el-polemico-exasesor-de-alberto-fujimori-hace-20-anos-15.jpg 480w, http:\/\/cordobadirecto.com\/wp-content\/uploads\/2021\/06\/como-fue-la-captura-en-venezuela-de-vladimiro-montesinos-el-polemico-exasesor-de-alberto-fujimori-hace-20-anos-16.jpg 624w, http:\/\/cordobadirecto.com\/wp-content\/uploads\/2021\/06\/como-fue-la-captura-en-venezuela-de-vladimiro-montesinos-el-polemico-exasesor-de-alberto-fujimori-hace-20-anos-17.jpg 800w\" alt=\"Oeste de Caracas.\" src=\"http:\/\/cordobadirecto.com\/wp-content\/uploads\/2021\/06\/como-fue-la-captura-en-venezuela-de-vladimiro-montesinos-el-polemico-exasesor-de-alberto-fujimori-hace-20-anos-1.jpg\" width=\"976\" class=\"bbc-fat2bc e1enwo3v0\"><\/noscript><\/p>\n<p role=\"text\" class=\"bbc-1s1cxbv etq3yw90\"><span class=\"bbc-1gnhmg2 e1yt7oin0\">Fuente de la imagen, <\/span><span lang=\"en-GB\">Getty Images<\/span><\/p>\n<\/div>\n<\/div>\n<div dir=\"ltr\" class=\"bbc-3edg7g e57qer20\" readability=\"7\"><figcaption dir=\"ltr\" class=\"bbc-1t9zlwf eede9f50\" readability=\"4\"><span class=\"bbc-1gnhmg2 e1yt7oin0\">Pie de foto, <\/span><\/p>\n<p>Vladimiro Montesinos fue capturado escondido en una humilde casa en el barrio Ni\u00f1o Jes\u00fas, un sector pobre en el oeste de Caracas.<\/p>\n<\/figcaption><\/div>\n<\/div>\n<\/figure>\n<\/div>\n<div dir=\"ltr\" class=\"bbc-19j92fr e57qer20\" readability=\"11\">\n<p dir=\"ltr\" class=\"bbc-bm53ic e1cc2ql70\">&#8220;Un t\u00edo suyo, Alfonso, fue un senador radical importante en los a\u00f1os 60 y tiene familiares cercanos que eran miembros conspicuos del partido comunista&#8221;, prosigue. <\/p>\n<\/div>\n<div dir=\"ltr\" class=\"bbc-19j92fr e57qer20\" readability=\"10\">\n<p dir=\"ltr\" class=\"bbc-bm53ic e1cc2ql70\">Sin embargo, su padre fue lo que Jochamowitz describe como &#8220;una oveja descarriada&#8221; que no termin\u00f3 su carrera, adem\u00e1s de tener una &#8220;muy cercana relaci\u00f3n con el alcohol&#8221;. <\/p>\n<\/div>\n<div dir=\"ltr\" class=\"bbc-19j92fr e57qer20\" readability=\"12\">\n<p dir=\"ltr\" class=\"bbc-bm53ic e1cc2ql70\">A los 20 a\u00f1os, Vladimiro Montesinos se gradu\u00f3 en la Escuela Militar de Chorillos, en Lima, y luego comenz\u00f3 una <b>prometedora carrera en el ej\u00e9rcito<\/b>, convirti\u00e9ndose en capit\u00e1n. <\/p>\n<\/div>\n<div dir=\"ltr\" class=\"bbc-19j92fr e57qer20\" readability=\"7\">\n<p dir=\"ltr\" class=\"bbc-bm53ic e1cc2ql70\">Pero sus aspiraciones militares se derrumbaron por completo poco despu\u00e9s. <\/p>\n<\/div>\n<div dir=\"ltr\" class=\"bbc-19j92fr e57qer20\" readability=\"11\">\n<p dir=\"ltr\" class=\"bbc-bm53ic e1cc2ql70\">En 1976, un mayor del Servicio de Inteligencia del Ej\u00e9rcito lo acus\u00f3 de espionaje y traici\u00f3n, asegurando que Montesinos hab\u00eda <b>compartido documentos militares<\/b> con la embajada de Estados Unidos en Lima.<\/p>\n<\/div>\n<div dir=\"ltr\" class=\"bbc-19j92fr e57qer20\" readability=\"10\">\n<p dir=\"ltr\" class=\"bbc-bm53ic e1cc2ql70\">&#8220;Fue expulsado (del ej\u00e9rcito). Estuvo preso y se le hizo un juicio, pero sali\u00f3 relativamente bien librado porque pod\u00eda implicar a muchos militares de m\u00e1s alto rango que \u00e9l&#8221;, detalla Jochamowitz. <\/p>\n<\/div>\n<div dir=\"ltr\" class=\"bbc-1ka88fa e57qer20\">\n<figure class=\"bbc-1qdcvv9 e6bmn90\">\n<div dir=\"ltr\" class=\"bbc-172p16q e57qer20\">\n<div dir=\"ltr\" class=\"bbc-189y18v e57qer20\" readability=\"6.5\">\n<div data-e2e=\"image-placeholder\" class=\"bbc-1k5hvrj e1whu0\" readability=\"8\"><noscript><img srcset=\"http:\/\/cordobadirecto.com\/wp-content\/uploads\/2021\/06\/como-fue-la-captura-en-venezuela-de-vladimiro-montesinos-el-polemico-exasesor-de-alberto-fujimori-hace-20-anos-18.jpg 240w, http:\/\/cordobadirecto.com\/wp-content\/uploads\/2021\/06\/como-fue-la-captura-en-venezuela-de-vladimiro-montesinos-el-polemico-exasesor-de-alberto-fujimori-hace-20-anos-19.jpg 320w, http:\/\/cordobadirecto.com\/wp-content\/uploads\/2021\/06\/como-fue-la-captura-en-venezuela-de-vladimiro-montesinos-el-polemico-exasesor-de-alberto-fujimori-hace-20-anos-20.jpg 480w, http:\/\/cordobadirecto.com\/wp-content\/uploads\/2021\/06\/como-fue-la-captura-en-venezuela-de-vladimiro-montesinos-el-polemico-exasesor-de-alberto-fujimori-hace-20-anos-21.jpg 624w, http:\/\/cordobadirecto.com\/wp-content\/uploads\/2021\/06\/como-fue-la-captura-en-venezuela-de-vladimiro-montesinos-el-polemico-exasesor-de-alberto-fujimori-hace-20-anos-22.jpg 800w\" alt=\"Una foto del expresidente Alberto Fujimori y Vladimiro Montesinos se exhibe durante una conferencia de prensa del embajador de Per\u00fa en Jap\u00f3n, Luis Macchiavello, en la Embajada en Tokio, el 16 Octubre de 2004.\" src=\"http:\/\/cordobadirecto.com\/wp-content\/uploads\/2021\/06\/como-fue-la-captura-en-venezuela-de-vladimiro-montesinos-el-polemico-exasesor-de-alberto-fujimori-hace-20-anos-2.jpg\" width=\"976\" class=\"bbc-fat2bc e1enwo3v0\"><\/noscript><\/p>\n<p role=\"text\" class=\"bbc-1s1cxbv etq3yw90\"><span class=\"bbc-1gnhmg2 e1yt7oin0\">Fuente de la imagen, <\/span><span lang=\"en-GB\">Getty Images<\/span><\/p>\n<\/div>\n<\/div>\n<div dir=\"ltr\" class=\"bbc-3edg7g e57qer20\" readability=\"8.5\"><figcaption dir=\"ltr\" class=\"bbc-1t9zlwf eede9f50\" readability=\"7\"><span class=\"bbc-1gnhmg2 e1yt7oin0\">Pie de foto, <\/span><\/p>\n<p>Tras el esc\u00e1ndalo de los vladivideos, Fujimori intent\u00f3 renunciar a la presidencia de Per\u00fa mediante un fax desde Jap\u00f3n, a donde hab\u00eda viajado despu\u00e9s de asistir a la cumbre econ\u00f3mica de APEC en Brunei, en noviembre de 2000.<\/p>\n<\/figcaption><\/div>\n<\/div>\n<\/figure>\n<\/div>\n<div dir=\"ltr\" class=\"bbc-19j92fr e57qer20\" readability=\"7\">\n<p dir=\"ltr\" class=\"bbc-bm53ic e1cc2ql70\">El Consejo Supremo de Justicia Militar lo conden\u00f3 por &#8220;<b>falsedad y desobediencia<\/b>&#8221; en 1977. <\/p>\n<\/div>\n<div dir=\"ltr\" class=\"bbc-19j92fr e57qer20\" readability=\"9\">\n<p dir=\"ltr\" class=\"bbc-bm53ic e1cc2ql70\">Pero Montesinos renov\u00f3 su imagen y reapareci\u00f3 poco despu\u00e9s con un t\u00edtulo de derecho, incorpor\u00e1ndose al Colegio de Abogados de Lima.<\/p>\n<\/div>\n<p><h2 id=\"Los-vladivideos-y-el-principio-del-fin\" tabindex=\"-1\" class=\"bbc-l3e97o e14hemmw0\">Los vladivideos y el principio del fin<\/h2>\n<\/p>\n<div dir=\"ltr\" class=\"bbc-19j92fr e57qer20\" readability=\"10\">\n<p dir=\"ltr\" class=\"bbc-bm53ic e1cc2ql70\">No obstante, sus a\u00f1os cumbre llegaron cuando Alberto Fujimori se hizo con la presidencia de Per\u00fa, en 1990. <\/p>\n<\/div>\n<div dir=\"ltr\" class=\"bbc-19j92fr e57qer20\" readability=\"10\">\n<p dir=\"ltr\" class=\"bbc-bm53ic e1cc2ql70\">Seg\u00fan varios reportes, el d\u00fao se conoci\u00f3 durante la campa\u00f1a electoral. El abogado Montesinos defendi\u00f3 al entonces candidato Fujimori, quien hab\u00eda sido acusado de fraude. <\/p>\n<\/div>\n<div dir=\"ltr\" class=\"bbc-19j92fr e57qer20\" readability=\"10\">\n<p dir=\"ltr\" class=\"bbc-bm53ic e1cc2ql70\">As\u00ed fue como el astuto arequipe\u00f1o comenz\u00f3 su ascenso al poder. Cuando Fujimori gan\u00f3 las elecciones generales, lo puso al mando de los organismos de seguridad y de inteligencia. M\u00e1s tarde llegar\u00eda a ser considerado como el &#8220;poder detr\u00e1s del poder&#8221; por varios medios peruanos.<\/p>\n<\/div>\n<div dir=\"ltr\" class=\"bbc-19j92fr e57qer20\" readability=\"12\">\n<p dir=\"ltr\" class=\"bbc-bm53ic e1cc2ql70\">Se mantuvo en la cima por una d\u00e9cada, hasta que en el a\u00f1o 2000 se convirti\u00f3 en el eje de un esc\u00e1ndalo que termin\u00f3 acabando con la presidencia de Fujimori: los &#8220;vladivideos&#8221;, una colecci\u00f3n de <b>cintas caseras<\/b> elaboradas por Montesinos, en las que se le ve sobornando a pol\u00edticos y empresarios.<\/p>\n<\/div>\n<div dir=\"ltr\" class=\"bbc-19j92fr e57qer20\">\n<figure class=\"bbc-1qdcvv9 e6bmn90\">\n<div dir=\"ltr\" class=\"bbc-37mmq3 e57qer20\">\n<div dir=\"ltr\" class=\"bbc-189y18v e57qer20\" readability=\"6.5\">\n<div data-e2e=\"image-placeholder\" class=\"bbc-zt0c33 e1whu0\" readability=\"8\"><noscript><img srcset=\"http:\/\/cordobadirecto.com\/wp-content\/uploads\/2021\/06\/como-fue-la-captura-en-venezuela-de-vladimiro-montesinos-el-polemico-exasesor-de-alberto-fujimori-hace-20-anos-23.jpg 240w, http:\/\/cordobadirecto.com\/wp-content\/uploads\/2021\/06\/como-fue-la-captura-en-venezuela-de-vladimiro-montesinos-el-polemico-exasesor-de-alberto-fujimori-hace-20-anos-24.jpg 320w, http:\/\/cordobadirecto.com\/wp-content\/uploads\/2021\/06\/como-fue-la-captura-en-venezuela-de-vladimiro-montesinos-el-polemico-exasesor-de-alberto-fujimori-hace-20-anos-25.jpg 480w, http:\/\/cordobadirecto.com\/wp-content\/uploads\/2021\/06\/como-fue-la-captura-en-venezuela-de-vladimiro-montesinos-el-polemico-exasesor-de-alberto-fujimori-hace-20-anos-26.jpg 549w\" alt=\"Una imagen transmitida por la televisi\u00f3n peruana el 5 de febrero de 2001 muestra al pol\u00edtico Agust\u00edn Mantilla, a la izquierda, aceptando US$30.000 de Montesinos.\" src=\"http:\/\/cordobadirecto.com\/wp-content\/uploads\/2021\/06\/como-fue-la-captura-en-venezuela-de-vladimiro-montesinos-el-polemico-exasesor-de-alberto-fujimori-hace-20-anos-3.jpg\" width=\"549\" class=\"bbc-fat2bc e1enwo3v0\"><\/noscript><\/p>\n<p role=\"text\" class=\"bbc-1s1cxbv etq3yw90\"><span class=\"bbc-1gnhmg2 e1yt7oin0\">Fuente de la imagen, <\/span><span lang=\"en-GB\">Getty Images<\/span><\/p>\n<\/div>\n<\/div>\n<div dir=\"ltr\" class=\"bbc-3edg7g e57qer20\" readability=\"7.5\"><figcaption dir=\"ltr\" class=\"bbc-1t9zlwf eede9f50\" readability=\"5\"><span class=\"bbc-1gnhmg2 e1yt7oin0\">Pie de foto, <\/span><\/p>\n<p>Una imagen transmitida por la televisi\u00f3n peruana el 5 de febrero de 2001 muestra al pol\u00edtico Agust\u00edn Mantilla, a la izquierda, aceptando US$30.000 de Montesinos.<\/p>\n<\/figcaption><\/div>\n<\/div>\n<\/figure>\n<\/div>\n<div dir=\"ltr\" class=\"bbc-19j92fr e57qer20\" readability=\"9\">\n<p dir=\"ltr\" class=\"bbc-bm53ic e1cc2ql70\">Una de ellas muestra a Montesinos ofreci\u00e9ndole dinero al congresista Alberto Kouri para que se pasara al entonces partido de gobierno, el extinto Per\u00fa 2000. <\/p>\n<\/div>\n<div dir=\"ltr\" class=\"bbc-19j92fr e57qer20\" readability=\"14\">\n<p dir=\"ltr\" class=\"bbc-bm53ic e1cc2ql70\">&#8220;Era un <b>grabador compulsivo<\/b> de reuniones. Una de esas cintas, una de las menos importantes, se divulg\u00f3 por la televisi\u00f3n. Aparec\u00edan cerros de dinero, literalmente cerros, fajos gigantes&#8221;, recuerda Jochamowitz.<\/p>\n<\/div>\n<p><h2 id=\"Hu\u00edda-en-un-yate-\" tabindex=\"-1\" class=\"bbc-l3e97o e14hemmw0\">Hu\u00edda en un yate <\/h2>\n<\/p>\n<div dir=\"ltr\" class=\"bbc-19j92fr e57qer20\" readability=\"8\">\n<p dir=\"ltr\" class=\"bbc-bm53ic e1cc2ql70\">Ese video marc\u00f3 el principio del fin de una de las etapas m\u00e1s oscuras de la historia contempor\u00e1nea de Per\u00fa. <\/p>\n<\/div>\n<div dir=\"ltr\" class=\"bbc-19j92fr e57qer20\" readability=\"11\">\n<p dir=\"ltr\" class=\"bbc-bm53ic e1cc2ql70\">La reacci\u00f3n del p\u00fablico fue tremenda y, seg\u00fan Jochamowitz, ante la posibilidad de que <b>Fujimori lo traicionara<\/b> y lo utilizara como chivo expiatorio, Montesinos decidi\u00f3 huir del pa\u00eds. <\/p>\n<\/div>\n<div dir=\"ltr\" class=\"bbc-19j92fr e57qer20\" readability=\"11\">\n<p dir=\"ltr\" class=\"bbc-bm53ic e1cc2ql70\">&#8220;El gobierno de Fujimori ya estaba muy golpeado. Ten\u00eda once a\u00f1os en el poder, pero planeaba quedarse cuatro m\u00e1s. Los &#8216;vladivideos&#8217; hicieron que la situaci\u00f3n se volviera insostenible&#8221;, prosigue el periodista. <\/p>\n<\/div>\n<div dir=\"ltr\" class=\"bbc-19j92fr e57qer20\" readability=\"13\">\n<p dir=\"ltr\" class=\"bbc-bm53ic e1cc2ql70\">Poco despu\u00e9s de su desaparici\u00f3n, surgi\u00f3 un video presentado en el Parlamento peruano, en el que se ve a Montesinos <b>huyendo en un yate<\/b> que lo llev\u00f3 primero a las islas Gal\u00e1pagos, en Ecuador, y despu\u00e9s a Costa Rica. <\/p>\n<\/div>\n<div dir=\"ltr\" class=\"bbc-1ka88fa e57qer20\">\n<figure class=\"bbc-1qdcvv9 e6bmn90\">\n<div dir=\"ltr\" class=\"bbc-172p16q e57qer20\">\n<div dir=\"ltr\" class=\"bbc-189y18v e57qer20\" readability=\"6.5\">\n<div data-e2e=\"image-placeholder\" class=\"bbc-1k5hvrj e1whu0\" readability=\"8\"><noscript><img srcset=\"http:\/\/cordobadirecto.com\/wp-content\/uploads\/2021\/06\/como-fue-la-captura-en-venezuela-de-vladimiro-montesinos-el-polemico-exasesor-de-alberto-fujimori-hace-20-anos-27.jpg 240w, http:\/\/cordobadirecto.com\/wp-content\/uploads\/2021\/06\/como-fue-la-captura-en-venezuela-de-vladimiro-montesinos-el-polemico-exasesor-de-alberto-fujimori-hace-20-anos-28.jpg 320w, http:\/\/cordobadirecto.com\/wp-content\/uploads\/2021\/06\/como-fue-la-captura-en-venezuela-de-vladimiro-montesinos-el-polemico-exasesor-de-alberto-fujimori-hace-20-anos-29.jpg 480w, http:\/\/cordobadirecto.com\/wp-content\/uploads\/2021\/06\/como-fue-la-captura-en-venezuela-de-vladimiro-montesinos-el-polemico-exasesor-de-alberto-fujimori-hace-20-anos-30.jpg 624w, http:\/\/cordobadirecto.com\/wp-content\/uploads\/2021\/06\/como-fue-la-captura-en-venezuela-de-vladimiro-montesinos-el-polemico-exasesor-de-alberto-fujimori-hace-20-anos-31.jpg 800w\" alt=\"Fujimori y Montesinos.\" src=\"http:\/\/cordobadirecto.com\/wp-content\/uploads\/2021\/06\/como-fue-la-captura-en-venezuela-de-vladimiro-montesinos-el-polemico-exasesor-de-alberto-fujimori-hace-20-anos-4.jpg\" width=\"976\" class=\"bbc-fat2bc e1enwo3v0\"><\/noscript><\/p>\n<p role=\"text\" class=\"bbc-1s1cxbv etq3yw90\"><span class=\"bbc-1gnhmg2 e1yt7oin0\">Fuente de la imagen, <\/span><span lang=\"en-GB\">Getty Images<\/span><\/p>\n<\/div>\n<\/div>\n<div dir=\"ltr\" class=\"bbc-3edg7g e57qer20\" readability=\"6.5\"><figcaption dir=\"ltr\" class=\"bbc-1t9zlwf eede9f50\" readability=\"3\"><span class=\"bbc-1gnhmg2 e1yt7oin0\">Pie de foto, <\/span><\/p>\n<p>Fujimori y Montesinos durante una audiencia del juicio contra Fujimori por cargos de violaciones de derechos humanos en 2008.<\/p>\n<\/figcaption><\/div>\n<\/div>\n<\/figure>\n<\/div>\n<div dir=\"ltr\" class=\"bbc-19j92fr e57qer20\" readability=\"9\">\n<p dir=\"ltr\" class=\"bbc-bm53ic e1cc2ql70\">Pero r\u00e1pidamente tom\u00f3 fuerzas la versi\u00f3n de que Montesinos estaba en Venezuela, lo cual desat\u00f3 tensiones entre Caracas y Lima.<\/p>\n<\/div>\n<div dir=\"ltr\" class=\"bbc-19j92fr e57qer20\" readability=\"9\">\n<p dir=\"ltr\" class=\"bbc-bm53ic e1cc2ql70\">Para diciembre, tanto los medios como la clase pol\u00edtica peruana acusaban al gobierno venezolano de proteger a Montesinos. <\/p>\n<\/div>\n<p><h2 id=\"Cambio-de-rostro\" tabindex=\"-1\" class=\"bbc-l3e97o e14hemmw0\">Cambio de rostro<\/h2>\n<\/p>\n<div dir=\"ltr\" class=\"bbc-19j92fr e57qer20\" readability=\"11\">\n<p dir=\"ltr\" class=\"bbc-bm53ic e1cc2ql70\">A mediados de ese mes, surgieron reportes de que Vladimiro Montesinos se hab\u00eda sometido a una cirug\u00eda pl\u00e1stica en Caracas para cambiar el aspecto de su rostro, en un intento por continuar eludiendo la justicia. <\/p>\n<\/div>\n<div dir=\"ltr\" class=\"bbc-19j92fr e57qer20\" readability=\"12\">\n<p dir=\"ltr\" class=\"bbc-bm53ic e1cc2ql70\">Seg\u00fan Luis Ponte, director de una cl\u00ednica privada en la capital venezolana, un tal Manuel Antonio Rodr\u00edguez P\u00e9rez -el mismo alias que Montesinos habr\u00eda utilizado para ingresar al pa\u00eds-, se oper\u00f3 en su centro m\u00e9dico y <b>se fue sin pagar<\/b>. <\/p>\n<\/div>\n<div dir=\"ltr\" class=\"bbc-19j92fr e57qer20\" readability=\"8\">\n<p dir=\"ltr\" class=\"bbc-bm53ic e1cc2ql70\">Ponte le dijo a la agencia <i class=\"bbc-h1y5j7 ewc4zcb0\">Reuters<\/i> que pens\u00f3 que Rodr\u00edguez P\u00e9rez era un venezolano com\u00fan que sencillamente se quer\u00eda operar. <\/p>\n<\/div>\n<div dir=\"ltr\" class=\"bbc-19j92fr e57qer20\" readability=\"9\">\n<p dir=\"ltr\" class=\"bbc-bm53ic e1cc2ql70\">&#8220;El paciente se someti\u00f3 a una cirug\u00eda de reconstrucci\u00f3n en la nariz y los p\u00e1rpados y se fue con la factura a\u00fan pendiente&#8221;, agreg\u00f3.<\/p>\n<\/div>\n<div dir=\"ltr\" class=\"bbc-19j92fr e57qer20\" readability=\"15\">\n<p dir=\"ltr\" class=\"bbc-bm53ic e1cc2ql70\">Inicialmente, las autoridades venezolanas negaron en numerosas ocasiones la versi\u00f3n de que Montesinos hab\u00eda ingresado a Venezuela, pero a finales de abril de 2001, el entonces ministro del Interior y de Justicia de Venezuela, Luis Miquilena, admiti\u00f3 que el pr\u00f3fugo de la justicia &#8220;hab\u00eda estado&#8221; en Venezuela. <\/p>\n<\/div>\n<div dir=\"ltr\" class=\"bbc-19j92fr e57qer20\" readability=\"9\">\n<p dir=\"ltr\" class=\"bbc-bm53ic e1cc2ql70\">Miquilena tambi\u00e9n confirm\u00f3 que Montesinos se hab\u00eda sometido a una cirug\u00eda facial en una cl\u00ednica caraque\u00f1a, como lo hab\u00edan informado los medios de comunicaci\u00f3n.<\/p>\n<\/div>\n<p><h2 id=\"Intento-fallido-de-captura-\" tabindex=\"-1\" class=\"bbc-l3e97o e14hemmw0\">Intento fallido de captura <\/h2>\n<\/p>\n<div dir=\"ltr\" class=\"bbc-19j92fr e57qer20\" readability=\"9\">\n<p dir=\"ltr\" class=\"bbc-bm53ic e1cc2ql70\">Estas declaraciones tuvieron lugar luego de que fracasara un plan para detener a Montesinos, quien hab\u00eda sido ubicado en los llanos venezolanos por una periodista venezolana. <\/p>\n<\/div>\n<div dir=\"ltr\" class=\"bbc-19j92fr e57qer20\" readability=\"13\">\n<p dir=\"ltr\" class=\"bbc-bm53ic e1cc2ql70\">Patricia Poleo, del diario El Nuevo Pa\u00eds, obtuvo y public\u00f3 reportes de que Montesinos se hallaba en la hacienda &#8220;Hato Pi\u00f1ero&#8221; en Cojedes, uno de los estados m\u00e1s remotos de Venezuela, ubicado en el centro-norte del pa\u00eds. <\/p>\n<\/div>\n<div dir=\"ltr\" class=\"bbc-19j92fr e57qer20\"><img srcset=\"http:\/\/cordobadirecto.com\/wp-content\/uploads\/2021\/06\/como-fue-la-captura-en-venezuela-de-vladimiro-montesinos-el-polemico-exasesor-de-alberto-fujimori-hace-20-anos-1.png 640w, http:\/\/cordobadirecto.com\/wp-content\/uploads\/2021\/06\/como-fue-la-captura-en-venezuela-de-vladimiro-montesinos-el-polemico-exasesor-de-alberto-fujimori-hace-20-anos.png 816w\" src=\"http:\/\/cordobadirecto.com\/wp-content\/uploads\/2021\/06\/como-fue-la-captura-en-venezuela-de-vladimiro-montesinos-el-polemico-exasesor-de-alberto-fujimori-hace-20-anos.png\" alt=\"Map\" id=\"include-1\" class=\"bbc-yfiktt e1enwo3v0\"><\/div>\n<div dir=\"ltr\" class=\"bbc-19j92fr e57qer20\" readability=\"14\">\n<p dir=\"ltr\" class=\"bbc-bm53ic e1cc2ql70\">El s\u00e1bado 21 de abril, las autoridades venezolanas efectuaron un operativo en el que participar\u00eda el ministro de Interior peruano, Antonio Ket\u00edn Vidal, quien hab\u00eda viajado desde Per\u00fa, pero al llegar, los agentes venezolanos le dijeron que no hab\u00edan encontrado nada en el lugar. <\/p>\n<\/div>\n<div dir=\"ltr\" class=\"bbc-19j92fr e57qer20\" readability=\"9\">\n<p dir=\"ltr\" class=\"bbc-bm53ic e1cc2ql70\">&#8220;Cuando llegamos al aeropuerto hubo una prolongada demora administrativa que nos impidi\u00f3 actuar con rapidez&#8221;, le explic\u00f3 Vidal a la prensa. <\/p>\n<\/div>\n<div dir=\"ltr\" class=\"bbc-19j92fr e57qer20\" readability=\"10\">\n<p dir=\"ltr\" class=\"bbc-bm53ic e1cc2ql70\">Un reportero del diario peruano <i class=\"bbc-h1y5j7 ewc4zcb0\">El Comercio<\/i>, quien estuvo presente durante el operativo, asegur\u00f3 que la polic\u00eda <b>tard\u00f3 19 horas en actuar<\/b> tras haber obtenido la informaci\u00f3n.<\/p>\n<\/div>\n<div dir=\"ltr\" class=\"bbc-19j92fr e57qer20\" readability=\"9\">\n<p dir=\"ltr\" class=\"bbc-bm53ic e1cc2ql70\">&#8220;Las autoridades de mi pa\u00eds <b>no tienen la voluntad de capturar<\/b> a Vladimiro Montesinos&#8221;, denunci\u00f3 en su momento Patricia Poleo.<\/p>\n<\/div>\n<div dir=\"ltr\" class=\"bbc-19j92fr e57qer20\" readability=\"10\">\n<p dir=\"ltr\" class=\"bbc-bm53ic e1cc2ql70\">El periodista Luis Jochamowitz se\u00f1ala que la versi\u00f3n ofrecida por Poleo, de que Montesinos habr\u00eda estado en Cojedes, nunca fue posible de confirmar. <\/p>\n<\/div>\n<p><h2 id=\"En-menos-de-lo-que-canta-un-gallo\" tabindex=\"-1\" class=\"bbc-l3e97o e14hemmw0\">&#8220;En menos de lo que canta un gallo&#8221;<\/h2>\n<\/p>\n<div dir=\"ltr\" class=\"bbc-19j92fr e57qer20\" readability=\"11\">\n<p dir=\"ltr\" class=\"bbc-bm53ic e1cc2ql70\">&#8220;Pero lo que s\u00ed se sabe es que estuvo en aquella barriada pobre en el oeste de Caracas. Estuvo bajo el control de un grupo, que se sospecha estaba relacionado de alguna forma con el servicio de inteligencia de Venezuela&#8221;, a\u00f1ade. <\/p>\n<\/div>\n<div dir=\"ltr\" class=\"bbc-19j92fr e57qer20\" readability=\"13\">\n<p dir=\"ltr\" class=\"bbc-bm53ic e1cc2ql70\">&#8220;La raz\u00f3n de por qu\u00e9 termin\u00f3 en Venezuela todav\u00eda es un misterio. Se suele decir que fue a Venezuela porque ten\u00eda un pacto con Ch\u00e1vez, quien hab\u00eda estudiado en Per\u00fa cuando era cadete y ten\u00eda buenos v\u00ednculos con los militares peruanos, pero esto ha sido imposible de confirmar&#8221;, explica Jochamowitz.<\/p>\n<\/div>\n<div dir=\"ltr\" class=\"bbc-19j92fr e57qer20\" readability=\"14\">\n<p dir=\"ltr\" class=\"bbc-bm53ic e1cc2ql70\">En una entrevista con la BBC ofrecida poco despu\u00e9s de la captura del exasesor de Fujimori, el exministro del Interior y de Justicia de Venezuela, Luis Miquilena, dijo que no se descartaba que algunos miembros de la polic\u00eda podr\u00edan haberlo protegido, pero <b>desestim\u00f3 que el gobierno de Ch\u00e1vez lo <\/b><b>hubiera<\/b><b> hecho. <\/b><\/p>\n<\/div>\n<div dir=\"ltr\" class=\"ek1plzs1 bbc-9m7iam e57qer20\">\n<figure class=\"bbc-1qdcvv9 e6bmn90\">\n<div dir=\"ltr\" class=\"bbc-vx18wi e57qer20\">\n<div dir=\"ltr\" class=\"bbc-rprdln e57qer20\" readability=\"6.5\">\n<div data-e2e=\"image-placeholder\" class=\"bbc-1ve91qc e1whu0\" readability=\"8\"><noscript><img srcset=\"http:\/\/cordobadirecto.com\/wp-content\/uploads\/2021\/06\/como-fue-la-captura-en-venezuela-de-vladimiro-montesinos-el-polemico-exasesor-de-alberto-fujimori-hace-20-anos-32.jpg 240w, http:\/\/cordobadirecto.com\/wp-content\/uploads\/2021\/06\/como-fue-la-captura-en-venezuela-de-vladimiro-montesinos-el-polemico-exasesor-de-alberto-fujimori-hace-20-anos-33.jpg 320w, http:\/\/cordobadirecto.com\/wp-content\/uploads\/2021\/06\/como-fue-la-captura-en-venezuela-de-vladimiro-montesinos-el-polemico-exasesor-de-alberto-fujimori-hace-20-anos-34.jpg 412w\" alt=\"Hugo Ch\u00e1vez.\" src=\"http:\/\/cordobadirecto.com\/wp-content\/uploads\/2021\/06\/como-fue-la-captura-en-venezuela-de-vladimiro-montesinos-el-polemico-exasesor-de-alberto-fujimori-hace-20-anos-5.jpg\" width=\"412\" class=\"bbc-fat2bc e1enwo3v0\"><\/noscript><\/p>\n<p role=\"text\" class=\"bbc-1s1cxbv etq3yw90\"><span class=\"bbc-1gnhmg2 e1yt7oin0\">Fuente de la imagen, <\/span><span lang=\"en-GB\">Getty Images<\/span><\/p>\n<\/div>\n<\/div>\n<div dir=\"ltr\" class=\"bbc-3edg7g e57qer20\" readability=\"7\"><figcaption dir=\"ltr\" class=\"bbc-1t9zlwf eede9f50\" readability=\"4\"><span class=\"bbc-1gnhmg2 e1yt7oin0\">Pie de foto, <\/span><\/p>\n<p>El mismo 24 de junio, Ch\u00e1vez anunci\u00f3 que su gobierno hab\u00eda iniciado el proceso de extradici\u00f3n de Montesinos.<\/p>\n<\/figcaption><\/div>\n<\/div>\n<\/figure>\n<\/div>\n<div dir=\"ltr\" class=\"bbc-19j92fr e57qer20\" readability=\"9\">\n<p dir=\"ltr\" class=\"bbc-bm53ic e1cc2ql70\">Jochamowitz destaca que para Montesinos su hu\u00edda a Venezuela y su posterior captura no represent\u00f3 solamente un derrumbe pol\u00edtico, sino <b>tambi\u00e9n psicol\u00f3gico<\/b>. <\/p>\n<\/div>\n<div dir=\"ltr\" class=\"bbc-19j92fr e57qer20\" readability=\"13\">\n<p dir=\"ltr\" class=\"bbc-bm53ic e1cc2ql70\">&#8220;Perdi\u00f3 sus facultades, el control sobre su propia libertad. Cay\u00f3 en manos de un grupo que quer\u00eda extorsionarlo, sacarle hasta el \u00faltimo centavo. Finalmente lo traicionaron cuando la presi\u00f3n internacional se hizo demasiado fuerte y desde el poder en Caracas los obligaron a entregarlo y regres\u00f3 a Per\u00fa prisionero&#8221;, explica. <\/p>\n<\/div>\n<div dir=\"ltr\" class=\"bbc-19j92fr e57qer20\" readability=\"11\">\n<p dir=\"ltr\" class=\"bbc-bm53ic e1cc2ql70\">Poleo, quien adem\u00e1s escribi\u00f3 el libro <i class=\"bbc-h1y5j7 ewc4zcb0\">&#8220;Tras la huella de Montesinos&#8221;<\/i>, respalda la versi\u00f3n de que el gobierno de Ch\u00e1vez inicialmente le habr\u00eda brindado protecci\u00f3n a Montesinos y luego no tuvo m\u00e1s remedio que entregarlo. Algo que el chavismo ha negado reiteradamente.<\/p>\n<\/div>\n<div dir=\"ltr\" class=\"bbc-19j92fr e57qer20\" readability=\"7\">\n<p dir=\"ltr\" class=\"bbc-bm53ic e1cc2ql70\">Su investigaci\u00f3n sobre el caso la hizo ganadora del Premio Rey de Espa\u00f1a en 2001. <\/p>\n<\/div>\n<div dir=\"ltr\" class=\"bbc-19j92fr e57qer20\" readability=\"8\">\n<p dir=\"ltr\" class=\"bbc-bm53ic e1cc2ql70\">Fue el <b>mismo Hugo Ch\u00e1vez quien confirm\u00f3 la captura <\/b>del pr\u00f3fugo peruano aquel domingo 24 de junio.<\/p>\n<\/div>\n<div dir=\"ltr\" class=\"bbc-19j92fr e57qer20\" readability=\"14\">\n<p dir=\"ltr\" class=\"bbc-bm53ic e1cc2ql70\">&#8220;Agarramos a Montesinos, anoche, en Caracas&#8221;, declar\u00f3 a su salida del Hotel Intercontinental de Valencia, Venezuela, donde los cinco mandatarios de la Comunidad Andina de Naciones (CAN) celebraban un consejo presidencial. <\/p>\n<\/div>\n<div dir=\"ltr\" class=\"bbc-19j92fr e57qer20\" readability=\"15\">\n<p dir=\"ltr\" class=\"bbc-bm53ic e1cc2ql70\">&#8220;Est\u00e1 en este momento detenido, ya di las instrucciones al ministro del Interior, Luis Miquilena, para comenzar todos los tr\u00e1mites y devolverlo, en menos de lo que canta un gallo, para ponerlo a la orden de las autoridades de la Rep\u00fablica del Per\u00fa&#8221;, agreg\u00f3 el exmandatario venezolano. <\/p>\n<\/div>\n<div dir=\"ltr\" class=\"bbc-19j92fr e57qer20\" readability=\"11\">\n<p dir=\"ltr\" class=\"bbc-bm53ic e1cc2ql70\">H\u00e9ctor Pesquera, director de la oficina de Miami del FBI de Estados Unidos, inform\u00f3 que la agencia<b> hab\u00eda seguido los movimientos<\/b> de la cuenta bancaria de Montesinos y detuvo a un venezolano que les proporcion\u00f3 informaci\u00f3n clave para lograr con su paradero. <\/p>\n<\/div>\n<div dir=\"ltr\" class=\"bbc-19j92fr e57qer20\" readability=\"9\">\n<p dir=\"ltr\" class=\"bbc-bm53ic e1cc2ql70\">Sus declaraciones contradijeron la informaci\u00f3n dada por el gobierno venezolano, que hab\u00eda desmentido la intervenci\u00f3n del FBI en la captura de Montesinos. <\/p>\n<\/div>\n<div dir=\"ltr\" class=\"bbc-19j92fr e57qer20\" readability=\"9\">\n<p dir=\"ltr\" class=\"bbc-bm53ic e1cc2ql70\">El regreso del exmilitar arequipe\u00f1o a Per\u00fa fue <b>altamente mediatizado<\/b>. Un d\u00eda despu\u00e9s de su captura, tanto su partida de Caracas como el aterrizaje en Lima fueron televisados. <\/p>\n<\/div>\n<div dir=\"ltr\" class=\"ek1plzs1 bbc-9m7iam e57qer20\">\n<figure class=\"bbc-1qdcvv9 e6bmn90\">\n<div dir=\"ltr\" class=\"bbc-vx18wi e57qer20\">\n<div dir=\"ltr\" class=\"bbc-rprdln e57qer20\" readability=\"6.5\">\n<div data-e2e=\"image-placeholder\" class=\"bbc-1ve91qc e1whu0\" readability=\"8\"><noscript><img srcset=\"http:\/\/cordobadirecto.com\/wp-content\/uploads\/2021\/06\/como-fue-la-captura-en-venezuela-de-vladimiro-montesinos-el-polemico-exasesor-de-alberto-fujimori-hace-20-anos-35.jpg 240w, http:\/\/cordobadirecto.com\/wp-content\/uploads\/2021\/06\/como-fue-la-captura-en-venezuela-de-vladimiro-montesinos-el-polemico-exasesor-de-alberto-fujimori-hace-20-anos-36.jpg 320w, http:\/\/cordobadirecto.com\/wp-content\/uploads\/2021\/06\/como-fue-la-captura-en-venezuela-de-vladimiro-montesinos-el-polemico-exasesor-de-alberto-fujimori-hace-20-anos-37.jpg 412w\" alt=\"Se busca Montesinos.\" src=\"http:\/\/cordobadirecto.com\/wp-content\/uploads\/2021\/06\/como-fue-la-captura-en-venezuela-de-vladimiro-montesinos-el-polemico-exasesor-de-alberto-fujimori-hace-20-anos-6.jpg\" width=\"412\" class=\"bbc-fat2bc e1enwo3v0\"><\/noscript><\/p>\n<p role=\"text\" class=\"bbc-1s1cxbv etq3yw90\"><span class=\"bbc-1gnhmg2 e1yt7oin0\">Fuente de la imagen, <\/span><span lang=\"en-GB\">Getty Images<\/span><\/p>\n<\/div>\n<\/div>\n<\/div>\n<\/figure>\n<\/div>\n<div dir=\"ltr\" class=\"bbc-19j92fr e57qer20\" readability=\"9\">\n<p dir=\"ltr\" class=\"bbc-bm53ic e1cc2ql70\">Fue transportado inmediatamente a &#8220;la carceleta&#8221; de la capital peruana, un s\u00f3tano en el Palacio de Justicia donde se suele internar a las personas pr\u00f3ximas a ser juzgadas. <\/p>\n<\/div>\n<p><h2 id=\"En-la-c\u00e1rcel-que-\u00e9l-mismo-construy\u00f3\" tabindex=\"-1\" class=\"bbc-l3e97o e14hemmw0\">En la c\u00e1rcel que \u00e9l mismo construy\u00f3<\/h2>\n<\/p>\n<div dir=\"ltr\" class=\"bbc-19j92fr e57qer20\" readability=\"8\">\n<p dir=\"ltr\" class=\"bbc-bm53ic e1cc2ql70\">Jochamowitz recuerda el ingreso del exasesor de Fujimori a la carceleta como una escena muy significativa. <\/p>\n<\/div>\n<div dir=\"ltr\" class=\"bbc-19j92fr e57qer20\" readability=\"15\">\n<p dir=\"ltr\" class=\"bbc-bm53ic e1cc2ql70\">&#8220;De las puertas hacia afuera, las c\u00e1maras enfocan a un Montesinos angustiado, esposado, rodeado de polic\u00edas, acosado; pero una vez que entra a la carceleta y se cierran las puertas, hay una c\u00e1mara que transmite y se percibe una especie de alivio en el personaje&#8221;, detalla. <\/p>\n<\/div>\n<div dir=\"ltr\" class=\"bbc-19j92fr e57qer20\" readability=\"12\">\n<p dir=\"ltr\" class=\"bbc-bm53ic e1cc2ql70\">&#8220;Era como si por fin recuperaba su lugar en el mundo. Cierto que iba a estar preso, pero \u00e9l ya hab\u00eda estado preso, siempre hab\u00eda vivido en instituciones estatales, colegios militares, cuarteles&#8221;. <\/p>\n<\/div>\n<div dir=\"ltr\" class=\"bbc-19j92fr e57qer20\" readability=\"8\">\n<p dir=\"ltr\" class=\"bbc-bm53ic e1cc2ql70\">Desde entonces, Montesinos ha enfrentado <b>juicios por m\u00e1s de 60 cargos<\/b>.<\/p>\n<\/div>\n<div dir=\"ltr\" class=\"bbc-19j92fr e57qer20\" readability=\"12\">\n<p dir=\"ltr\" class=\"bbc-bm53ic e1cc2ql70\">A exactamente 20 a\u00f1os de su pol\u00e9mica captura, cumple varias condenas, incluida una a 25 a\u00f1os de c\u00e1rcel por cr\u00edmenes contra los derechos humanos, emitida en 2010 y que culminar\u00e1 en junio de 2026. <\/p>\n<\/div>\n<div dir=\"ltr\" class=\"bbc-19j92fr e57qer20\" readability=\"8\">\n<p dir=\"ltr\" class=\"bbc-bm53ic e1cc2ql70\">Desde su condena, Montesinos ha mantenido un muy bajo perfil medi\u00e1tico. <\/p>\n<\/div>\n<div dir=\"ltr\" class=\"bbc-19j92fr e57qer20\" readability=\"9\">\n<p dir=\"ltr\" class=\"bbc-bm53ic e1cc2ql70\">Se encuentra internado en el Centro de Reclusi\u00f3n de la Base Naval del Callao, una c\u00e1rcel de m\u00e1xima seguridad que <b>\u00e9l mismo mand\u00f3 a <\/b><b>construir<\/b> en los a\u00f1os 90. <\/p>\n<\/div>\n<div dir=\"ltr\" class=\"bbc-19j92fr e57qer20\" readability=\"9\">\n<p dir=\"ltr\" class=\"bbc-bm53ic e1cc2ql70\">&#8220;\u00c9l dise\u00f1\u00f3 esa c\u00e1rcel para hacerle la vida imposible a Abimael Guzm\u00e1n (l\u00edder de Sendero Luminoso), pero la paradoja del asunto es que \u00e9l mismo termin\u00f3 all\u00ed&#8221;. <\/p>\n<\/div>\n<div dir=\"ltr\" class=\"bbc-1ka88fa e57qer20\">\n<figure class=\"bbc-1qdcvv9 e6bmn90\">\n<div dir=\"ltr\" class=\"bbc-172p16q e57qer20\">\n<div dir=\"ltr\" class=\"bbc-189y18v e57qer20\">\n<div data-e2e=\"image-placeholder\" class=\"bbc-367mqz e1whu0\"><noscript><img srcset=\"http:\/\/cordobadirecto.com\/wp-content\/uploads\/2021\/06\/como-fue-la-captura-en-venezuela-de-vladimiro-montesinos-el-polemico-exasesor-de-alberto-fujimori-hace-20-anos-38.jpg 240w, http:\/\/cordobadirecto.com\/wp-content\/uploads\/2021\/06\/como-fue-la-captura-en-venezuela-de-vladimiro-montesinos-el-polemico-exasesor-de-alberto-fujimori-hace-20-anos-39.jpg 320w, http:\/\/cordobadirecto.com\/wp-content\/uploads\/2021\/06\/como-fue-la-captura-en-venezuela-de-vladimiro-montesinos-el-polemico-exasesor-de-alberto-fujimori-hace-20-anos-40.jpg 464w\" alt=\"L\u00ednea\" src=\"http:\/\/cordobadirecto.com\/wp-content\/uploads\/2021\/06\/como-fue-la-captura-en-venezuela-de-vladimiro-montesinos-el-polemico-exasesor-de-alberto-fujimori-hace-20-anos-7.jpg\" width=\"464\" class=\"bbc-fat2bc e1enwo3v0\"><\/noscript><\/div>\n<\/div>\n<\/div>\n<\/figure>\n<\/div>\n<div dir=\"ltr\" class=\"bbc-19j92fr e57qer20\" readability=\"8\">\n<p dir=\"ltr\" class=\"bbc-bm53ic e1cc2ql70\"><i class=\"bbc-h1y5j7 ewc4zcb0\">Ahora puedes recibir notificaciones de BBC Mundo. Descarga la nueva versi\u00f3n de nuestra app y act\u00edvalas para no perderte nuestro mejor contenido.<\/i><\/p>\n<\/div>\n","protected":false},"excerpt":{"rendered":"<p>Norberto Paredes @norbertparedes BBC News Mundo 3 horas Fuente de la imagen, Getty Images Pie de foto, El &#8220;poder detr\u00e1s del poder&#8221;: Vladimiro Montesinos fue considerado como uno de los hombres m\u00e1s poderosos de Per\u00fa durante el gobierno de Fujimori. El domingo 24 de junio de 2001, el sector de Ni\u00f1o Jes\u00fas, un barrio pobre [&hellip;]<\/p>\n","protected":false},"author":1,"featured_media":8610,"comment_status":"closed","ping_status":"closed","sticky":false,"template":"","format":"standard","meta":[],"categories":[24],"tags":[],"_links":{"self":[{"href":"http:\/\/cordobadirecto.com\/index.php\/wp-json\/wp\/v2\/posts\/8609"}],"collection":[{"href":"http:\/\/cordobadirecto.com\/index.php\/wp-json\/wp\/v2\/posts"}],"about":[{"href":"http:\/\/cordobadirecto.com\/index.php\/wp-json\/wp\/v2\/types\/post"}],"author":[{"embeddable":true,"href":"http:\/\/cordobadirecto.com\/index.php\/wp-json\/wp\/v2\/users\/1"}],"replies":[{"embeddable":true,"href":"http:\/\/cordobadirecto.com\/index.php\/wp-json\/wp\/v2\/comments?post=8609"}],"version-history":[{"count":0,"href":"http:\/\/cordobadirecto.com\/index.php\/wp-json\/wp\/v2\/posts\/8609\/revisions"}],"wp:featuredmedia":[{"embeddable":true,"href":"http:\/\/cordobadirecto.com\/index.php\/wp-json\/wp\/v2\/media\/8610"}],"wp:attachment":[{"href":"http:\/\/cordobadirecto.com\/index.php\/wp-json\/wp\/v2\/media?parent=8609"}],"wp:term":[{"taxonomy":"category","embeddable":true,"href":"http:\/\/cordobadirecto.com\/index.php\/wp-json\/wp\/v2\/categories?post=8609"},{"taxonomy":"post_tag","embeddable":true,"href":"http:\/\/cordobadirecto.com\/index.php\/wp-json\/wp\/v2\/tags?post=8609"}],"curies":[{"name":"wp","href":"https:\/\/api.w.org\/{rel}","templated":true}]}}