{"id":8611,"date":"2021-06-21T09:06:00","date_gmt":"2021-06-21T09:06:00","guid":{"rendered":"https:\/\/lmdiario.com.ar\/contenido\/294306\/adios-a-juan-forn-la-despedida-en-redes-sociales-al-autor-de-nadar-de-noche"},"modified":"2021-06-21T09:06:00","modified_gmt":"2021-06-21T09:06:00","slug":"adios-a-juan-forn-la-despedida-en-redes-sociales-al-autor-de-nadar-de-noche","status":"publish","type":"post","link":"http:\/\/cordobadirecto.com\/index.php\/2021\/06\/21\/adios-a-juan-forn-la-despedida-en-redes-sociales-al-autor-de-nadar-de-noche\/","title":{"rendered":"Adi\u00f3s a Juan Forn: la despedida en redes sociales al autor de &#8220;Nadar de noche&#8221;"},"content":{"rendered":"<div readability=\"35\"> <img alt=\"Juan Forn by gentileza\" class=\"img-responsive\" height=\"540\" loading=\"lazy\" sizes=\"auto\" src=\"http:\/\/cordobadirecto.com\/wp-content\/uploads\/2021\/06\/adios-a-juan-forn-la-despedida-en-redes-sociales-al-autor-de-nadar-de-noche.jpg\" srcset=\"http:\/\/cordobadirecto.com\/wp-content\/uploads\/2021\/06\/adios-a-juan-forn-la-despedida-en-redes-sociales-al-autor-de-nadar-de-noche.jpg 960w, http:\/\/cordobadirecto.com\/wp-content\/uploads\/2021\/06\/adios-a-juan-forn-la-despedida-en-redes-sociales-al-autor-de-nadar-de-noche-1.jpg 400w\" width=\"960\"> <\/p>\n<p> <span> &#8220;Los viernes van a dejar de llamarse viernes, Forn. qu\u00e9 dolor. qu\u00e9 dolor&#8221;, escribi\u00f3 en redes el dibujante Rep. Foto: gentileza<\/span> <\/p>\n<\/p><\/div>\n<div readability=\"155.06203473945\">\n<p><strong>La noticia de la muerte del escritor y editor Juan Forn, a sus 61 a\u00f1os, fue recibida este domingo con dolor y con la saz\u00f3n del impacto de lo inesperado por autores, lectores, editores y amigos,<\/strong> quienes en redes sociales lamentaron la p\u00e9rdida del autor de &#8220;Nadar de noche&#8221; y destacaron sus aportes en el campo cultural, sobre todo en la revitalizaci\u00f3n que dieron sus textos a la actividad y a la imaginaci\u00f3n literaria.<\/p>\n<p>Casi como un anuncio de la noticia, en sus redes sociales, el dibujante <strong>Rep<\/strong> comparti\u00f3 una imagen de Forn con un breve texto: <strong>&#8220;Te fuiste, Juan, hermanito del alma. esta foto es de hace una semana, en tu casa. Los viernes van a dejar de llamarse viernes, Forn. qu\u00e9 dolor. qu\u00e9 dolor&#8221;.<\/strong> En un mensaje posterior, Rep subi\u00f3 un dibujo del escritor con otro mensaje: &#8220;Juan querido, no s\u00e9 qu\u00e9 hacer, tus amigos quedamos ciegos, nos tropezamos con todo. eran otras sorpresas, papi, las que tenias que darnos, las literarias, como siempre, Forn&#8230;&#8221;.<\/p>\n<p>Acompa\u00f1ando con un retuit el primer posteo de Rep, la escritora<strong> Claudia Pi\u00f1eiro <\/strong>escribi\u00f3: &#8220;Qu\u00e9 pena tan grande la muerte de Juan Forn. No se soporta tanta muerte. En este caso de alguien joven, talentoso, amable. Ya s\u00e9 que queda lo valioso que escribi\u00f3 y que edit\u00f3. Pero hoy no me alcanza de consuelo&#8221;.<\/p>\n<p>Tambi\u00e9n el escritor <strong>Sergio Olgu\u00edn <\/strong>lament\u00f3 la noticia y rescat\u00f3 su obra: &#8220;A comienzos de los 90 en la Argentina hab\u00eda una literatura joven aburrida y pretenciosa. Hasta que lleg\u00f3 Juan Forn con sus ficciones, pero sobre todo con su laburo (desmesurado, pol\u00e9mico) de editor de Biblioteca del Sur. Gracias, Juan, por lo que nos diste&#8221;.<\/p>\n<p>Aunque no en una red social, el<strong> diario P\u00e1gina\/12<\/strong>, donde Forn fue fundador del suplemento literario Radar y tambi\u00e9n columnista por muchos a\u00f1os, public\u00f3 un texto atravesado por ese &#8220;baldazo fr\u00edo, inexplicable&#8221; de la noticia en el que repone su trabajo tanto en el campo literario como en el editorial y period\u00edstico: &#8220;Esa d\u00e9cada de los &#8217;90 fij\u00f3 a Forn como representante de una nueva generaci\u00f3n que vino a romper con varios estereotipos asociados a lo que &#8220;deb\u00eda ser&#8221; el escritor en la Argentina&#8221;.<\/p>\n<p>&#8220;Capaz de repartir su tiempo sin descanso entre la edici\u00f3n y la escritura, imprimi\u00f3 un nuevo curso a las publicaciones de las editoriales Emec\u00e9 y Planeta (donde cre\u00f3 las colecciones Espejo de la Argentina y Biblioteca del sur), mientras brillaba en novelas como Frivolidad y Puras mentiras e iba elaborando el material de uno de sus grandes libros de la d\u00e9cada siguiente, Mar\u00eda Domecq&#8221;, agrega el texto.<\/p>\n<p>El sello<strong> Tusquets, <\/strong>dentro del Grupo Planeta, lament\u00f3 el fallecimiento de uno de sus autores y tambi\u00e9n editor, ya que Forn estaba a cargo de la colecci\u00f3n Rara Avis: &#8220;En su celebrada obra, Forn se sumergi\u00f3 en los rincones m\u00e1s insospechados de la literatura, el arte y la ciencia, en busca de las claves que definieron ese tiempo de vanguardias y cat\u00e1strofes&#8221;, destac\u00f3 el tuit de @TusquetsAr.<\/p>\n<p>En una \u00e9poca plagada de muertes y p\u00e9rdidas inesperadas para el universo literario local muchos comentarios estuvieron signados por ese impacto arrollador de la perplejidad ante la muerte repentina como <strong>Marcelo Figueras<\/strong> que tuite\u00f3 &#8220;Tristeza enorme lo de Juan Forn. Un horror, una putada (m\u00e1s) de estos tiempos. Nos ten\u00e9s hartos, muerte&#8221; o Luciano Lamberti que escribi\u00f3: &#8220;C\u00f3mo se va a morir Juan Forn, la conxa de todo&#8221;.<\/p>\n<p>&#8220;Qu\u00e9 trist\u00edsimo todo. Te vamos a extra\u00f1ar, Juan&#8221;, lament\u00f3 por su parte la <strong>Fundaci\u00f3n Filba<\/strong>, la entidad que organiza la cita literaria Filba y que en 2018 lo tuvo como protagonista cuando inaugur\u00f3 la s\u00e9ptima edici\u00f3n en La Cumbre. &#8220;Juan Forn no iba nunca a charlas ni festivales. Esa vez nos dijo que s\u00ed solo porque implicaba volver a La Cumbre, despu\u00e9s de d\u00e9cadas. En tres d\u00edas, nos dio los momentos m\u00e1s inteligentes, reflexivos y conmovedores de diez a\u00f1os de festivales&#8221;, recordaron.<\/p>\n<p>Hubo tambi\u00e9n quienes compartieron sus contratapas, los que sin nombrarlo se enojaron con la muerte, lo que subieron la portada de un libro o quienes prefirieron recodarlo con entrevistas. Y en esa mudez que deja la ausencia imprevista,<strong> Fernanda Garc\u00eda Lao<\/strong> public\u00f3 en Facebook una imagen en color negro con una palabra: &#8220;Desolados&#8221;.<\/p>\n<p>Referentes del dibujo tambi\u00e9n se expresaron, como <strong>Horacio Altuna<\/strong> que escribi\u00f3 &#8220;qu\u00e9 tristeza. Se nos fue Juan Forn. Nos deja p\u00e1ginas inolvidables y la pena enorme de su p\u00e9rdida. Abrazo a todos sus seres queridos&#8221;, mientras que Liniers tuite\u00f3: &#8220;Que tristeza enterarme de la muerte de Juan Forn. Un escritor genial y mi primer editor en un diario (suplemento <a href=\"https:\/\/lmdiario.com.ar\/cdn-cgi\/l\/email-protection\" class=\"__cf_email__\" data-cfemail=\"edbf8c898c9fc0ad9d8c8a84838cdcdf\">[email&nbsp;protected]<\/a> ). Un abrazo a sus amigos y familia. Gracias, Juan&#8221;.<\/p>\n<p>Desde Colombia, la escritora <strong>Carolina San\u00edn <\/strong>escribi\u00f3: &#8220;Acabo de enterarme de la muerte de Juan Forn. No lo puedo creer. Lector incre\u00edble, gran escritor, delicia de conversador, hombre generoso. Divino. No va quedando uno solo de los buenos. Qu\u00e9 tristeza&#8221;.<\/p>\n<p>Por su parte, el <strong>Ministerio de Cultura de la Naci\u00f3n<\/strong> public\u00f3 una foto del escritor: &#8220;con profunda tristeza lamentamos la muerte del gran escritor argentino, Juan Forn&#8221;, destac\u00f3, de quien &#8220;dej\u00f3 una gran marca en la literatura argentina y en cada uno de sus lectores&#8221;.<\/p>\n<p>Noticia relacionada:&nbsp;<\/p>\n<\/p><\/div>\n","protected":false},"excerpt":{"rendered":"<p>&#8220;Los viernes van a dejar de llamarse viernes, Forn. qu\u00e9 dolor. qu\u00e9 dolor&#8221;, escribi\u00f3 en redes el dibujante Rep. Foto: gentileza La noticia de la muerte del escritor y editor Juan Forn, a sus 61 a\u00f1os, fue recibida este domingo con dolor y con la saz\u00f3n del impacto de lo inesperado por autores, lectores, editores [&hellip;]<\/p>\n","protected":false},"author":1,"featured_media":8612,"comment_status":"closed","ping_status":"closed","sticky":false,"template":"","format":"standard","meta":[],"categories":[20],"tags":[],"_links":{"self":[{"href":"http:\/\/cordobadirecto.com\/index.php\/wp-json\/wp\/v2\/posts\/8611"}],"collection":[{"href":"http:\/\/cordobadirecto.com\/index.php\/wp-json\/wp\/v2\/posts"}],"about":[{"href":"http:\/\/cordobadirecto.com\/index.php\/wp-json\/wp\/v2\/types\/post"}],"author":[{"embeddable":true,"href":"http:\/\/cordobadirecto.com\/index.php\/wp-json\/wp\/v2\/users\/1"}],"replies":[{"embeddable":true,"href":"http:\/\/cordobadirecto.com\/index.php\/wp-json\/wp\/v2\/comments?post=8611"}],"version-history":[{"count":0,"href":"http:\/\/cordobadirecto.com\/index.php\/wp-json\/wp\/v2\/posts\/8611\/revisions"}],"wp:featuredmedia":[{"embeddable":true,"href":"http:\/\/cordobadirecto.com\/index.php\/wp-json\/wp\/v2\/media\/8612"}],"wp:attachment":[{"href":"http:\/\/cordobadirecto.com\/index.php\/wp-json\/wp\/v2\/media?parent=8611"}],"wp:term":[{"taxonomy":"category","embeddable":true,"href":"http:\/\/cordobadirecto.com\/index.php\/wp-json\/wp\/v2\/categories?post=8611"},{"taxonomy":"post_tag","embeddable":true,"href":"http:\/\/cordobadirecto.com\/index.php\/wp-json\/wp\/v2\/tags?post=8611"}],"curies":[{"name":"wp","href":"https:\/\/api.w.org\/{rel}","templated":true}]}}