{"id":8662,"date":"2021-06-22T16:07:16","date_gmt":"2021-06-22T16:07:16","guid":{"rendered":"https:\/\/lmdiario.com.ar\/contenido\/294379\/desde-cordoba-fue-elegido-finalista-en-un-concurso-nacional"},"modified":"2021-06-22T16:07:16","modified_gmt":"2021-06-22T16:07:16","slug":"desde-cordoba-fue-elegido-finalista-en-un-concurso-nacional","status":"publish","type":"post","link":"http:\/\/cordobadirecto.com\/index.php\/2021\/06\/22\/desde-cordoba-fue-elegido-finalista-en-un-concurso-nacional\/","title":{"rendered":"Desde C\u00f3rdoba fue elegido finalista en un concurso nacional"},"content":{"rendered":"<div><img src=\"http:\/\/cordobadirecto.com\/wp-content\/uploads\/2021\/06\/desde-cordoba-fue-elegido-finalista-en-un-concurso-nacional.jpg\" class=\"ff-og-image-inserted\"><\/div>\n<p><strong>Tucumano de nacimiento, pero carlospacense por adopci\u00f3n, Agust\u00edn Perez Albert o Agus de Qv4<\/strong> como se lo reconoce en el ambiente art\u00edstico, fue <strong>elegido finalista de un Concurso Nacional por el Bicentenario de Mart\u00edn Miguel de G\u00fcemes,<\/strong> con una canci\u00f3n que se llama: <strong>\u201cHijos de esta tierra salte\u00f1os\u201d y que relata un momento de la vida del pr\u00f3cer, que era el motivo del certamen.<\/strong><\/p>\n<p>&#8220;Realmente es una gran alegr\u00eda para mi ya que desde hace un tiempo vengo trabajando con mis propias creaciones y llegar a estas instancias no lo esperaba&#8221;, coment\u00f3 el m\u00fasico. &#8220;Pero inquieto como me siento, empec\u00e9 a trabajar hace unos diez d\u00edas en producir un<strong> videoclip de la canci\u00f3n<\/strong> y para ello pude contar con la participaci\u00f3n de artistas y t\u00e9cnicos de la villa quienes pusieron todo su talento y profesionalismo&#8221;, acot\u00f3.<\/p>\n<p>&#8220;Carlos Paz tiene sin lugar a dudas grande m\u00fasicos y gente profesional para llevar a cabo estas producciones y eso nos sirve tambi\u00e9n &nbsp;para mostrar &nbsp;nuestros paisajes tan bellos y reconocidos&#8221;, dijo adem\u00e1s.<\/p>\n<p><strong>Para este trabajo se reunieron dos productoras de la villa: JAPA Produciones y Pamba Producciones. Participaron tambi\u00e9n Pablo Cuevas en bater\u00eda, Gerardo D\u00edaz en bajo, Sergio Quintero, Andr\u00e9s Cabanillas y Hern\u00e1n Miranda en voces. La filmaci\u00f3n estuvo a cargo de Franco y Gustavo Altavista y fue grabado en el barrio La Cuesta de Villa Carlos Paz.<\/strong><\/p>\n<p>&#8220;Hace dos a\u00f1os vengo trabajando en mis propias canciones, algo que me lo deb\u00eda desde hace muchos a\u00f1os pero que l\u00f3gicamente por la vor\u00e1gine y exigencia de <strong>mi trabajo con Qv4 lo relego a un lejano segundo plano <\/strong>. Hoy me encuentra trabajando a full para poder llegar pronto a un material para compartir y por que no llevar a los escenarios&#8221;, coment\u00f3.<\/p>\n","protected":false},"excerpt":{"rendered":"<p>Tucumano de nacimiento, pero carlospacense por adopci\u00f3n, Agust\u00edn Perez Albert o Agus de Qv4 como se lo reconoce en el ambiente art\u00edstico, fue elegido finalista de un Concurso Nacional por el Bicentenario de Mart\u00edn Miguel de G\u00fcemes, con una canci\u00f3n que se llama: \u201cHijos de esta tierra salte\u00f1os\u201d y que relata un momento de la [&hellip;]<\/p>\n","protected":false},"author":1,"featured_media":8663,"comment_status":"open","ping_status":"closed","sticky":false,"template":"","format":"standard","meta":[],"categories":[19],"tags":[],"_links":{"self":[{"href":"http:\/\/cordobadirecto.com\/index.php\/wp-json\/wp\/v2\/posts\/8662"}],"collection":[{"href":"http:\/\/cordobadirecto.com\/index.php\/wp-json\/wp\/v2\/posts"}],"about":[{"href":"http:\/\/cordobadirecto.com\/index.php\/wp-json\/wp\/v2\/types\/post"}],"author":[{"embeddable":true,"href":"http:\/\/cordobadirecto.com\/index.php\/wp-json\/wp\/v2\/users\/1"}],"replies":[{"embeddable":true,"href":"http:\/\/cordobadirecto.com\/index.php\/wp-json\/wp\/v2\/comments?post=8662"}],"version-history":[{"count":0,"href":"http:\/\/cordobadirecto.com\/index.php\/wp-json\/wp\/v2\/posts\/8662\/revisions"}],"wp:featuredmedia":[{"embeddable":true,"href":"http:\/\/cordobadirecto.com\/index.php\/wp-json\/wp\/v2\/media\/8663"}],"wp:attachment":[{"href":"http:\/\/cordobadirecto.com\/index.php\/wp-json\/wp\/v2\/media?parent=8662"}],"wp:term":[{"taxonomy":"category","embeddable":true,"href":"http:\/\/cordobadirecto.com\/index.php\/wp-json\/wp\/v2\/categories?post=8662"},{"taxonomy":"post_tag","embeddable":true,"href":"http:\/\/cordobadirecto.com\/index.php\/wp-json\/wp\/v2\/tags?post=8662"}],"curies":[{"name":"wp","href":"https:\/\/api.w.org\/{rel}","templated":true}]}}