{"id":8666,"date":"2021-06-20T18:20:00","date_gmt":"2021-06-20T18:20:00","guid":{"rendered":"https:\/\/lmdiario.com.ar\/contenido\/294271\/a-los-61-anos-fallecio-el-reconocido-escritor-juan-forn"},"modified":"2021-06-20T18:20:00","modified_gmt":"2021-06-20T18:20:00","slug":"a-los-61-anos-fallecio-el-reconocido-escritor-juan-forn","status":"publish","type":"post","link":"http:\/\/cordobadirecto.com\/index.php\/2021\/06\/20\/a-los-61-anos-fallecio-el-reconocido-escritor-juan-forn\/","title":{"rendered":"A los 61 a\u00f1os, falleci\u00f3 el reconocido escritor Juan Forn"},"content":{"rendered":"<div readability=\"33\"> <img alt=\"Juan Forn T\u00e9lam\" class=\"img-responsive\" height=\"565\" loading=\"lazy\" sizes=\"auto\" src=\"http:\/\/cordobadirecto.com\/wp-content\/uploads\/2021\/06\/a-los-61-anos-fallecio-el-reconocido-escritor-juan-forn.jpg\" srcset=\"http:\/\/cordobadirecto.com\/wp-content\/uploads\/2021\/06\/a-los-61-anos-fallecio-el-reconocido-escritor-juan-forn.jpg 1004w, http:\/\/cordobadirecto.com\/wp-content\/uploads\/2021\/06\/a-los-61-anos-fallecio-el-reconocido-escritor-juan-forn-1.jpg 400w\" width=\"1004\"> <\/p>\n<p> <span>El fundador del Suplemento Radar y columnista de P\u00e1gina\/12 muri\u00f3 a causa de un infarto cuando se encontraba en Mar de las Pampas. Foto: T\u00e9lam.<\/span> <\/p>\n<\/p><\/div>\n<div readability=\"42.327023498695\">\n<p><strong>A los 61 a\u00f1os, falleci\u00f3 el destacado escritor Juan Forn<\/strong>. El fundador del Suplemento Radar y columnista de P\u00e1gina\/12 muri\u00f3 a causa de un infarto cuando se encontraba en Mar de las Pampas.<\/p>\n<p>Forn, que estaba radicado desde hace unos a\u00f1os en Villa Gessell, public\u00f3 su primer libro, &#8220;Corazones cautivos&#8221;, a los 28 a\u00f1os. Luego le siguieron las novelas &#8220;Frivolidad&#8221; (1995), &#8220;Puras mentiras&#8221; (2001) y el libro de cr\u00f3nicas &#8220;La tierra elegida&#8221; (2005). Su nombre empez\u00f3 a sonar con el libro de cuentos &#8220;Nadar de noche&#8221; (1991), con el que empez\u00f3 a ser considerado una revelaci\u00f3n literaria junto a otros autores como Rodrigo Fres\u00e1n.<\/p>\n<\/p><\/div>\n","protected":false},"excerpt":{"rendered":"<p>El fundador del Suplemento Radar y columnista de P\u00e1gina\/12 muri\u00f3 a causa de un infarto cuando se encontraba en Mar de las Pampas. Foto: T\u00e9lam. A los 61 a\u00f1os, falleci\u00f3 el destacado escritor Juan Forn. El fundador del Suplemento Radar y columnista de P\u00e1gina\/12 muri\u00f3 a causa de un infarto cuando se encontraba en Mar [&hellip;]<\/p>\n","protected":false},"author":1,"featured_media":8667,"comment_status":"closed","ping_status":"closed","sticky":false,"template":"","format":"standard","meta":[],"categories":[20],"tags":[],"_links":{"self":[{"href":"http:\/\/cordobadirecto.com\/index.php\/wp-json\/wp\/v2\/posts\/8666"}],"collection":[{"href":"http:\/\/cordobadirecto.com\/index.php\/wp-json\/wp\/v2\/posts"}],"about":[{"href":"http:\/\/cordobadirecto.com\/index.php\/wp-json\/wp\/v2\/types\/post"}],"author":[{"embeddable":true,"href":"http:\/\/cordobadirecto.com\/index.php\/wp-json\/wp\/v2\/users\/1"}],"replies":[{"embeddable":true,"href":"http:\/\/cordobadirecto.com\/index.php\/wp-json\/wp\/v2\/comments?post=8666"}],"version-history":[{"count":0,"href":"http:\/\/cordobadirecto.com\/index.php\/wp-json\/wp\/v2\/posts\/8666\/revisions"}],"wp:featuredmedia":[{"embeddable":true,"href":"http:\/\/cordobadirecto.com\/index.php\/wp-json\/wp\/v2\/media\/8667"}],"wp:attachment":[{"href":"http:\/\/cordobadirecto.com\/index.php\/wp-json\/wp\/v2\/media?parent=8666"}],"wp:term":[{"taxonomy":"category","embeddable":true,"href":"http:\/\/cordobadirecto.com\/index.php\/wp-json\/wp\/v2\/categories?post=8666"},{"taxonomy":"post_tag","embeddable":true,"href":"http:\/\/cordobadirecto.com\/index.php\/wp-json\/wp\/v2\/tags?post=8666"}],"curies":[{"name":"wp","href":"https:\/\/api.w.org\/{rel}","templated":true}]}}